{"id":7208,"date":"2025-05-21T18:06:59","date_gmt":"2025-05-21T17:06:59","guid":{"rendered":"https:\/\/blogsaverroes.juntadeandalucia.es\/eeifranciscosorianoserrano\/?p=7208"},"modified":"2025-05-21T18:06:59","modified_gmt":"2025-05-21T17:06:59","slug":"dia-del-agua-2","status":"publish","type":"post","link":"https:\/\/blogsaverroes.juntadeandalucia.es\/eeifranciscosorianoserrano\/dia-del-agua-2\/","title":{"rendered":"D\u00cdA DEL AGUA"},"content":{"rendered":"<h1 style=\"text-align: center\"><span style=\"color: #0000ff\">\u00abEL CICLO SIN FIN\u00bb<\/span><\/h1>\n<h2 style=\"text-align: center\" data-start=\"161\" data-end=\"212\"><span style=\"color: #ff0000\"><strong data-start=\"161\" data-end=\"212\">\u00bfPor qu\u00e9 celebramos el D\u00eda del Agua en el cole?<\/strong><\/span><\/h2>\n<h4 style=\"text-align: justify\" data-start=\"214\" data-end=\"850\">&nbsp; &nbsp; &nbsp;Celebrar el<span style=\"color: #ff0000\"> D\u00eda del Agua<\/span> en el colegio es una oportunidad maravillosa para que los ni\u00f1os y ni\u00f1as aprendan, desde peque\u00f1os, <span style=\"color: #ff0000\">lo valiosa que es el agua para la vida<\/span>. A trav\u00e9s de actividades l\u00fadicas y educativas, los peques comienzan a tomar conciencia de que <span style=\"color: #ff0000\">el agua no es un recurso infinito y que todos tenemos la responsabilidad de cuidarla<\/span>. Adem\u00e1s, este tipo de celebraciones <span style=\"color: #ff0000\">fomenta valores como el respeto por el medio ambiente, la empat\u00eda hacia otras personas que no tienen acceso al agua potable y el compromiso con un planeta m\u00e1s sostenible.<\/span> Desde la escuela, sembramos las primeras semillas del cuidado y la conciencia ecol\u00f3gica.<\/h4>\n<h1 data-start=\"214\" data-end=\"850\"><span style=\"color: #3366ff\">ACTIVIDADES<\/span> <img loading=\"lazy\" decoding=\"async\" class=\"aligncenter size-full wp-image-7206\" src=\"https:\/\/blogsaverroes.juntadeandalucia.es\/eeifranciscosorianoserrano\/files\/2025\/05\/IMG-20250319-WA0021.jpg\" alt=\"\" width=\"1447\" height=\"2048\" srcset=\"https:\/\/blogsaverroes.juntadeandalucia.es\/eeifranciscosorianoserrano\/files\/2025\/05\/IMG-20250319-WA0021.jpg 1130w, https:\/\/blogsaverroes.juntadeandalucia.es\/eeifranciscosorianoserrano\/files\/2025\/05\/IMG-20250319-WA0021-212x300.jpg 212w, https:\/\/blogsaverroes.juntadeandalucia.es\/eeifranciscosorianoserrano\/files\/2025\/05\/IMG-20250319-WA0021-724x1024.jpg 724w, https:\/\/blogsaverroes.juntadeandalucia.es\/eeifranciscosorianoserrano\/files\/2025\/05\/IMG-20250319-WA0021-768x1087.jpg 768w, https:\/\/blogsaverroes.juntadeandalucia.es\/eeifranciscosorianoserrano\/files\/2025\/05\/IMG-20250319-WA0021-1085x1536.jpg 1085w\" sizes=\"(max-width: 1447px) 100vw, 1447px\" \/><\/h1>\n<h1 data-start=\"214\" data-end=\"850\"><span style=\"color: #0000ff\">GALER\u00cdA DE FOTOS<\/span> <img loading=\"lazy\" decoding=\"async\" class=\"aligncenter size-full wp-image-7205\" src=\"https:\/\/blogsaverroes.juntadeandalucia.es\/eeifranciscosorianoserrano\/files\/2025\/05\/IMG-20250321-WA0025.jpg\" alt=\"\" width=\"2016\" height=\"1512\" srcset=\"https:\/\/blogsaverroes.juntadeandalucia.es\/eeifranciscosorianoserrano\/files\/2025\/05\/IMG-20250321-WA0025.jpg 1600w, https:\/\/blogsaverroes.juntadeandalucia.es\/eeifranciscosorianoserrano\/files\/2025\/05\/IMG-20250321-WA0025-300x225.jpg 300w, https:\/\/blogsaverroes.juntadeandalucia.es\/eeifranciscosorianoserrano\/files\/2025\/05\/IMG-20250321-WA0025-1024x768.jpg 1024w, https:\/\/blogsaverroes.juntadeandalucia.es\/eeifranciscosorianoserrano\/files\/2025\/05\/IMG-20250321-WA0025-768x576.jpg 768w, https:\/\/blogsaverroes.juntadeandalucia.es\/eeifranciscosorianoserrano\/files\/2025\/05\/IMG-20250321-WA0025-1536x1152.jpg 1536w\" sizes=\"(max-width: 2016px) 100vw, 2016px\" \/> <img loading=\"lazy\" decoding=\"async\" class=\"aligncenter size-full wp-image-7204\" src=\"https:\/\/blogsaverroes.juntadeandalucia.es\/eeifranciscosorianoserrano\/files\/2025\/05\/IMG-20250321-WA0024.jpg\" alt=\"\" width=\"1600\" height=\"1204\" srcset=\"https:\/\/blogsaverroes.juntadeandalucia.es\/eeifranciscosorianoserrano\/files\/2025\/05\/IMG-20250321-WA0024.jpg 1600w, https:\/\/blogsaverroes.juntadeandalucia.es\/eeifranciscosorianoserrano\/files\/2025\/05\/IMG-20250321-WA0024-300x226.jpg 300w, https:\/\/blogsaverroes.juntadeandalucia.es\/eeifranciscosorianoserrano\/files\/2025\/05\/IMG-20250321-WA0024-1024x771.jpg 1024w, https:\/\/blogsaverroes.juntadeandalucia.es\/eeifranciscosorianoserrano\/files\/2025\/05\/IMG-20250321-WA0024-768x578.jpg 768w, https:\/\/blogsaverroes.juntadeandalucia.es\/eeifranciscosorianoserrano\/files\/2025\/05\/IMG-20250321-WA0024-1536x1156.jpg 1536w\" sizes=\"(max-width: 1600px) 100vw, 1600px\" \/> <img loading=\"lazy\" decoding=\"async\" class=\"aligncenter size-full wp-image-7201\" src=\"https:\/\/blogsaverroes.juntadeandalucia.es\/eeifranciscosorianoserrano\/files\/2025\/05\/IMG-20250321-WA0021.jpg\" alt=\"\" width=\"1600\" height=\"1204\" srcset=\"https:\/\/blogsaverroes.juntadeandalucia.es\/eeifranciscosorianoserrano\/files\/2025\/05\/IMG-20250321-WA0021.jpg 1600w, https:\/\/blogsaverroes.juntadeandalucia.es\/eeifranciscosorianoserrano\/files\/2025\/05\/IMG-20250321-WA0021-300x226.jpg 300w, https:\/\/blogsaverroes.juntadeandalucia.es\/eeifranciscosorianoserrano\/files\/2025\/05\/IMG-20250321-WA0021-1024x771.jpg 1024w, https:\/\/blogsaverroes.juntadeandalucia.es\/eeifranciscosorianoserrano\/files\/2025\/05\/IMG-20250321-WA0021-768x578.jpg 768w, https:\/\/blogsaverroes.juntadeandalucia.es\/eeifranciscosorianoserrano\/files\/2025\/05\/IMG-20250321-WA0021-1536x1156.jpg 1536w\" sizes=\"(max-width: 1600px) 100vw, 1600px\" \/> <img loading=\"lazy\" decoding=\"async\" class=\"aligncenter size-full wp-image-7200\" src=\"https:\/\/blogsaverroes.juntadeandalucia.es\/eeifranciscosorianoserrano\/files\/2025\/05\/IMG-20250321-WA0018.jpg\" alt=\"\" width=\"1600\" height=\"1204\" srcset=\"https:\/\/blogsaverroes.juntadeandalucia.es\/eeifranciscosorianoserrano\/files\/2025\/05\/IMG-20250321-WA0018.jpg 1600w, https:\/\/blogsaverroes.juntadeandalucia.es\/eeifranciscosorianoserrano\/files\/2025\/05\/IMG-20250321-WA0018-300x226.jpg 300w, https:\/\/blogsaverroes.juntadeandalucia.es\/eeifranciscosorianoserrano\/files\/2025\/05\/IMG-20250321-WA0018-1024x771.jpg 1024w, https:\/\/blogsaverroes.juntadeandalucia.es\/eeifranciscosorianoserrano\/files\/2025\/05\/IMG-20250321-WA0018-768x578.jpg 768w, https:\/\/blogsaverroes.juntadeandalucia.es\/eeifranciscosorianoserrano\/files\/2025\/05\/IMG-20250321-WA0018-1536x1156.jpg 1536w\" sizes=\"(max-width: 1600px) 100vw, 1600px\" \/> <img loading=\"lazy\" decoding=\"async\" class=\"aligncenter size-full wp-image-7198\" src=\"https:\/\/blogsaverroes.juntadeandalucia.es\/eeifranciscosorianoserrano\/files\/2025\/05\/IMG-20250321-WA0015.jpg\" alt=\"\" width=\"2016\" height=\"1512\" srcset=\"https:\/\/blogsaverroes.juntadeandalucia.es\/eeifranciscosorianoserrano\/files\/2025\/05\/IMG-20250321-WA0015.jpg 1600w, https:\/\/blogsaverroes.juntadeandalucia.es\/eeifranciscosorianoserrano\/files\/2025\/05\/IMG-20250321-WA0015-300x225.jpg 300w, https:\/\/blogsaverroes.juntadeandalucia.es\/eeifranciscosorianoserrano\/files\/2025\/05\/IMG-20250321-WA0015-1024x768.jpg 1024w, https:\/\/blogsaverroes.juntadeandalucia.es\/eeifranciscosorianoserrano\/files\/2025\/05\/IMG-20250321-WA0015-768x576.jpg 768w, https:\/\/blogsaverroes.juntadeandalucia.es\/eeifranciscosorianoserrano\/files\/2025\/05\/IMG-20250321-WA0015-1536x1152.jpg 1536w\" sizes=\"(max-width: 2016px) 100vw, 2016px\" \/> <img loading=\"lazy\" decoding=\"async\" class=\"aligncenter size-full wp-image-7197\" src=\"https:\/\/blogsaverroes.juntadeandalucia.es\/eeifranciscosorianoserrano\/files\/2025\/05\/IMG-20250321-WA0010.jpg\" alt=\"\" width=\"2040\" height=\"1530\" srcset=\"https:\/\/blogsaverroes.juntadeandalucia.es\/eeifranciscosorianoserrano\/files\/2025\/05\/IMG-20250321-WA0010.jpg 1600w, https:\/\/blogsaverroes.juntadeandalucia.es\/eeifranciscosorianoserrano\/files\/2025\/05\/IMG-20250321-WA0010-300x225.jpg 300w, https:\/\/blogsaverroes.juntadeandalucia.es\/eeifranciscosorianoserrano\/files\/2025\/05\/IMG-20250321-WA0010-1024x768.jpg 1024w, https:\/\/blogsaverroes.juntadeandalucia.es\/eeifranciscosorianoserrano\/files\/2025\/05\/IMG-20250321-WA0010-768x576.jpg 768w, https:\/\/blogsaverroes.juntadeandalucia.es\/eeifranciscosorianoserrano\/files\/2025\/05\/IMG-20250321-WA0010-1536x1152.jpg 1536w\" sizes=\"(max-width: 2040px) 100vw, 2040px\" \/> <img loading=\"lazy\" decoding=\"async\" class=\"aligncenter size-full wp-image-7196\" src=\"https:\/\/blogsaverroes.juntadeandalucia.es\/eeifranciscosorianoserrano\/files\/2025\/05\/IMG-20250321-WA0007.jpg\" alt=\"\" width=\"1600\" height=\"1204\" srcset=\"https:\/\/blogsaverroes.juntadeandalucia.es\/eeifranciscosorianoserrano\/files\/2025\/05\/IMG-20250321-WA0007.jpg 1600w, https:\/\/blogsaverroes.juntadeandalucia.es\/eeifranciscosorianoserrano\/files\/2025\/05\/IMG-20250321-WA0007-300x226.jpg 300w, https:\/\/blogsaverroes.juntadeandalucia.es\/eeifranciscosorianoserrano\/files\/2025\/05\/IMG-20250321-WA0007-1024x771.jpg 1024w, https:\/\/blogsaverroes.juntadeandalucia.es\/eeifranciscosorianoserrano\/files\/2025\/05\/IMG-20250321-WA0007-768x578.jpg 768w, https:\/\/blogsaverroes.juntadeandalucia.es\/eeifranciscosorianoserrano\/files\/2025\/05\/IMG-20250321-WA0007-1536x1156.jpg 1536w\" sizes=\"(max-width: 1600px) 100vw, 1600px\" \/><\/h1>\n<h1 data-start=\"214\" data-end=\"850\"><span style=\"color: #0000ff\">VIDEO&nbsp;<\/span><\/h1>\n<p><iframe loading=\"lazy\" title=\"Cuento 100 pisos bajo el mar. Toshio Iwai. Ed.Pastel de Luna\" width=\"660\" height=\"371\" src=\"https:\/\/www.youtube.com\/embed\/6NAT7HSve5c?feature=oembed\" frameborder=\"0\" allow=\"accelerometer; autoplay; clipboard-write; encrypted-media; gyroscope; picture-in-picture; web-share\" referrerpolicy=\"strict-origin-when-cross-origin\" allowfullscreen><\/iframe><\/p>\n<form method=\"post\" id=\"cntctfrm_contact_form\" class=\"cntctfrm_contact_form cntctfrm_one_column cntctfrm_ltr cntctfrm_width_default\" action=\"\/eeifranciscosorianoserrano\/wp-json\/wp\/v2\/posts\/7208#cntctfrm_contact_form\" enctype=\"multipart\/form-data\"><div id=\"cntctfrm_first_column\" class=\"cntctfrm_column\"><div class=\"cntctfrm_field_wrap cntctfrm_field_name_wrap\"namecontact><div class=\"cntctfrm_label cntctfrm_label_name\">\n\t\t\t\t\t\t\t\t\t<label for=\"cntctfrm_contact_name\">Nombre: <span class=\"required\">*<\/span><\/label><\/div><div class=\"cntctfrm_input cntctfrm_input_name\">\n\t\t\t\t\t\t\t\t\t<input namecontact class=\"text\" type=\"text\" size=\"40\" pattern=\"^[\\p{L}\\p{M}]{3,}(\\s\\p{M}*\\p{L}+)*\" title=\"Please enter only letters at least 3 characters, words seperated by spaces\" value=\"\" name=\"cntctfrm_contact_name\" id=\"cntctfrm_contact_name\" \/><\/div><\/div><div class=\"cntctfrm_field_wrap cntctfrm_field_email_wrap\"email><div class=\"cntctfrm_label cntctfrm_label_email\">\n\t\t\t\t\t\t\t\t\t<label for=\"cntctfrm_contact_email\">Direcci\u00f3n de correo electr\u00f3nico: <span class=\"required\">*<\/span><\/label>\n\t\t\t\t\t\t\t\t<\/div><div class=\"cntctfrm_input cntctfrm_input_email\">\n\t\t\t\t\t\t\t\t\t<input email class=\"text\" type=\"email\" size=\"40\" value=\"\" name=\"cntctfrm_contact_email\" id=\"cntctfrm_contact_email\" \/><\/div><\/div><div class=\"cntctfrm_field_wrap cntctfrm_field_subject_wrap\"subject><div class=\"cntctfrm_label cntctfrm_label_subject\">\n\t\t\t\t\t\t\t\t\t<label for=\"cntctfrm_contact_subject\">Asunto: <span class=\"required\">*<\/span><\/label>\n\t\t\t\t\t\t\t\t<\/div><div class=\"cntctfrm_input cntctfrm_input_subject\">\n\t\t\t\t\t\t\t\t<input subject pattern=\"^[\\p{M}\\p{L}]{3,}(\\s\\p{M}*\\p{L}+)*\" title=\"Please enter only letters at least 3 characters, words seperated by spaces\" class=\"text\" type=\"text\" size=\"40\" value=\"\" name=\"cntctfrm_contact_subject\" id=\"cntctfrm_contact_subject\" \/><\/div><\/div><div class=\"cntctfrm_field_wrap cntctfrm_field_message_wrap\"message><div class=\"cntctfrm_label cntctfrm_label_message\">\n\t\t\t\t\t\t\t\t<label for=\"cntctfrm_contact_message\">Mensaje: <span class=\"required\">*<\/span><\/label>\n\t\t\t\t\t\t\t<\/div><div class=\"cntctfrm_input cntctfrm_input_message\">\n\t\t\t\t\t\t\t\t<textarea message rows=\"5\" cols=\"30\"name=\"cntctfrm_contact_message\" id=\"cntctfrm_contact_message\"><\/textarea><\/div><\/div><\/div><div class=\"clear\"><\/div><div class=\"cntctfrm_submit_wrap\"><div id=\"cntctfrm_submit_first_column\" class=\"cntctfrm_column\"><div class=\"cntctfrm_input cntctfrm_input_submit\"><input type=\"hidden\" value=\"send\" name=\"cntctfrm_contact_action\">\n\t\t\t\t\t\t\t<input type=\"hidden\" value=\"default\" name=\"cntctfrm_language\">\n\t\t\t\t\t\t\t<input type=\"hidden\" value=\"1\" name=\"cntctfrm_form_submited\">\n\t\t\t\t\t\t\t<input type=\"hidden\" value=\"cntctfrm_options\" name=\"cntctfrm_options_name\">\n\t\t\t\t\t\t\t<input type=\"submit\" value=\"Enviar\" class=\"cntctfrm_contact_submit\" \/>\n\t\t\t\t\t\t<\/div><\/div><div id=\"cntctfrm_submit_second_column\" class=\"cntctfrm_column\"><\/div><div class=\"clear\"><\/div>\n\t\t\t<\/div>\n\t\t\t<\/form>\n<p data-start=\"214\" data-end=\"850\">&nbsp;<\/p>\n<p data-start=\"214\" data-end=\"850\">&nbsp;<\/p>\n","protected":false},"excerpt":{"rendered":"<p>\u00abEL CICLO SIN FIN\u00bb \u00bfPor qu\u00e9 celebramos el D\u00eda del Agua en el cole? &nbsp; &nbsp; &nbsp;Celebrar el D\u00eda del Agua en el colegio es una oportunidad maravillosa para que los ni\u00f1os y ni\u00f1as aprendan, desde peque\u00f1os, lo valiosa que es el agua para la vida. A trav\u00e9s de actividades l\u00fadicas y educativas, los peques &hellip; <a href=\"https:\/\/blogsaverroes.juntadeandalucia.es\/eeifranciscosorianoserrano\/dia-del-agua-2\/\" class=\"more-link\">Sigue leyendo <span class=\"screen-reader-text\">D\u00cdA DEL AGUA<\/span><\/a><\/p>\n","protected":false},"author":11628,"featured_media":7205,"comment_status":"open","ping_status":"open","sticky":false,"template":"","format":"standard","meta":{"ngg_post_thumbnail":0,"footnotes":""},"categories":[670287],"tags":[670301],"aioseo_notices":[],"_links":{"self":[{"href":"https:\/\/blogsaverroes.juntadeandalucia.es\/eeifranciscosorianoserrano\/wp-json\/wp\/v2\/posts\/7208"}],"collection":[{"href":"https:\/\/blogsaverroes.juntadeandalucia.es\/eeifranciscosorianoserrano\/wp-json\/wp\/v2\/posts"}],"about":[{"href":"https:\/\/blogsaverroes.juntadeandalucia.es\/eeifranciscosorianoserrano\/wp-json\/wp\/v2\/types\/post"}],"author":[{"embeddable":true,"href":"https:\/\/blogsaverroes.juntadeandalucia.es\/eeifranciscosorianoserrano\/wp-json\/wp\/v2\/users\/11628"}],"replies":[{"embeddable":true,"href":"https:\/\/blogsaverroes.juntadeandalucia.es\/eeifranciscosorianoserrano\/wp-json\/wp\/v2\/comments?post=7208"}],"version-history":[{"count":2,"href":"https:\/\/blogsaverroes.juntadeandalucia.es\/eeifranciscosorianoserrano\/wp-json\/wp\/v2\/posts\/7208\/revisions"}],"predecessor-version":[{"id":7210,"href":"https:\/\/blogsaverroes.juntadeandalucia.es\/eeifranciscosorianoserrano\/wp-json\/wp\/v2\/posts\/7208\/revisions\/7210"}],"wp:featuredmedia":[{"embeddable":true,"href":"https:\/\/blogsaverroes.juntadeandalucia.es\/eeifranciscosorianoserrano\/wp-json\/wp\/v2\/media\/7205"}],"wp:attachment":[{"href":"https:\/\/blogsaverroes.juntadeandalucia.es\/eeifranciscosorianoserrano\/wp-json\/wp\/v2\/media?parent=7208"}],"wp:term":[{"taxonomy":"category","embeddable":true,"href":"https:\/\/blogsaverroes.juntadeandalucia.es\/eeifranciscosorianoserrano\/wp-json\/wp\/v2\/categories?post=7208"},{"taxonomy":"post_tag","embeddable":true,"href":"https:\/\/blogsaverroes.juntadeandalucia.es\/eeifranciscosorianoserrano\/wp-json\/wp\/v2\/tags?post=7208"}],"curies":[{"name":"wp","href":"https:\/\/api.w.org\/{rel}","templated":true}]}}