{"id":3149,"date":"2022-06-28T08:20:05","date_gmt":"2022-06-28T08:20:05","guid":{"rendered":"https:\/\/blogsaverroes.juntadeandalucia.es\/eeigloriafuertesejido\/?p=3149"},"modified":"2022-06-28T08:20:05","modified_gmt":"2022-06-28T08:20:05","slug":"fin-de-curso","status":"publish","type":"post","link":"https:\/\/blogsaverroes.juntadeandalucia.es\/eeigloriafuertesejido\/fin-de-curso\/","title":{"rendered":"Fin de curso"},"content":{"rendered":"\r\n<p>El fin de curso ya ha llegado, y con \u00e9l nuestros bailes, la graduaci\u00f3n de nuestros compis de 5 a\u00f1os y la despedida de nuestra directora. Esperamos que tod@s pas\u00e9is un buen verano y los que nos dejan para continuar en otros coles se\u00e1is muy felices.<\/p>\r\n\r\n<p><a href=\"https:\/\/blogsaverroes.juntadeandalucia.es\/eeigloriafuertesejido\/files\/2022\/06\/WhatsApp-Image-2022-06-28-at-10.05.36-AM.jpeg\"><img loading=\"lazy\" decoding=\"async\" class=\"alignnone size-medium wp-image-3163\" src=\"https:\/\/blogsaverroes.juntadeandalucia.es\/eeigloriafuertesejido\/files\/2022\/06\/WhatsApp-Image-2022-06-28-at-10.05.36-AM-300x225.jpeg\" alt=\"\" width=\"300\" height=\"225\" srcset=\"https:\/\/blogsaverroes.juntadeandalucia.es\/eeigloriafuertesejido\/files\/2022\/06\/WhatsApp-Image-2022-06-28-at-10.05.36-AM-300x225.jpeg 300w, https:\/\/blogsaverroes.juntadeandalucia.es\/eeigloriafuertesejido\/files\/2022\/06\/WhatsApp-Image-2022-06-28-at-10.05.36-AM-1024x768.jpeg 1024w, https:\/\/blogsaverroes.juntadeandalucia.es\/eeigloriafuertesejido\/files\/2022\/06\/WhatsApp-Image-2022-06-28-at-10.05.36-AM-768x576.jpeg 768w, https:\/\/blogsaverroes.juntadeandalucia.es\/eeigloriafuertesejido\/files\/2022\/06\/WhatsApp-Image-2022-06-28-at-10.05.36-AM-1536x1152.jpeg 1536w, https:\/\/blogsaverroes.juntadeandalucia.es\/eeigloriafuertesejido\/files\/2022\/06\/WhatsApp-Image-2022-06-28-at-10.05.36-AM.jpeg 1600w\" sizes=\"(max-width: 300px) 100vw, 300px\" \/><\/a> <a href=\"https:\/\/blogsaverroes.juntadeandalucia.es\/eeigloriafuertesejido\/files\/2022\/06\/WhatsApp-Image-2022-06-22-at-1.38.50-PM.jpeg\"><img loading=\"lazy\" decoding=\"async\" class=\"alignnone size-medium wp-image-3164\" src=\"https:\/\/blogsaverroes.juntadeandalucia.es\/eeigloriafuertesejido\/files\/2022\/06\/WhatsApp-Image-2022-06-22-at-1.38.50-PM-300x134.jpeg\" alt=\"\" width=\"300\" height=\"134\" srcset=\"https:\/\/blogsaverroes.juntadeandalucia.es\/eeigloriafuertesejido\/files\/2022\/06\/WhatsApp-Image-2022-06-22-at-1.38.50-PM-300x134.jpeg 300w, https:\/\/blogsaverroes.juntadeandalucia.es\/eeigloriafuertesejido\/files\/2022\/06\/WhatsApp-Image-2022-06-22-at-1.38.50-PM-1024x459.jpeg 1024w, https:\/\/blogsaverroes.juntadeandalucia.es\/eeigloriafuertesejido\/files\/2022\/06\/WhatsApp-Image-2022-06-22-at-1.38.50-PM-768x344.jpeg 768w, https:\/\/blogsaverroes.juntadeandalucia.es\/eeigloriafuertesejido\/files\/2022\/06\/WhatsApp-Image-2022-06-22-at-1.38.50-PM-1536x688.jpeg 1536w, https:\/\/blogsaverroes.juntadeandalucia.es\/eeigloriafuertesejido\/files\/2022\/06\/WhatsApp-Image-2022-06-22-at-1.38.50-PM.jpeg 1600w\" sizes=\"(max-width: 300px) 100vw, 300px\" \/><\/a> <a href=\"https:\/\/blogsaverroes.juntadeandalucia.es\/eeigloriafuertesejido\/files\/2022\/06\/WhatsApp-Image-2022-06-22-at-1.38.51-PM.jpeg\"><img loading=\"lazy\" decoding=\"async\" class=\"alignnone size-medium wp-image-3165\" src=\"https:\/\/blogsaverroes.juntadeandalucia.es\/eeigloriafuertesejido\/files\/2022\/06\/WhatsApp-Image-2022-06-22-at-1.38.51-PM-300x169.jpeg\" alt=\"\" width=\"300\" height=\"169\" srcset=\"https:\/\/blogsaverroes.juntadeandalucia.es\/eeigloriafuertesejido\/files\/2022\/06\/WhatsApp-Image-2022-06-22-at-1.38.51-PM-300x169.jpeg 300w, https:\/\/blogsaverroes.juntadeandalucia.es\/eeigloriafuertesejido\/files\/2022\/06\/WhatsApp-Image-2022-06-22-at-1.38.51-PM-1024x576.jpeg 1024w, https:\/\/blogsaverroes.juntadeandalucia.es\/eeigloriafuertesejido\/files\/2022\/06\/WhatsApp-Image-2022-06-22-at-1.38.51-PM-768x432.jpeg 768w, https:\/\/blogsaverroes.juntadeandalucia.es\/eeigloriafuertesejido\/files\/2022\/06\/WhatsApp-Image-2022-06-22-at-1.38.51-PM-1536x864.jpeg 1536w, https:\/\/blogsaverroes.juntadeandalucia.es\/eeigloriafuertesejido\/files\/2022\/06\/WhatsApp-Image-2022-06-22-at-1.38.51-PM.jpeg 1600w\" sizes=\"(max-width: 300px) 100vw, 300px\" \/><\/a><\/p>","protected":false},"excerpt":{"rendered":"<p>El fin de curso ya ha llegado, y con \u00e9l nuestros bailes, la graduaci\u00f3n de nuestros compis de 5 a\u00f1os y la despedida de nuestra&hellip;<\/p>\n","protected":false},"author":11179,"featured_media":0,"comment_status":"open","ping_status":"open","sticky":false,"template":"","format":"standard","meta":{"ngg_post_thumbnail":0,"footnotes":""},"categories":[11909],"tags":[],"aioseo_notices":[],"_links":{"self":[{"href":"https:\/\/blogsaverroes.juntadeandalucia.es\/eeigloriafuertesejido\/wp-json\/wp\/v2\/posts\/3149"}],"collection":[{"href":"https:\/\/blogsaverroes.juntadeandalucia.es\/eeigloriafuertesejido\/wp-json\/wp\/v2\/posts"}],"about":[{"href":"https:\/\/blogsaverroes.juntadeandalucia.es\/eeigloriafuertesejido\/wp-json\/wp\/v2\/types\/post"}],"author":[{"embeddable":true,"href":"https:\/\/blogsaverroes.juntadeandalucia.es\/eeigloriafuertesejido\/wp-json\/wp\/v2\/users\/11179"}],"replies":[{"embeddable":true,"href":"https:\/\/blogsaverroes.juntadeandalucia.es\/eeigloriafuertesejido\/wp-json\/wp\/v2\/comments?post=3149"}],"version-history":[{"count":4,"href":"https:\/\/blogsaverroes.juntadeandalucia.es\/eeigloriafuertesejido\/wp-json\/wp\/v2\/posts\/3149\/revisions"}],"predecessor-version":[{"id":3166,"href":"https:\/\/blogsaverroes.juntadeandalucia.es\/eeigloriafuertesejido\/wp-json\/wp\/v2\/posts\/3149\/revisions\/3166"}],"wp:attachment":[{"href":"https:\/\/blogsaverroes.juntadeandalucia.es\/eeigloriafuertesejido\/wp-json\/wp\/v2\/media?parent=3149"}],"wp:term":[{"taxonomy":"category","embeddable":true,"href":"https:\/\/blogsaverroes.juntadeandalucia.es\/eeigloriafuertesejido\/wp-json\/wp\/v2\/categories?post=3149"},{"taxonomy":"post_tag","embeddable":true,"href":"https:\/\/blogsaverroes.juntadeandalucia.es\/eeigloriafuertesejido\/wp-json\/wp\/v2\/tags?post=3149"}],"curies":[{"name":"wp","href":"https:\/\/api.w.org\/{rel}","templated":true}]}}