{"id":4755,"date":"2024-03-22T12:04:01","date_gmt":"2024-03-22T12:04:01","guid":{"rendered":"https:\/\/blogsaverroes.juntadeandalucia.es\/eeigloriafuertesejido\/?p=4755"},"modified":"2024-06-21T11:02:55","modified_gmt":"2024-06-21T11:02:55","slug":"21marzo","status":"publish","type":"post","link":"https:\/\/blogsaverroes.juntadeandalucia.es\/eeigloriafuertesejido\/21marzo\/","title":{"rendered":"Concienciaci\u00f3n Sindrome Down y TEA"},"content":{"rendered":"<p style=\"text-align: center\"><span class=\"ILfuVd\" lang=\"es\"><span class=\"hgKElc\"><b>El 21 de&nbsp; marzo es el d\u00eda mundial del S\u00edndorme Down, para concienciar a nuestro alumnado nos hemos unido un a\u00f1o m\u00e1s al movimiento Rock Your Socks! <\/b><\/span><\/span><\/p>\n<p style=\"text-align: center\"><a href=\"https:\/\/blogsaverroes.juntadeandalucia.es\/eeigloriafuertesejido\/files\/2024\/03\/PHOTO-2024-03-22-12-42-22.jpg\"><img loading=\"lazy\" decoding=\"async\" class=\"alignnone size-full wp-image-4757\" src=\"https:\/\/blogsaverroes.juntadeandalucia.es\/eeigloriafuertesejido\/files\/2024\/03\/PHOTO-2024-03-22-12-42-22.jpg\" alt=\"\" width=\"1600\" height=\"1600\" srcset=\"https:\/\/blogsaverroes.juntadeandalucia.es\/eeigloriafuertesejido\/files\/2024\/03\/PHOTO-2024-03-22-12-42-22.jpg 1600w, https:\/\/blogsaverroes.juntadeandalucia.es\/eeigloriafuertesejido\/files\/2024\/03\/PHOTO-2024-03-22-12-42-22-300x300.jpg 300w, https:\/\/blogsaverroes.juntadeandalucia.es\/eeigloriafuertesejido\/files\/2024\/03\/PHOTO-2024-03-22-12-42-22-1024x1024.jpg 1024w, https:\/\/blogsaverroes.juntadeandalucia.es\/eeigloriafuertesejido\/files\/2024\/03\/PHOTO-2024-03-22-12-42-22-150x150.jpg 150w, https:\/\/blogsaverroes.juntadeandalucia.es\/eeigloriafuertesejido\/files\/2024\/03\/PHOTO-2024-03-22-12-42-22-768x768.jpg 768w, https:\/\/blogsaverroes.juntadeandalucia.es\/eeigloriafuertesejido\/files\/2024\/03\/PHOTO-2024-03-22-12-42-22-1536x1536.jpg 1536w, https:\/\/blogsaverroes.juntadeandalucia.es\/eeigloriafuertesejido\/files\/2024\/03\/PHOTO-2024-03-22-12-42-22-2048x2048.jpg 2048w\" sizes=\"(max-width: 1600px) 100vw, 1600px\" \/><\/a>\u00a1Nuestro cole es diverso, colorido y diferente!<\/p>\n<p style=\"text-align: center\">Hicimos un mural llego de calcetines de colores pero dejamos un trocito de nuestro coraz\u00f3n para seguir trabajando la diversidad de nuestro cole<\/p>\n<p><a href=\"https:\/\/blogsaverroes.juntadeandalucia.es\/eeigloriafuertesejido\/files\/2024\/03\/IMG_0687-1-scaled.jpg\"><img loading=\"lazy\" decoding=\"async\" class=\"alignnone size-full wp-image-4803\" src=\"https:\/\/blogsaverroes.juntadeandalucia.es\/eeigloriafuertesejido\/files\/2024\/03\/IMG_0687-1-scaled.jpg\" alt=\"\" width=\"1600\" height=\"758\" srcset=\"https:\/\/blogsaverroes.juntadeandalucia.es\/eeigloriafuertesejido\/files\/2024\/03\/IMG_0687-1-scaled.jpg 1600w, https:\/\/blogsaverroes.juntadeandalucia.es\/eeigloriafuertesejido\/files\/2024\/03\/IMG_0687-1-300x142.jpg 300w, https:\/\/blogsaverroes.juntadeandalucia.es\/eeigloriafuertesejido\/files\/2024\/03\/IMG_0687-1-1024x485.jpg 1024w, https:\/\/blogsaverroes.juntadeandalucia.es\/eeigloriafuertesejido\/files\/2024\/03\/IMG_0687-1-768x364.jpg 768w, https:\/\/blogsaverroes.juntadeandalucia.es\/eeigloriafuertesejido\/files\/2024\/03\/IMG_0687-1-1536x728.jpg 1536w, https:\/\/blogsaverroes.juntadeandalucia.es\/eeigloriafuertesejido\/files\/2024\/03\/IMG_0687-1-2048x970.jpg 2048w\" sizes=\"(max-width: 1600px) 100vw, 1600px\" \/><\/a><\/p>\n<p style=\"text-align: center\">El 2 de Abril celebramos el d\u00eda Mundial del Autismo y llenamos nuestro coraz\u00f3n &#8230;\u00a1de infinitos de colores!<\/p>\n<p style=\"text-align: center\">Este infinito con toda la gama de colores del arco iris muestra esa gran diversidad y singularidad que hay dentro del espectro autista&#8230; \u00a1y la diversidad de nuestro cole!<\/p>\n<p style=\"text-align: center\">Comenzamos la ma\u00f1ana explicando esa rica diversidad que hay en nuestras aulas, que todos somos diferentes. Para una mejor comprensi\u00f3n cada uno cre\u00f3 su propia flor con distintos materiales y texturas para crear nuestro jard\u00edn lleno de diversidad y colorido.<\/p>\nngg_shortcode_0_placeholder\n<p style=\"text-align: center\">En el siguiente <a href=\"https:\/\/www.canva.com\/design\/DAF_-W6V1tc\/WzbPr6mFuI_tBt9smAYrIQ\/edit\">enlace<\/a> podemos conocer un poco m\u00e1s a los ni\u00f1os y ni\u00f1as con TEA<\/p>\n<p style=\"text-align: center\">y seguir los pasos para crear en casa tu propio jard\u00edn del TEA<\/p>\n<p>&nbsp;<\/p>\n<p style=\"text-align: right\">Estas actividades han sido realizadas gracias al programa de M\u00e1s Equidad, ofrecido por la Junta de Andaluc\u00eda<\/p>\n<p style=\"text-align: right\"><a href=\"https:\/\/blogsaverroes.juntadeandalucia.es\/eeigloriafuertesejido\/files\/2024\/03\/mas-equidadd.png\"><img loading=\"lazy\" decoding=\"async\" class=\"alignnone size-full wp-image-4805\" src=\"https:\/\/blogsaverroes.juntadeandalucia.es\/eeigloriafuertesejido\/files\/2024\/03\/mas-equidadd.png\" alt=\"\" width=\"428\" height=\"73\" srcset=\"https:\/\/blogsaverroes.juntadeandalucia.es\/eeigloriafuertesejido\/files\/2024\/03\/mas-equidadd.png 428w, https:\/\/blogsaverroes.juntadeandalucia.es\/eeigloriafuertesejido\/files\/2024\/03\/mas-equidadd-300x51.png 300w\" sizes=\"(max-width: 428px) 100vw, 428px\" \/><\/a><\/p>\n","protected":false},"excerpt":{"rendered":"<p>El 21 de&nbsp; marzo es el d\u00eda mundial del S\u00edndorme Down, para concienciar a nuestro alumnado nos hemos unido un a\u00f1o m\u00e1s al movimiento Rock&hellip;<\/p>\n","protected":false},"author":11179,"featured_media":4756,"comment_status":"open","ping_status":"open","sticky":false,"template":"","format":"standard","meta":{"ngg_post_thumbnail":0,"footnotes":""},"categories":[11909],"tags":[2351667,2351668,2351677],"aioseo_notices":[],"_links":{"self":[{"href":"https:\/\/blogsaverroes.juntadeandalucia.es\/eeigloriafuertesejido\/wp-json\/wp\/v2\/posts\/4755"}],"collection":[{"href":"https:\/\/blogsaverroes.juntadeandalucia.es\/eeigloriafuertesejido\/wp-json\/wp\/v2\/posts"}],"about":[{"href":"https:\/\/blogsaverroes.juntadeandalucia.es\/eeigloriafuertesejido\/wp-json\/wp\/v2\/types\/post"}],"author":[{"embeddable":true,"href":"https:\/\/blogsaverroes.juntadeandalucia.es\/eeigloriafuertesejido\/wp-json\/wp\/v2\/users\/11179"}],"replies":[{"embeddable":true,"href":"https:\/\/blogsaverroes.juntadeandalucia.es\/eeigloriafuertesejido\/wp-json\/wp\/v2\/comments?post=4755"}],"version-history":[{"count":6,"href":"https:\/\/blogsaverroes.juntadeandalucia.es\/eeigloriafuertesejido\/wp-json\/wp\/v2\/posts\/4755\/revisions"}],"predecessor-version":[{"id":4816,"href":"https:\/\/blogsaverroes.juntadeandalucia.es\/eeigloriafuertesejido\/wp-json\/wp\/v2\/posts\/4755\/revisions\/4816"}],"wp:featuredmedia":[{"embeddable":true,"href":"https:\/\/blogsaverroes.juntadeandalucia.es\/eeigloriafuertesejido\/wp-json\/wp\/v2\/media\/4756"}],"wp:attachment":[{"href":"https:\/\/blogsaverroes.juntadeandalucia.es\/eeigloriafuertesejido\/wp-json\/wp\/v2\/media?parent=4755"}],"wp:term":[{"taxonomy":"category","embeddable":true,"href":"https:\/\/blogsaverroes.juntadeandalucia.es\/eeigloriafuertesejido\/wp-json\/wp\/v2\/categories?post=4755"},{"taxonomy":"post_tag","embeddable":true,"href":"https:\/\/blogsaverroes.juntadeandalucia.es\/eeigloriafuertesejido\/wp-json\/wp\/v2\/tags?post=4755"}],"curies":[{"name":"wp","href":"https:\/\/api.w.org\/{rel}","templated":true}]}}