{"id":4924,"date":"2024-04-29T19:23:53","date_gmt":"2024-04-29T19:23:53","guid":{"rendered":"https:\/\/blogsaverroes.juntadeandalucia.es\/eeigloriafuertesejido\/?p=4924"},"modified":"2024-06-21T11:02:05","modified_gmt":"2024-06-21T11:02:05","slug":"cuentame-un-cuento","status":"publish","type":"post","link":"https:\/\/blogsaverroes.juntadeandalucia.es\/eeigloriafuertesejido\/cuentame-un-cuento\/","title":{"rendered":"Cu\u00e9ntame un Cuento"},"content":{"rendered":"<h3 style=\"text-align: center\">La semana pasada, con motivo del d\u00eda del libro, el 23 de abril, tuvimos la suerte de tener a nuestras familias en el cole&#8230; \u00a1Cont\u00e1ndonos un cuento!<\/h3>\n<h3 style=\"text-align: center\"><a href=\"https:\/\/blogsaverroes.juntadeandalucia.es\/eeigloriafuertesejido\/files\/2024\/04\/e7047835-5bf1-4a4c-9d82-110c0ae57144.jpeg\"><img loading=\"lazy\" decoding=\"async\" class=\"size-full wp-image-4925 aligncenter\" src=\"https:\/\/blogsaverroes.juntadeandalucia.es\/eeigloriafuertesejido\/files\/2024\/04\/e7047835-5bf1-4a4c-9d82-110c0ae57144.jpeg\" alt=\"\" width=\"1600\" height=\"1600\" srcset=\"https:\/\/blogsaverroes.juntadeandalucia.es\/eeigloriafuertesejido\/files\/2024\/04\/e7047835-5bf1-4a4c-9d82-110c0ae57144.jpeg 1600w, https:\/\/blogsaverroes.juntadeandalucia.es\/eeigloriafuertesejido\/files\/2024\/04\/e7047835-5bf1-4a4c-9d82-110c0ae57144-300x300.jpeg 300w, https:\/\/blogsaverroes.juntadeandalucia.es\/eeigloriafuertesejido\/files\/2024\/04\/e7047835-5bf1-4a4c-9d82-110c0ae57144-1024x1024.jpeg 1024w, https:\/\/blogsaverroes.juntadeandalucia.es\/eeigloriafuertesejido\/files\/2024\/04\/e7047835-5bf1-4a4c-9d82-110c0ae57144-150x150.jpeg 150w, https:\/\/blogsaverroes.juntadeandalucia.es\/eeigloriafuertesejido\/files\/2024\/04\/e7047835-5bf1-4a4c-9d82-110c0ae57144-768x768.jpeg 768w, https:\/\/blogsaverroes.juntadeandalucia.es\/eeigloriafuertesejido\/files\/2024\/04\/e7047835-5bf1-4a4c-9d82-110c0ae57144-1536x1536.jpeg 1536w\" sizes=\"(max-width: 1600px) 100vw, 1600px\" \/><\/a><\/h3>\n<p>Nuestro d\u00eda del libro se convirti\u00f3 en una semana de animaci\u00f3n a la lectura para transmitir a nuestras ni\u00f1as y ni\u00f1os mucho amor, cari\u00f1o y diversi\u00f3n por la lectura. Gracias a nuestras familias lo pasamos genial y disfrutamos much\u00edsimo con cada historia.<\/p>\nngg_shortcode_0_placeholder\n<p style=\"text-align: right\"><a href=\"https:\/\/blogsaverroes.juntadeandalucia.es\/eeigloriafuertesejido\/files\/2023\/11\/pacto-de-estado.jpg\"><img loading=\"lazy\" decoding=\"async\" class=\" wp-image-4194 alignright\" src=\"https:\/\/blogsaverroes.juntadeandalucia.es\/eeigloriafuertesejido\/files\/2023\/11\/pacto-de-estado.jpg\" alt=\"\" width=\"78\" height=\"62\"><\/a><\/p>\n","protected":false},"excerpt":{"rendered":"<p>La semana pasada, con motivo del d\u00eda del libro, el 23 de abril, tuvimos la suerte de tener a nuestras familias en el cole&#8230; \u00a1Cont\u00e1ndonos&hellip;<\/p>\n","protected":false},"author":11179,"featured_media":4926,"comment_status":"open","ping_status":"open","sticky":false,"template":"","format":"standard","meta":{"ngg_post_thumbnail":0,"footnotes":""},"categories":[11909],"tags":[2351651,2351658,2351654,2351671,2351682],"aioseo_notices":[],"_links":{"self":[{"href":"https:\/\/blogsaverroes.juntadeandalucia.es\/eeigloriafuertesejido\/wp-json\/wp\/v2\/posts\/4924"}],"collection":[{"href":"https:\/\/blogsaverroes.juntadeandalucia.es\/eeigloriafuertesejido\/wp-json\/wp\/v2\/posts"}],"about":[{"href":"https:\/\/blogsaverroes.juntadeandalucia.es\/eeigloriafuertesejido\/wp-json\/wp\/v2\/types\/post"}],"author":[{"embeddable":true,"href":"https:\/\/blogsaverroes.juntadeandalucia.es\/eeigloriafuertesejido\/wp-json\/wp\/v2\/users\/11179"}],"replies":[{"embeddable":true,"href":"https:\/\/blogsaverroes.juntadeandalucia.es\/eeigloriafuertesejido\/wp-json\/wp\/v2\/comments?post=4924"}],"version-history":[{"count":3,"href":"https:\/\/blogsaverroes.juntadeandalucia.es\/eeigloriafuertesejido\/wp-json\/wp\/v2\/posts\/4924\/revisions"}],"predecessor-version":[{"id":5302,"href":"https:\/\/blogsaverroes.juntadeandalucia.es\/eeigloriafuertesejido\/wp-json\/wp\/v2\/posts\/4924\/revisions\/5302"}],"wp:featuredmedia":[{"embeddable":true,"href":"https:\/\/blogsaverroes.juntadeandalucia.es\/eeigloriafuertesejido\/wp-json\/wp\/v2\/media\/4926"}],"wp:attachment":[{"href":"https:\/\/blogsaverroes.juntadeandalucia.es\/eeigloriafuertesejido\/wp-json\/wp\/v2\/media?parent=4924"}],"wp:term":[{"taxonomy":"category","embeddable":true,"href":"https:\/\/blogsaverroes.juntadeandalucia.es\/eeigloriafuertesejido\/wp-json\/wp\/v2\/categories?post=4924"},{"taxonomy":"post_tag","embeddable":true,"href":"https:\/\/blogsaverroes.juntadeandalucia.es\/eeigloriafuertesejido\/wp-json\/wp\/v2\/tags?post=4924"}],"curies":[{"name":"wp","href":"https:\/\/api.w.org\/{rel}","templated":true}]}}