{"id":5783,"date":"2025-04-23T15:18:29","date_gmt":"2025-04-23T15:18:29","guid":{"rendered":"https:\/\/blogsaverroes.juntadeandalucia.es\/eeigloriafuertesejido\/?p=5783"},"modified":"2025-04-23T15:18:29","modified_gmt":"2025-04-23T15:18:29","slug":"taller-de-primavera","status":"publish","type":"post","link":"https:\/\/blogsaverroes.juntadeandalucia.es\/eeigloriafuertesejido\/taller-de-primavera\/","title":{"rendered":"Taller de Primavera"},"content":{"rendered":"<p>Hoy, hemos realizamos un maravilloso \u00abTaller de Primavera\u00bb con la colaboraci\u00f3n de la Asociaci\u00f3n \u00abDown Ejido\u00bb donde nos contaron unos cuentos, nos ense\u00f1aron las caracter\u00edsticas de las plantas y sus cuidados, y nos ayudaron a plantar nuestras propias plantas y semillas para tener el cole m\u00e1s bonito y poder cuidarlas.<\/p>\n<p>Despu\u00e9s de la intensa jornada, compartimos un delicioso desayuno y lo acompa\u00f1amos con un rico desayuno saludable con la leche que nos reparti\u00f3 la Junta de Andaluc\u00eda, gracias al Programa Escolar de consumo de leche y otros productos l\u00e1cteos en el que participa nuestro centro.&nbsp;<\/p>\n<p>Gracias a la Asociaci\u00f3n \u00abDown Ejido\u00bb por su colaboraci\u00f3n,\u00a1Os esperamos de nuevo con los brazos abiertos!<\/p>\nngg_shortcode_0_placeholder\n","protected":false},"excerpt":{"rendered":"<p>Hoy, hemos realizamos un maravilloso \u00abTaller de Primavera\u00bb con la colaboraci\u00f3n de la Asociaci\u00f3n \u00abDown Ejido\u00bb donde nos contaron unos cuentos, nos ense\u00f1aron las caracter\u00edsticas&hellip;<\/p>\n","protected":false},"author":11179,"featured_media":5784,"comment_status":"open","ping_status":"open","sticky":false,"template":"","format":"standard","meta":{"ngg_post_thumbnail":0,"footnotes":""},"categories":[11909],"tags":[2351684,2351677,2351670,2351663],"aioseo_notices":[],"_links":{"self":[{"href":"https:\/\/blogsaverroes.juntadeandalucia.es\/eeigloriafuertesejido\/wp-json\/wp\/v2\/posts\/5783"}],"collection":[{"href":"https:\/\/blogsaverroes.juntadeandalucia.es\/eeigloriafuertesejido\/wp-json\/wp\/v2\/posts"}],"about":[{"href":"https:\/\/blogsaverroes.juntadeandalucia.es\/eeigloriafuertesejido\/wp-json\/wp\/v2\/types\/post"}],"author":[{"embeddable":true,"href":"https:\/\/blogsaverroes.juntadeandalucia.es\/eeigloriafuertesejido\/wp-json\/wp\/v2\/users\/11179"}],"replies":[{"embeddable":true,"href":"https:\/\/blogsaverroes.juntadeandalucia.es\/eeigloriafuertesejido\/wp-json\/wp\/v2\/comments?post=5783"}],"version-history":[{"count":2,"href":"https:\/\/blogsaverroes.juntadeandalucia.es\/eeigloriafuertesejido\/wp-json\/wp\/v2\/posts\/5783\/revisions"}],"predecessor-version":[{"id":5825,"href":"https:\/\/blogsaverroes.juntadeandalucia.es\/eeigloriafuertesejido\/wp-json\/wp\/v2\/posts\/5783\/revisions\/5825"}],"wp:featuredmedia":[{"embeddable":true,"href":"https:\/\/blogsaverroes.juntadeandalucia.es\/eeigloriafuertesejido\/wp-json\/wp\/v2\/media\/5784"}],"wp:attachment":[{"href":"https:\/\/blogsaverroes.juntadeandalucia.es\/eeigloriafuertesejido\/wp-json\/wp\/v2\/media?parent=5783"}],"wp:term":[{"taxonomy":"category","embeddable":true,"href":"https:\/\/blogsaverroes.juntadeandalucia.es\/eeigloriafuertesejido\/wp-json\/wp\/v2\/categories?post=5783"},{"taxonomy":"post_tag","embeddable":true,"href":"https:\/\/blogsaverroes.juntadeandalucia.es\/eeigloriafuertesejido\/wp-json\/wp\/v2\/tags?post=5783"}],"curies":[{"name":"wp","href":"https:\/\/api.w.org\/{rel}","templated":true}]}}