{"id":1330,"date":"2021-09-06T18:00:38","date_gmt":"2021-09-06T17:00:38","guid":{"rendered":"https:\/\/blogsaverroes.juntadeandalucia.es\/eeimariadelcarmengutierrez\/?p=1330"},"modified":"2022-04-29T13:04:45","modified_gmt":"2022-04-29T12:04:45","slug":"vuelta-al-cole","status":"publish","type":"post","link":"https:\/\/blogsaverroes.juntadeandalucia.es\/eeimariadelcarmengutierrez\/vuelta-al-cole\/","title":{"rendered":"Vuelta al cole"},"content":{"rendered":"<p>[et_pb_section admin_label=&#8221;section&#8221;]<br \/>\n\t\t\t[et_pb_row admin_label=&#8221;row&#8221;]<br \/>\n\t\t\t\t[et_pb_column type=&#8221;4_4&#8243;][et_pb_text admin_label=&#8221;Text&#8221;]\u00a1Ya estamos de Vuelta!<\/p>\n<p>Esperamos que estos meses de vacaciones hayan desconectado y disfrutado con sus peque\u00f1os. Pero ya estamos de vuelta deseando de recibir a nuestro alumnado.<\/p>\n<p>El curso pasado fue un poco complicado ya que tuvimos que adaptarnos a muchas medidas nuevas marcadas por la pandemia Covid-19 que estamos viviendo. Durante este curso la mayor\u00eda de ellas seguir\u00e1n vigentes. Por ello les convocamos a una reuni\u00f3n telem\u00e1tica con sus tutoras o tutor, para recordar o conocer estas medidas y aclarar todas las dudas que tengan con respecto al funcionamiento del centro durante este curso escolar 2021-2022.<\/p>\n<p>Las reuniones se realizar\u00e1n el <strong>Martes 7 de septiembre<\/strong> en los siguientes horarios:<\/p>\n<ul>\n<li>Nivel de 3 a\u00f1os: a las 10:00 h.<\/li>\n<li>Nivel de 4 a\u00f1os: a las 11:00 h.<\/li>\n<li>Nivel de 5 a\u00f1os: a las 12:00 h.<\/li>\n<\/ul>\n<p>Sus tutoras o tutor les mandar\u00e1n el enlace para la reuni\u00f3n v\u00eda pasen o correo electr\u00f3nico para las familias de 3 a\u00f1os que a\u00fan no tengan activas la aplicaci\u00f3n.<\/p>\n<p>Les deseamos un buen comienzo de curso desde el equipo educativo.[\/et_pb_text][\/et_pb_column]<br \/>\n\t\t\t[\/et_pb_row]<br \/>\n\t\t[\/et_pb_section]<\/p>\n","protected":false},"excerpt":{"rendered":"<p>\u00a1Ya estamos de Vuelta! Esperamos que estos meses de vacaciones hayan desconectado y disfrutado con sus peque\u00f1os. Pero ya estamos de vuelta deseando de recibir a nuestro alumnado. El curso pasado fue un poco complicado ya que tuvimos que adaptarnos a muchas medidas nuevas marcadas por la pandemia Covid-19 que estamos viviendo. Durante este curso [&hellip;]<\/p>\n","protected":false},"author":12620,"featured_media":1331,"comment_status":"open","ping_status":"open","sticky":false,"template":"","format":"standard","meta":{"_et_pb_use_builder":"on","_et_pb_old_content":"\u00a1Ya estamos de Vuelta!\r\n\r\nEsperamos que estos meses de vacaciones hayan desconectado y disfrutado con sus peque\u00f1os. Pero ya estamos de vuelta deseando de recibir a nuestro alumnado.\r\n\r\nEl curso pasado fue un poco complicado ya que tuvimos que adaptarnos a muchas medidas nuevas marcadas por la pandemia Covid-19 que estamos viviendo. Durante este curso la mayor\u00eda de ellas seguir\u00e1n vigentes. Por ello les convocamos a una reuni\u00f3n telem\u00e1tica con sus tutoras o tutor, para recordar o conocer estas medidas y aclarar todas las dudas que tengan con respecto al funcionamiento del centro durante este curso escolar 2021-2022.\r\n\r\nLas reuniones se realizar\u00e1n el <strong>Martes 7 de septiembre<\/strong> en los siguientes horarios:\r\n<ul>\r\n \t<li>Nivel de 3 a\u00f1os: a las 10:00 h.<\/li>\r\n \t<li>Nivel de 4 a\u00f1os: a las 11:00 h.<\/li>\r\n \t<li>Nivel de 5 a\u00f1os: a las 12:00 h.<\/li>\r\n<\/ul>\r\nSus tutoras o tutor les mandar\u00e1n el enlace para la reuni\u00f3n v\u00eda pasen o correo electr\u00f3nico para las familias de 3 a\u00f1os que a\u00fan no tengan activas la aplicaci\u00f3n.\r\n\r\nLes deseamos un buen comienzo de curso desde el equipo educativo.","_et_gb_content_width":"","ngg_post_thumbnail":0,"footnotes":""},"categories":[9,2,3],"tags":[13],"aioseo_notices":[],"_links":{"self":[{"href":"https:\/\/blogsaverroes.juntadeandalucia.es\/eeimariadelcarmengutierrez\/wp-json\/wp\/v2\/posts\/1330"}],"collection":[{"href":"https:\/\/blogsaverroes.juntadeandalucia.es\/eeimariadelcarmengutierrez\/wp-json\/wp\/v2\/posts"}],"about":[{"href":"https:\/\/blogsaverroes.juntadeandalucia.es\/eeimariadelcarmengutierrez\/wp-json\/wp\/v2\/types\/post"}],"author":[{"embeddable":true,"href":"https:\/\/blogsaverroes.juntadeandalucia.es\/eeimariadelcarmengutierrez\/wp-json\/wp\/v2\/users\/12620"}],"replies":[{"embeddable":true,"href":"https:\/\/blogsaverroes.juntadeandalucia.es\/eeimariadelcarmengutierrez\/wp-json\/wp\/v2\/comments?post=1330"}],"version-history":[{"count":2,"href":"https:\/\/blogsaverroes.juntadeandalucia.es\/eeimariadelcarmengutierrez\/wp-json\/wp\/v2\/posts\/1330\/revisions"}],"predecessor-version":[{"id":1440,"href":"https:\/\/blogsaverroes.juntadeandalucia.es\/eeimariadelcarmengutierrez\/wp-json\/wp\/v2\/posts\/1330\/revisions\/1440"}],"wp:featuredmedia":[{"embeddable":true,"href":"https:\/\/blogsaverroes.juntadeandalucia.es\/eeimariadelcarmengutierrez\/wp-json\/wp\/v2\/media\/1331"}],"wp:attachment":[{"href":"https:\/\/blogsaverroes.juntadeandalucia.es\/eeimariadelcarmengutierrez\/wp-json\/wp\/v2\/media?parent=1330"}],"wp:term":[{"taxonomy":"category","embeddable":true,"href":"https:\/\/blogsaverroes.juntadeandalucia.es\/eeimariadelcarmengutierrez\/wp-json\/wp\/v2\/categories?post=1330"},{"taxonomy":"post_tag","embeddable":true,"href":"https:\/\/blogsaverroes.juntadeandalucia.es\/eeimariadelcarmengutierrez\/wp-json\/wp\/v2\/tags?post=1330"}],"curies":[{"name":"wp","href":"https:\/\/api.w.org\/{rel}","templated":true}]}}