{"id":966,"date":"2021-03-16T18:47:22","date_gmt":"2021-03-16T17:47:22","guid":{"rendered":"https:\/\/blogsaverroes.juntadeandalucia.es\/eeimariadelcarmengutierrez\/?p=966"},"modified":"2021-05-13T08:35:48","modified_gmt":"2021-05-13T07:35:48","slug":"conoce-nuestro-centro","status":"publish","type":"post","link":"https:\/\/blogsaverroes.juntadeandalucia.es\/eeimariadelcarmengutierrez\/conoce-nuestro-centro\/","title":{"rendered":"Conoce nuestro centro"},"content":{"rendered":"<p>[et_pb_section admin_label=&#8221;section&#8221;]<br \/>\n\t\t\t[et_pb_row admin_label=&#8221;row&#8221;]<br \/>\n\t\t\t\t[et_pb_column type=&#8221;4_4&#8243;][et_pb_text admin_label=&#8221;Text&#8221;]Teniendo en cuenta la situaci\u00f3n actual provocada por la pandemia existente, la jornada de puertas abiertas del centro durante este a\u00f1o ha quedado suspendida, debido a las medidas de protecci\u00f3n llevadas a cabo. Por ello hemos realizado esta presentaci\u00f3n recogiendo algunos de los aspectos m\u00e1s importantes del centro y del proceso de Admisi\u00f3n.&nbsp;&nbsp;<\/p>\n<p>Esperamos que les aclaren algunas dudas y les sirva para tener una visi\u00f3n general del centro y de nuestra metodolog\u00eda de trabajo.<\/p>\n<div style=\"width: 100%\">\n<div style=\"padding-bottom: 56.25%;padding-top: 0;height: 0\"><iframe loading=\"lazy\" src=\"https:\/\/view.genial.ly\/6037934bbac0580da54114f8\" width=\"1200\" height=\"675\" frameborder=\"0\" scrolling=\"yes\"><\/iframe><\/div>\n<\/div>\n<p>[\/et_pb_text][\/et_pb_column]<br \/>\n\t\t\t[\/et_pb_row]<br \/>\n\t\t[\/et_pb_section]<\/p>\n","protected":false},"excerpt":{"rendered":"<p>Teniendo en cuenta la situaci\u00f3n actual provocada por la pandemia existente, la jornada de puertas abiertas del centro durante este a\u00f1o ha quedado suspendida, debido a las medidas de protecci\u00f3n llevadas a cabo. Por ello hemos realizado esta presentaci\u00f3n recogiendo algunos de los aspectos m\u00e1s importantes del centro y del proceso de Admisi\u00f3n.&nbsp;&nbsp; Esperamos que [&hellip;]<\/p>\n","protected":false},"author":12620,"featured_media":998,"comment_status":"closed","ping_status":"open","sticky":false,"template":"","format":"standard","meta":{"_et_pb_use_builder":"on","_et_pb_old_content":"Teniendo en cuenta la situaci\u00f3n actual provocada por la pandemia existente, la jornada de puertas abiertas del centro durante este a\u00f1o ha quedado suspendida, debido a las medidas de protecci\u00f3n llevadas a cabo. Por ello hemos realizado esta presentaci\u00f3n recogiendo algunos de los aspectos m\u00e1s importantes del centro y del proceso de Admisi\u00f3n.&nbsp;&nbsp;\r\n\r\nEsperamos que les aclaren algunas dudas y les sirva para tener una visi\u00f3n general del centro y de nuestra metodolog\u00eda de trabajo.\r\n<div style=\"width: 100%\">\r\n<div style=\"padding-bottom: 56.25%;padding-top: 0;height: 0\"><iframe src=\"https:\/\/view.genial.ly\/6037934bbac0580da54114f8\" width=\"1200\" height=\"675\" frameborder=\"0\" scrolling=\"yes\"><\/iframe><\/div>\r\n<\/div>","_et_gb_content_width":"","ngg_post_thumbnail":0,"footnotes":""},"categories":[2,3],"tags":[],"aioseo_notices":[],"_links":{"self":[{"href":"https:\/\/blogsaverroes.juntadeandalucia.es\/eeimariadelcarmengutierrez\/wp-json\/wp\/v2\/posts\/966"}],"collection":[{"href":"https:\/\/blogsaverroes.juntadeandalucia.es\/eeimariadelcarmengutierrez\/wp-json\/wp\/v2\/posts"}],"about":[{"href":"https:\/\/blogsaverroes.juntadeandalucia.es\/eeimariadelcarmengutierrez\/wp-json\/wp\/v2\/types\/post"}],"author":[{"embeddable":true,"href":"https:\/\/blogsaverroes.juntadeandalucia.es\/eeimariadelcarmengutierrez\/wp-json\/wp\/v2\/users\/12620"}],"replies":[{"embeddable":true,"href":"https:\/\/blogsaverroes.juntadeandalucia.es\/eeimariadelcarmengutierrez\/wp-json\/wp\/v2\/comments?post=966"}],"version-history":[{"count":16,"href":"https:\/\/blogsaverroes.juntadeandalucia.es\/eeimariadelcarmengutierrez\/wp-json\/wp\/v2\/posts\/966\/revisions"}],"predecessor-version":[{"id":1282,"href":"https:\/\/blogsaverroes.juntadeandalucia.es\/eeimariadelcarmengutierrez\/wp-json\/wp\/v2\/posts\/966\/revisions\/1282"}],"wp:featuredmedia":[{"embeddable":true,"href":"https:\/\/blogsaverroes.juntadeandalucia.es\/eeimariadelcarmengutierrez\/wp-json\/wp\/v2\/media\/998"}],"wp:attachment":[{"href":"https:\/\/blogsaverroes.juntadeandalucia.es\/eeimariadelcarmengutierrez\/wp-json\/wp\/v2\/media?parent=966"}],"wp:term":[{"taxonomy":"category","embeddable":true,"href":"https:\/\/blogsaverroes.juntadeandalucia.es\/eeimariadelcarmengutierrez\/wp-json\/wp\/v2\/categories?post=966"},{"taxonomy":"post_tag","embeddable":true,"href":"https:\/\/blogsaverroes.juntadeandalucia.es\/eeimariadelcarmengutierrez\/wp-json\/wp\/v2\/tags?post=966"}],"curies":[{"name":"wp","href":"https:\/\/api.w.org\/{rel}","templated":true}]}}