{"id":2711,"date":"2022-03-27T20:30:17","date_gmt":"2022-03-27T20:30:17","guid":{"rendered":"https:\/\/blogsaverroes.juntadeandalucia.es\/eeimenendezpidalconil\/?p=2711"},"modified":"2022-04-29T07:56:52","modified_gmt":"2022-04-29T07:56:52","slug":"actuaciones-marzo","status":"publish","type":"post","link":"https:\/\/blogsaverroes.juntadeandalucia.es\/eeimenendezpidalconil\/actuaciones-marzo\/","title":{"rendered":"ACTUACIONES MARZO"},"content":{"rendered":"\t\t<div data-elementor-type=\"wp-post\" data-elementor-id=\"2711\" class=\"elementor elementor-2711\">\n\t\t\t\t\t\t<section class=\"elementor-section elementor-top-section elementor-element elementor-element-c414197 elementor-section-boxed elementor-section-height-default elementor-section-height-default\" data-id=\"c414197\" data-element_type=\"section\">\n\t\t\t\t\t\t<div class=\"elementor-container elementor-column-gap-default\">\n\t\t\t\t\t<div class=\"elementor-column elementor-col-100 elementor-top-column elementor-element elementor-element-6e05a8f\" data-id=\"6e05a8f\" data-element_type=\"column\">\n\t\t\t<div class=\"elementor-widget-wrap elementor-element-populated\">\n\t\t\t\t\t\t<div class=\"elementor-element elementor-element-d10c667 elementor-widget elementor-widget-text-editor\" data-id=\"d10c667\" data-element_type=\"widget\" data-widget_type=\"text-editor.default\">\n\t\t\t\t<div class=\"elementor-widget-container\">\n\t\t\t\t\t\t\t\t\t<p style=\"text-align: justify\"><span style=\"color: #000000\"><strong>Gracias a la subvenci\u00f3n hemos aumentado<\/strong> <strong>nuestra biblioteca de la Igualdad<\/strong> con nuevos t\u00edtulos:<\/span><\/p>\t\t\t\t\t\t\t\t<\/div>\n\t\t\t\t<\/div>\n\t\t\t\t\t<\/div>\n\t\t<\/div>\n\t\t\t\t\t<\/div>\n\t\t<\/section>\n\t\t\t\t<section class=\"elementor-section elementor-top-section elementor-element elementor-element-b19c7dd elementor-section-boxed elementor-section-height-default elementor-section-height-default\" data-id=\"b19c7dd\" data-element_type=\"section\">\n\t\t\t\t\t\t<div class=\"elementor-container elementor-column-gap-default\">\n\t\t\t\t\t<div class=\"elementor-column elementor-col-100 elementor-top-column elementor-element elementor-element-0a52205\" data-id=\"0a52205\" data-element_type=\"column\">\n\t\t\t<div class=\"elementor-widget-wrap elementor-element-populated\">\n\t\t\t\t\t\t<div class=\"elementor-element elementor-element-7b0def9 elementor-widget elementor-widget-image\" data-id=\"7b0def9\" data-element_type=\"widget\" data-widget_type=\"image.default\">\n\t\t\t\t<div class=\"elementor-widget-container\">\n\t\t\t\t\t\t\t\t\t\t\t\t\t\t\t<img fetchpriority=\"high\" decoding=\"async\" width=\"860\" height=\"495\" src=\"https:\/\/blogsaverroes.juntadeandalucia.es\/eeimenendezpidalconil\/files\/2022\/03\/Imagen-1-4.png\" class=\"attachment-large size-large wp-image-2627\" alt=\"\" srcset=\"https:\/\/blogsaverroes.juntadeandalucia.es\/eeimenendezpidalconil\/files\/2022\/03\/Imagen-1-4.png 860w, https:\/\/blogsaverroes.juntadeandalucia.es\/eeimenendezpidalconil\/files\/2022\/03\/Imagen-1-4-300x173.png 300w, https:\/\/blogsaverroes.juntadeandalucia.es\/eeimenendezpidalconil\/files\/2022\/03\/Imagen-1-4-768x442.png 768w\" sizes=\"(max-width: 860px) 100vw, 860px\" \/>\t\t\t\t\t\t\t\t\t\t\t\t\t\t\t<\/div>\n\t\t\t\t<\/div>\n\t\t\t\t\t<\/div>\n\t\t<\/div>\n\t\t\t\t\t<\/div>\n\t\t<\/section>\n\t\t\t\t<section class=\"elementor-section elementor-top-section elementor-element elementor-element-8ba14a3 elementor-section-boxed elementor-section-height-default elementor-section-height-default\" data-id=\"8ba14a3\" data-element_type=\"section\">\n\t\t\t\t\t\t<div class=\"elementor-container elementor-column-gap-default\">\n\t\t\t\t\t<div class=\"elementor-column elementor-col-100 elementor-top-column elementor-element elementor-element-5a160a8\" data-id=\"5a160a8\" data-element_type=\"column\">\n\t\t\t<div class=\"elementor-widget-wrap elementor-element-populated\">\n\t\t\t\t\t\t<div class=\"elementor-element elementor-element-dc3ef84 elementor-widget elementor-widget-text-editor\" data-id=\"dc3ef84\" data-element_type=\"widget\" data-widget_type=\"text-editor.default\">\n\t\t\t\t<div class=\"elementor-widget-container\">\n\t\t\t\t\t\t\t\t\t<p style=\"text-align: justify\"><span style=\"color: #000000\">COMPRA \u00a0<b>del carro biblioteca de la Igualdad<\/b><\/span><\/p>\t\t\t\t\t\t\t\t<\/div>\n\t\t\t\t<\/div>\n\t\t\t\t\t<\/div>\n\t\t<\/div>\n\t\t\t\t\t<\/div>\n\t\t<\/section>\n\t\t\t\t<section class=\"elementor-section elementor-top-section elementor-element elementor-element-c77b6ad elementor-section-boxed elementor-section-height-default elementor-section-height-default\" data-id=\"c77b6ad\" data-element_type=\"section\">\n\t\t\t\t\t\t<div class=\"elementor-container elementor-column-gap-default\">\n\t\t\t\t\t<div class=\"elementor-column elementor-col-100 elementor-top-column elementor-element elementor-element-80e7145\" data-id=\"80e7145\" data-element_type=\"column\">\n\t\t\t<div class=\"elementor-widget-wrap elementor-element-populated\">\n\t\t\t\t\t\t<div class=\"elementor-element elementor-element-4fab97f elementor-widget elementor-widget-image\" data-id=\"4fab97f\" data-element_type=\"widget\" data-widget_type=\"image.default\">\n\t\t\t\t<div class=\"elementor-widget-container\">\n\t\t\t\t\t\t\t\t\t\t\t\t\t\t\t<img decoding=\"async\" width=\"683\" height=\"612\" src=\"https:\/\/blogsaverroes.juntadeandalucia.es\/eeimenendezpidalconil\/files\/2022\/03\/Imagen-1-5.png\" class=\"attachment-large size-large wp-image-2628\" alt=\"\" srcset=\"https:\/\/blogsaverroes.juntadeandalucia.es\/eeimenendezpidalconil\/files\/2022\/03\/Imagen-1-5.png 683w, https:\/\/blogsaverroes.juntadeandalucia.es\/eeimenendezpidalconil\/files\/2022\/03\/Imagen-1-5-300x269.png 300w\" sizes=\"(max-width: 683px) 100vw, 683px\" \/>\t\t\t\t\t\t\t\t\t\t\t\t\t\t\t<\/div>\n\t\t\t\t<\/div>\n\t\t\t\t<div class=\"elementor-element elementor-element-e8e0219 elementor-widget-divider--separator-type-pattern elementor-widget-divider--no-spacing elementor-widget-divider--view-line elementor-widget elementor-widget-divider\" data-id=\"e8e0219\" data-element_type=\"widget\" data-widget_type=\"divider.default\">\n\t\t\t\t<div class=\"elementor-widget-container\">\n\t\t\t\t\t\t\t<div class=\"elementor-divider\" style=\"--divider-pattern-url: url(&quot;data:image\/svg+xml,%3Csvg xmlns=&#039;http:\/\/www.w3.org\/2000\/svg&#039; preserveAspectRatio=&#039;xMidYMid meet&#039; overflow=&#039;visible&#039; height=&#039;100%&#039; viewBox=&#039;0 0 126 26&#039; fill=&#039;black&#039; stroke=&#039;none&#039;%3E%3Cpath d=&#039;M3,10.2c2.6,0,2.6,2,2.6,3.2S4.4,16.5,3,16.5s-3-1.4-3-3.2S0.4,10.2,3,10.2z M18.8,10.2c1.7,0,3.2,1.4,3.2,3.2s-1.4,3.2-3.2,3.2c-1.7,0-3.2-1.4-3.2-3.2S17,10.2,18.8,10.2z M34.6,10.2c1.5,0,2.6,1.4,2.6,3.2s-0.5,3.2-1.9,3.2c-1.5,0-3.4-1.4-3.4-3.2S33.1,10.2,34.6,10.2z M50.5,10.2c1.7,0,3.2,1.4,3.2,3.2s-1.4,3.2-3.2,3.2c-1.7,0-3.3-0.9-3.3-2.6S48.7,10.2,50.5,10.2z M66.2,10.2c1.5,0,3.4,1.4,3.4,3.2s-1.9,3.2-3.4,3.2c-1.5,0-2.6-0.4-2.6-2.1S64.8,10.2,66.2,10.2z M82.2,10.2c1.7,0.8,2.6,1.4,2.6,3.2s-0.1,3.2-1.6,3.2c-1.5,0-3.7-1.4-3.7-3.2S80.5,9.4,82.2,10.2zM98.6,10.2c1.5,0,2.6,0.4,2.6,2.1s-1.2,4.2-2.6,4.2c-1.5,0-3.7-0.4-3.7-2.1S97.1,10.2,98.6,10.2z M113.4,10.2c1.2,0,2.2,0.9,2.2,3.2s-0.1,3.2-1.3,3.2s-3.1-1.4-3.1-3.2S112.2,10.2,113.4,10.2z&#039;\/%3E%3C\/svg%3E&quot;);\">\n\t\t\t<span class=\"elementor-divider-separator\">\n\t\t\t\t\t\t<\/span>\n\t\t<\/div>\n\t\t\t\t\t\t<\/div>\n\t\t\t\t<\/div>\n\t\t\t\t<div class=\"elementor-element elementor-element-9274830 elementor-widget elementor-widget-heading\" data-id=\"9274830\" data-element_type=\"widget\" data-widget_type=\"heading.default\">\n\t\t\t\t<div class=\"elementor-widget-container\">\n\t\t\t\t\t<h2 class=\"elementor-heading-title elementor-size-default\">ACTIVIDADES ENTORNO AL 8 DE MARZO\nD\u00cdA INTERNACIONAL DE LA MUJER<\/h2>\t\t\t\t<\/div>\n\t\t\t\t<\/div>\n\t\t\t\t\t<\/div>\n\t\t<\/div>\n\t\t\t\t\t<\/div>\n\t\t<\/section>\n\t\t\t\t<section class=\"elementor-section elementor-top-section elementor-element elementor-element-132b855 elementor-section-boxed elementor-section-height-default elementor-section-height-default\" data-id=\"132b855\" data-element_type=\"section\">\n\t\t\t\t\t\t<div class=\"elementor-container elementor-column-gap-default\">\n\t\t\t\t\t<div class=\"elementor-column elementor-col-100 elementor-top-column elementor-element elementor-element-c33474a\" data-id=\"c33474a\" data-element_type=\"column\">\n\t\t\t<div class=\"elementor-widget-wrap elementor-element-populated\">\n\t\t\t\t\t\t<div class=\"elementor-element elementor-element-64fb4fe elementor-widget elementor-widget-text-editor\" data-id=\"64fb4fe\" data-element_type=\"widget\" data-widget_type=\"text-editor.default\">\n\t\t\t\t<div class=\"elementor-widget-container\">\n\t\t\t\t\t\t\t\t\t<p style=\"text-align: justify\"><span style=\"color: #000000\"><strong>Actividades en torno al 8 de Marzo D\u00eda Internacional de la Mujer<\/strong> .\u00a0 Hemos dedicado toda la <strong>Semana del 7 al 11 de Marzo<\/strong> a realizar actos en torno a este d\u00eda implicando a las familias con exposiciones, a nivel de tutor\u00edas estudiando a una serie de mujeres relevantes, y con gymkanas por la Corresponsabilidad para el alumnado y Charlas para el alumnado d\u00f3nde\u00a0 algunas de las mujeres relevantes estudiadas expon\u00edan su trabajo\u00a0 a los peque\u00f1os\/as\u2026.<\/span><\/p><p style=\"text-align: justify\"><span style=\"color: #000000\">Trabajo en<strong> el Centro\u00a0 \u201cMujeres que marcan huella\u2026.\u201d,<\/strong> la idea \u00a0ha sido visibilizar el papel de la mujer en la\u00a0 actualidad , estudiando cada clase a nivel de tutor\u00eda la vida \u00a0y trabajo de \u00a0algunas mujeres conile\u00f1as, \u00a0y otras andaluzas y espa\u00f1ola en diferentes campos, exponiendo su trabajo en algunas clases en un mural y con una mu\u00f1eca representativa de esa mujer que se ha elaborado en colaboraci\u00f3n con las familias . Estas mujeres conile\u00f1as han visitado el centro y realizado algunas charlas y coloquios explicando sus trabajos.<\/span><\/p>\t\t\t\t\t\t\t\t<\/div>\n\t\t\t\t<\/div>\n\t\t\t\t<div class=\"elementor-element elementor-element-c7098aa elementor-widget elementor-widget-heading\" data-id=\"c7098aa\" data-element_type=\"widget\" data-widget_type=\"heading.default\">\n\t\t\t\t<div class=\"elementor-widget-container\">\n\t\t\t\t\t<h2 class=\"elementor-heading-title elementor-size-large\">Nivel 3 a\u00f1os:<\/h2>\t\t\t\t<\/div>\n\t\t\t\t<\/div>\n\t\t\t\t\t<\/div>\n\t\t<\/div>\n\t\t\t\t\t<\/div>\n\t\t<\/section>\n\t\t\t\t<section class=\"elementor-section elementor-top-section elementor-element elementor-element-d74a7ad elementor-section-boxed elementor-section-height-default elementor-section-height-default\" data-id=\"d74a7ad\" data-element_type=\"section\">\n\t\t\t\t\t\t<div class=\"elementor-container elementor-column-gap-default\">\n\t\t\t\t\t<div class=\"elementor-column elementor-col-50 elementor-top-column elementor-element elementor-element-a632a25\" data-id=\"a632a25\" data-element_type=\"column\">\n\t\t\t<div class=\"elementor-widget-wrap elementor-element-populated\">\n\t\t\t\t\t\t<div class=\"elementor-element elementor-element-97730b7 elementor-widget elementor-widget-text-editor\" data-id=\"97730b7\" data-element_type=\"widget\" data-widget_type=\"text-editor.default\">\n\t\t\t\t<div class=\"elementor-widget-container\">\n\t\t\t\t\t\t\t\t\t<p style=\"text-align: center\"><span style=\"color: #000000\"><strong>PINTURA y LITERATURA. <\/strong><\/span><\/p><p style=\"text-align: center\"><span style=\"color: #000000\"><strong>3 A\u00f1os A, B<\/strong><\/span><\/p><p style=\"text-align: justify\"><span style=\"color: #000000\">Las clases de 3 a\u00f1os estudiaron a mujeres conile\u00f1as: 3 A\u00f1os A estudi\u00f3 a Virtudes Rold\u00e1n maestra y escritora y la clase de 3 A\u00f1os B a Juani Alba pintora e ilustradora de cuentos.<\/span><\/p>\t\t\t\t\t\t\t\t<\/div>\n\t\t\t\t<\/div>\n\t\t\t\t\t<\/div>\n\t\t<\/div>\n\t\t\t\t<div class=\"elementor-column elementor-col-50 elementor-top-column elementor-element elementor-element-5ba33ab\" data-id=\"5ba33ab\" data-element_type=\"column\">\n\t\t\t<div class=\"elementor-widget-wrap elementor-element-populated\">\n\t\t\t\t\t\t<div class=\"elementor-element elementor-element-5c4304d elementor-widget elementor-widget-image\" data-id=\"5c4304d\" data-element_type=\"widget\" data-widget_type=\"image.default\">\n\t\t\t\t<div class=\"elementor-widget-container\">\n\t\t\t\t\t\t\t\t\t\t\t\t\t\t\t<img decoding=\"async\" width=\"1024\" height=\"562\" src=\"https:\/\/blogsaverroes.juntadeandalucia.es\/eeimenendezpidalconil\/files\/2022\/03\/Captura-de-pantalla-2022-03-27-a-las-0.44.47-1024x562.png\" class=\"attachment-large size-large wp-image-2630\" alt=\"\" srcset=\"https:\/\/blogsaverroes.juntadeandalucia.es\/eeimenendezpidalconil\/files\/2022\/03\/Captura-de-pantalla-2022-03-27-a-las-0.44.47-1024x562.png 1024w, https:\/\/blogsaverroes.juntadeandalucia.es\/eeimenendezpidalconil\/files\/2022\/03\/Captura-de-pantalla-2022-03-27-a-las-0.44.47-300x165.png 300w, https:\/\/blogsaverroes.juntadeandalucia.es\/eeimenendezpidalconil\/files\/2022\/03\/Captura-de-pantalla-2022-03-27-a-las-0.44.47-768x421.png 768w, https:\/\/blogsaverroes.juntadeandalucia.es\/eeimenendezpidalconil\/files\/2022\/03\/Captura-de-pantalla-2022-03-27-a-las-0.44.47.png 1528w\" sizes=\"(max-width: 1024px) 100vw, 1024px\" \/>\t\t\t\t\t\t\t\t\t\t\t\t\t\t\t<\/div>\n\t\t\t\t<\/div>\n\t\t\t\t\t<\/div>\n\t\t<\/div>\n\t\t\t\t\t<\/div>\n\t\t<\/section>\n\t\t\t\t<section class=\"elementor-section elementor-top-section elementor-element elementor-element-167236e elementor-section-boxed elementor-section-height-default elementor-section-height-default\" data-id=\"167236e\" data-element_type=\"section\">\n\t\t\t\t\t\t<div class=\"elementor-container elementor-column-gap-default\">\n\t\t\t\t\t<div class=\"elementor-column elementor-col-50 elementor-top-column elementor-element elementor-element-8efe666\" data-id=\"8efe666\" data-element_type=\"column\">\n\t\t\t<div class=\"elementor-widget-wrap elementor-element-populated\">\n\t\t\t\t\t\t<div class=\"elementor-element elementor-element-a9060f8 elementor-widget elementor-widget-text-editor\" data-id=\"a9060f8\" data-element_type=\"widget\" data-widget_type=\"text-editor.default\">\n\t\t\t\t<div class=\"elementor-widget-container\">\n\t\t\t\t\t\t\t\t\t<p style=\"text-align: justify\"><span style=\"color: #000000\">Adem\u00e1s visitaron las clases de 3 a\u00f1os y contaron aspectos de su trabajo y expusieron sus obras al alumnado:<\/span><\/p>\t\t\t\t\t\t\t\t<\/div>\n\t\t\t\t<\/div>\n\t\t\t\t\t<\/div>\n\t\t<\/div>\n\t\t\t\t<div class=\"elementor-column elementor-col-50 elementor-top-column elementor-element elementor-element-783df58\" data-id=\"783df58\" data-element_type=\"column\">\n\t\t\t<div class=\"elementor-widget-wrap elementor-element-populated\">\n\t\t\t\t\t\t<div class=\"elementor-element elementor-element-b09110c elementor-widget elementor-widget-image\" data-id=\"b09110c\" data-element_type=\"widget\" data-widget_type=\"image.default\">\n\t\t\t\t<div class=\"elementor-widget-container\">\n\t\t\t\t\t\t\t\t\t\t\t\t\t\t\t<img loading=\"lazy\" decoding=\"async\" width=\"885\" height=\"406\" src=\"https:\/\/blogsaverroes.juntadeandalucia.es\/eeimenendezpidalconil\/files\/2022\/03\/Imagen-1-6.png\" class=\"attachment-large size-large wp-image-2631\" alt=\"\" srcset=\"https:\/\/blogsaverroes.juntadeandalucia.es\/eeimenendezpidalconil\/files\/2022\/03\/Imagen-1-6.png 885w, https:\/\/blogsaverroes.juntadeandalucia.es\/eeimenendezpidalconil\/files\/2022\/03\/Imagen-1-6-300x138.png 300w, https:\/\/blogsaverroes.juntadeandalucia.es\/eeimenendezpidalconil\/files\/2022\/03\/Imagen-1-6-768x352.png 768w\" sizes=\"(max-width: 885px) 100vw, 885px\" \/>\t\t\t\t\t\t\t\t\t\t\t\t\t\t\t<\/div>\n\t\t\t\t<\/div>\n\t\t\t\t\t<\/div>\n\t\t<\/div>\n\t\t\t\t\t<\/div>\n\t\t<\/section>\n\t\t\t\t<section class=\"elementor-section elementor-top-section elementor-element elementor-element-96aec70 elementor-section-boxed elementor-section-height-default elementor-section-height-default\" data-id=\"96aec70\" data-element_type=\"section\">\n\t\t\t\t\t\t<div class=\"elementor-container elementor-column-gap-default\">\n\t\t\t\t\t<div class=\"elementor-column elementor-col-100 elementor-top-column elementor-element elementor-element-e8e3202\" data-id=\"e8e3202\" data-element_type=\"column\">\n\t\t\t<div class=\"elementor-widget-wrap elementor-element-populated\">\n\t\t\t\t\t\t<div class=\"elementor-element elementor-element-1cc4f5f elementor-widget elementor-widget-heading\" data-id=\"1cc4f5f\" data-element_type=\"widget\" data-widget_type=\"heading.default\">\n\t\t\t\t<div class=\"elementor-widget-container\">\n\t\t\t\t\t<h2 class=\"elementor-heading-title elementor-size-large\">Nivel 4 a\u00f1os:<\/h2>\t\t\t\t<\/div>\n\t\t\t\t<\/div>\n\t\t\t\t\t<\/div>\n\t\t<\/div>\n\t\t\t\t\t<\/div>\n\t\t<\/section>\n\t\t\t\t<section class=\"elementor-section elementor-top-section elementor-element elementor-element-88e48e8 elementor-section-boxed elementor-section-height-default elementor-section-height-default\" data-id=\"88e48e8\" data-element_type=\"section\">\n\t\t\t\t\t\t<div class=\"elementor-container elementor-column-gap-default\">\n\t\t\t\t\t<div class=\"elementor-column elementor-col-100 elementor-top-column elementor-element elementor-element-dd29bdb\" data-id=\"dd29bdb\" data-element_type=\"column\">\n\t\t\t<div class=\"elementor-widget-wrap elementor-element-populated\">\n\t\t\t\t\t\t<div class=\"elementor-element elementor-element-148f29f elementor-widget elementor-widget-text-editor\" data-id=\"148f29f\" data-element_type=\"widget\" data-widget_type=\"text-editor.default\">\n\t\t\t\t<div class=\"elementor-widget-container\">\n\t\t\t\t\t\t\t\t\t<p style=\"text-align: justify\"><span style=\"color: #000000\">Este nivel eligi\u00f3 diferentes mujeres espa\u00f1olas y andaluzas que destacan \u00a0en diferentes \u00e1reas<strong>.<\/strong><\/span><\/p>\t\t\t\t\t\t\t\t<\/div>\n\t\t\t\t<\/div>\n\t\t\t\t\t<\/div>\n\t\t<\/div>\n\t\t\t\t\t<\/div>\n\t\t<\/section>\n\t\t\t\t<section class=\"elementor-section elementor-top-section elementor-element elementor-element-3704013 elementor-section-boxed elementor-section-height-default elementor-section-height-default\" data-id=\"3704013\" data-element_type=\"section\">\n\t\t\t\t\t\t<div class=\"elementor-container elementor-column-gap-default\">\n\t\t\t\t\t<div class=\"elementor-column elementor-col-33 elementor-top-column elementor-element elementor-element-1979dd3\" data-id=\"1979dd3\" data-element_type=\"column\">\n\t\t\t<div class=\"elementor-widget-wrap elementor-element-populated\">\n\t\t\t\t\t\t<div class=\"elementor-element elementor-element-7ab5202 elementor-widget elementor-widget-text-editor\" data-id=\"7ab5202\" data-element_type=\"widget\" data-widget_type=\"text-editor.default\">\n\t\t\t\t<div class=\"elementor-widget-container\">\n\t\t\t\t\t\t\t\t\t<p style=\"text-align: justify\"><span style=\"color: #000000\"><strong>\u00c1MBITO DE COCINA<\/strong>, 4 A\u00f1os A. Estudi\u00f3 a la madrile\u00f1a Samantha Vallejo N\u00e1gera, cocinera y Chef, presentadora y empresaria<strong>.<\/strong><\/span><\/p>\t\t\t\t\t\t\t\t<\/div>\n\t\t\t\t<\/div>\n\t\t\t\t\t<\/div>\n\t\t<\/div>\n\t\t\t\t<div class=\"elementor-column elementor-col-33 elementor-top-column elementor-element elementor-element-c295af8\" data-id=\"c295af8\" data-element_type=\"column\">\n\t\t\t<div class=\"elementor-widget-wrap elementor-element-populated\">\n\t\t\t\t\t\t<div class=\"elementor-element elementor-element-f980819 elementor-widget elementor-widget-text-editor\" data-id=\"f980819\" data-element_type=\"widget\" data-widget_type=\"text-editor.default\">\n\t\t\t\t<div class=\"elementor-widget-container\">\n\t\t\t\t\t\t\t\t\t<p style=\"text-align: justify\"><span style=\"color: #000000\"><strong>ARTES ESC\u00c9NICAS.<\/strong> La clase de \u00a04 a\u00f1os B, estudi\u00f3 a <b>Sara Pereyra Baras<\/b>\u00a0la Gaditana\u200b conocida como\u00a0<b>Sara Baras<\/b>, es una bailaora y core\u00f3grafa flamenca y directora de su compa\u00f1\u00eda de baile.<\/span><\/p>\t\t\t\t\t\t\t\t<\/div>\n\t\t\t\t<\/div>\n\t\t\t\t\t<\/div>\n\t\t<\/div>\n\t\t\t\t<div class=\"elementor-column elementor-col-33 elementor-top-column elementor-element elementor-element-1530f36\" data-id=\"1530f36\" data-element_type=\"column\">\n\t\t\t<div class=\"elementor-widget-wrap elementor-element-populated\">\n\t\t\t\t\t\t<div class=\"elementor-element elementor-element-609f1cf elementor-widget elementor-widget-text-editor\" data-id=\"609f1cf\" data-element_type=\"widget\" data-widget_type=\"text-editor.default\">\n\t\t\t\t<div class=\"elementor-widget-container\">\n\t\t\t\t\t\t\t\t\t<p style=\"text-align: justify\"><span style=\"color: #000000\"><strong>\u00c1MBITO DEL DEPORTE<\/strong>. La clase de 4 A\u00f1os C, estudi\u00f3 a <b>Carolina Mar\u00eda Mar\u00edn Mart\u00edn<\/b>\u00a0la jugadora onubense\u00a0espa\u00f1ola\u00a0de\u00a0b\u00e1dminton\u00a0que compite en la categor\u00eda individual femenina.<\/span><\/p>\t\t\t\t\t\t\t\t<\/div>\n\t\t\t\t<\/div>\n\t\t\t\t\t<\/div>\n\t\t<\/div>\n\t\t\t\t\t<\/div>\n\t\t<\/section>\n\t\t\t\t<section class=\"elementor-section elementor-top-section elementor-element elementor-element-947f962 elementor-section-boxed elementor-section-height-default elementor-section-height-default\" data-id=\"947f962\" data-element_type=\"section\">\n\t\t\t\t\t\t<div class=\"elementor-container elementor-column-gap-default\">\n\t\t\t\t\t<div class=\"elementor-column elementor-col-33 elementor-top-column elementor-element elementor-element-a678959\" data-id=\"a678959\" data-element_type=\"column\">\n\t\t\t<div class=\"elementor-widget-wrap elementor-element-populated\">\n\t\t\t\t\t\t<div class=\"elementor-element elementor-element-fd33130 elementor-widget elementor-widget-image\" data-id=\"fd33130\" data-element_type=\"widget\" data-widget_type=\"image.default\">\n\t\t\t\t<div class=\"elementor-widget-container\">\n\t\t\t\t\t\t\t\t\t\t\t\t\t\t\t<img loading=\"lazy\" decoding=\"async\" width=\"464\" height=\"527\" src=\"https:\/\/blogsaverroes.juntadeandalucia.es\/eeimenendezpidalconil\/files\/2022\/03\/Imagen-1-7.png\" class=\"attachment-large size-large wp-image-2632\" alt=\"\" srcset=\"https:\/\/blogsaverroes.juntadeandalucia.es\/eeimenendezpidalconil\/files\/2022\/03\/Imagen-1-7.png 464w, https:\/\/blogsaverroes.juntadeandalucia.es\/eeimenendezpidalconil\/files\/2022\/03\/Imagen-1-7-264x300.png 264w\" sizes=\"(max-width: 464px) 100vw, 464px\" \/>\t\t\t\t\t\t\t\t\t\t\t\t\t\t\t<\/div>\n\t\t\t\t<\/div>\n\t\t\t\t\t<\/div>\n\t\t<\/div>\n\t\t\t\t<div class=\"elementor-column elementor-col-33 elementor-top-column elementor-element elementor-element-97b4183\" data-id=\"97b4183\" data-element_type=\"column\">\n\t\t\t<div class=\"elementor-widget-wrap elementor-element-populated\">\n\t\t\t\t\t\t<div class=\"elementor-element elementor-element-1205a7b elementor-widget elementor-widget-image\" data-id=\"1205a7b\" data-element_type=\"widget\" data-widget_type=\"image.default\">\n\t\t\t\t<div class=\"elementor-widget-container\">\n\t\t\t\t\t\t\t\t\t\t\t\t\t\t\t<img loading=\"lazy\" decoding=\"async\" width=\"499\" height=\"499\" src=\"https:\/\/blogsaverroes.juntadeandalucia.es\/eeimenendezpidalconil\/files\/2022\/03\/Imagen-1-8.png\" class=\"attachment-large size-large wp-image-2633\" alt=\"\" srcset=\"https:\/\/blogsaverroes.juntadeandalucia.es\/eeimenendezpidalconil\/files\/2022\/03\/Imagen-1-8.png 499w, https:\/\/blogsaverroes.juntadeandalucia.es\/eeimenendezpidalconil\/files\/2022\/03\/Imagen-1-8-300x300.png 300w, https:\/\/blogsaverroes.juntadeandalucia.es\/eeimenendezpidalconil\/files\/2022\/03\/Imagen-1-8-150x150.png 150w, https:\/\/blogsaverroes.juntadeandalucia.es\/eeimenendezpidalconil\/files\/2022\/03\/Imagen-1-8-80x80.png 80w, https:\/\/blogsaverroes.juntadeandalucia.es\/eeimenendezpidalconil\/files\/2022\/03\/Imagen-1-8-320x320.png 320w\" sizes=\"(max-width: 499px) 100vw, 499px\" \/>\t\t\t\t\t\t\t\t\t\t\t\t\t\t\t<\/div>\n\t\t\t\t<\/div>\n\t\t\t\t\t<\/div>\n\t\t<\/div>\n\t\t\t\t<div class=\"elementor-column elementor-col-33 elementor-top-column elementor-element elementor-element-37b0acf\" data-id=\"37b0acf\" data-element_type=\"column\">\n\t\t\t<div class=\"elementor-widget-wrap elementor-element-populated\">\n\t\t\t\t\t\t<div class=\"elementor-element elementor-element-2cdfc58 elementor-widget elementor-widget-image\" data-id=\"2cdfc58\" data-element_type=\"widget\" data-widget_type=\"image.default\">\n\t\t\t\t<div class=\"elementor-widget-container\">\n\t\t\t\t\t\t\t\t\t\t\t\t\t\t\t<img loading=\"lazy\" decoding=\"async\" width=\"391\" height=\"414\" src=\"https:\/\/blogsaverroes.juntadeandalucia.es\/eeimenendezpidalconil\/files\/2022\/03\/Imagen-2.png\" class=\"attachment-large size-large wp-image-2634\" alt=\"\" srcset=\"https:\/\/blogsaverroes.juntadeandalucia.es\/eeimenendezpidalconil\/files\/2022\/03\/Imagen-2.png 391w, https:\/\/blogsaverroes.juntadeandalucia.es\/eeimenendezpidalconil\/files\/2022\/03\/Imagen-2-283x300.png 283w\" sizes=\"(max-width: 391px) 100vw, 391px\" \/>\t\t\t\t\t\t\t\t\t\t\t\t\t\t\t<\/div>\n\t\t\t\t<\/div>\n\t\t\t\t\t<\/div>\n\t\t<\/div>\n\t\t\t\t\t<\/div>\n\t\t<\/section>\n\t\t\t\t<section class=\"elementor-section elementor-top-section elementor-element elementor-element-f7667f8 elementor-section-boxed elementor-section-height-default elementor-section-height-default\" data-id=\"f7667f8\" data-element_type=\"section\">\n\t\t\t\t\t\t<div class=\"elementor-container elementor-column-gap-default\">\n\t\t\t\t\t<div class=\"elementor-column elementor-col-100 elementor-top-column elementor-element elementor-element-02a75bd\" data-id=\"02a75bd\" data-element_type=\"column\">\n\t\t\t<div class=\"elementor-widget-wrap elementor-element-populated\">\n\t\t\t\t\t\t<div class=\"elementor-element elementor-element-db96543 elementor-widget elementor-widget-heading\" data-id=\"db96543\" data-element_type=\"widget\" data-widget_type=\"heading.default\">\n\t\t\t\t<div class=\"elementor-widget-container\">\n\t\t\t\t\t<h2 class=\"elementor-heading-title elementor-size-large\">Nivel 5 a\u00f1os:<\/h2>\t\t\t\t<\/div>\n\t\t\t\t<\/div>\n\t\t\t\t\t<\/div>\n\t\t<\/div>\n\t\t\t\t\t<\/div>\n\t\t<\/section>\n\t\t\t\t<section class=\"elementor-section elementor-top-section elementor-element elementor-element-3fd73ab elementor-section-boxed elementor-section-height-default elementor-section-height-default\" data-id=\"3fd73ab\" data-element_type=\"section\">\n\t\t\t\t\t\t<div class=\"elementor-container elementor-column-gap-default\">\n\t\t\t\t\t<div class=\"elementor-column elementor-col-33 elementor-top-column elementor-element elementor-element-8f9be73\" data-id=\"8f9be73\" data-element_type=\"column\">\n\t\t\t<div class=\"elementor-widget-wrap elementor-element-populated\">\n\t\t\t\t\t\t<div class=\"elementor-element elementor-element-b2cf734 elementor-widget elementor-widget-text-editor\" data-id=\"b2cf734\" data-element_type=\"widget\" data-widget_type=\"text-editor.default\">\n\t\t\t\t<div class=\"elementor-widget-container\">\n\t\t\t\t\t\t\t\t\t<p style=\"text-align: center\"><span style=\"color: #000000\"><strong>\u00c1MBITO DE LA POL\u00cdTICA<\/strong><\/span><\/p><p style=\"text-align: justify\"><span style=\"color: #000000\">La\u00a0 clase de 5 A\u00f1os A \u00a0estudi\u00f3 a la pol\u00edtica y concejala Anabel Moreno concejala de igualdad e infancia del Ayuntamiento de Conil.\u00a0<\/span><\/p><p style=\"text-align: justify\"><span style=\"color: #000000\">Una de las familias de la clase hizo una peque\u00f1a maqueta con una mu\u00f1eca representativa de la pol\u00edtica Anabel Moreno,y tambi\u00e9n en la clase se hizo un mural con algunas de las preguntas que quer\u00edan hacerle el d\u00eda que nos visitase en el Colegio<\/span><\/p>\t\t\t\t\t\t\t\t<\/div>\n\t\t\t\t<\/div>\n\t\t\t\t\t<\/div>\n\t\t<\/div>\n\t\t\t\t<div class=\"elementor-column elementor-col-33 elementor-top-column elementor-element elementor-element-ad72c90\" data-id=\"ad72c90\" data-element_type=\"column\">\n\t\t\t<div class=\"elementor-widget-wrap elementor-element-populated\">\n\t\t\t\t\t\t<div class=\"elementor-element elementor-element-2eed4b3 elementor-widget elementor-widget-text-editor\" data-id=\"2eed4b3\" data-element_type=\"widget\" data-widget_type=\"text-editor.default\">\n\t\t\t\t<div class=\"elementor-widget-container\">\n\t\t\t\t\t\t\t\t\t<p style=\"text-align: center\"><span style=\"color: #000000\"><strong>\u00c1MBITO DE LA PESCA<\/strong><\/span><\/p><p style=\"text-align: justify\"><span style=\"color: #000000\">La clase de 5 A\u00f1os B estudi\u00f3 a Manuela Leal S\u00e1nchez, como\u00a0patrona mayor que representa a la primera mujer responsable y Presidenta de la Cofrad\u00eda de Pescadores del sector pesquero Conile\u00f1o. Se trata de la\u00a0primera mujer, armadora de un pesquero, que se pone al frente de esta entidad.<\/span><\/p>\t\t\t\t\t\t\t\t<\/div>\n\t\t\t\t<\/div>\n\t\t\t\t\t<\/div>\n\t\t<\/div>\n\t\t\t\t<div class=\"elementor-column elementor-col-33 elementor-top-column elementor-element elementor-element-e624976\" data-id=\"e624976\" data-element_type=\"column\">\n\t\t\t<div class=\"elementor-widget-wrap elementor-element-populated\">\n\t\t\t\t\t\t<div class=\"elementor-element elementor-element-d72def8 elementor-widget elementor-widget-text-editor\" data-id=\"d72def8\" data-element_type=\"widget\" data-widget_type=\"text-editor.default\">\n\t\t\t\t<div class=\"elementor-widget-container\">\n\t\t\t\t\t\t\t\t\t<p style=\"text-align: center\"><span style=\"color: #000000\"><strong>\u00c1MBITO DE LA CIENCIA<\/strong><\/span><\/p><p style=\"text-align: justify\"><span style=\"color: #000000\">La clase de 5 a\u00f1os C estudi\u00f3 acerca de la\u00a0 conile\u00f1a y farmace\u00fatica Isa Gil<strong>. <\/strong>En colaboraci\u00f3n con algunas de las familias de la clase se hizo una peque\u00f1a maqueta de esta mujer conile\u00f1a.<\/span><\/p>\t\t\t\t\t\t\t\t<\/div>\n\t\t\t\t<\/div>\n\t\t\t\t\t<\/div>\n\t\t<\/div>\n\t\t\t\t\t<\/div>\n\t\t<\/section>\n\t\t\t\t<section class=\"elementor-section elementor-top-section elementor-element elementor-element-dba1c32 elementor-section-boxed elementor-section-height-default elementor-section-height-default\" data-id=\"dba1c32\" data-element_type=\"section\">\n\t\t\t\t\t\t<div class=\"elementor-container elementor-column-gap-default\">\n\t\t\t\t\t<div class=\"elementor-column elementor-col-33 elementor-top-column elementor-element elementor-element-0465dfe\" data-id=\"0465dfe\" data-element_type=\"column\">\n\t\t\t<div class=\"elementor-widget-wrap elementor-element-populated\">\n\t\t\t\t\t\t<div class=\"elementor-element elementor-element-795fb5d elementor-widget elementor-widget-image\" data-id=\"795fb5d\" data-element_type=\"widget\" data-widget_type=\"image.default\">\n\t\t\t\t<div class=\"elementor-widget-container\">\n\t\t\t\t\t\t\t\t\t\t\t\t\t\t\t<img loading=\"lazy\" decoding=\"async\" width=\"893\" height=\"483\" src=\"https:\/\/blogsaverroes.juntadeandalucia.es\/eeimenendezpidalconil\/files\/2022\/03\/Imagen-1-10.png\" class=\"attachment-large size-large wp-image-2636\" alt=\"\" srcset=\"https:\/\/blogsaverroes.juntadeandalucia.es\/eeimenendezpidalconil\/files\/2022\/03\/Imagen-1-10.png 893w, https:\/\/blogsaverroes.juntadeandalucia.es\/eeimenendezpidalconil\/files\/2022\/03\/Imagen-1-10-300x162.png 300w, https:\/\/blogsaverroes.juntadeandalucia.es\/eeimenendezpidalconil\/files\/2022\/03\/Imagen-1-10-768x415.png 768w\" sizes=\"(max-width: 893px) 100vw, 893px\" \/>\t\t\t\t\t\t\t\t\t\t\t\t\t\t\t<\/div>\n\t\t\t\t<\/div>\n\t\t\t\t\t<\/div>\n\t\t<\/div>\n\t\t\t\t<div class=\"elementor-column elementor-col-33 elementor-top-column elementor-element elementor-element-7d10748\" data-id=\"7d10748\" data-element_type=\"column\">\n\t\t\t<div class=\"elementor-widget-wrap elementor-element-populated\">\n\t\t\t\t\t\t<div class=\"elementor-element elementor-element-250be9e elementor-widget elementor-widget-image\" data-id=\"250be9e\" data-element_type=\"widget\" data-widget_type=\"image.default\">\n\t\t\t\t<div class=\"elementor-widget-container\">\n\t\t\t\t\t\t\t\t\t\t\t\t\t\t\t<img loading=\"lazy\" decoding=\"async\" width=\"685\" height=\"872\" src=\"https:\/\/blogsaverroes.juntadeandalucia.es\/eeimenendezpidalconil\/files\/2022\/03\/Imagen-1-11.png\" class=\"attachment-large size-large wp-image-2637\" alt=\"\" srcset=\"https:\/\/blogsaverroes.juntadeandalucia.es\/eeimenendezpidalconil\/files\/2022\/03\/Imagen-1-11.png 685w, https:\/\/blogsaverroes.juntadeandalucia.es\/eeimenendezpidalconil\/files\/2022\/03\/Imagen-1-11-236x300.png 236w\" sizes=\"(max-width: 685px) 100vw, 685px\" \/>\t\t\t\t\t\t\t\t\t\t\t\t\t\t\t<\/div>\n\t\t\t\t<\/div>\n\t\t\t\t\t<\/div>\n\t\t<\/div>\n\t\t\t\t<div class=\"elementor-column elementor-col-33 elementor-top-column elementor-element elementor-element-7f94a6a\" data-id=\"7f94a6a\" data-element_type=\"column\">\n\t\t\t<div class=\"elementor-widget-wrap elementor-element-populated\">\n\t\t\t\t\t\t<div class=\"elementor-element elementor-element-b4e9191 elementor-widget elementor-widget-image\" data-id=\"b4e9191\" data-element_type=\"widget\" data-widget_type=\"image.default\">\n\t\t\t\t<div class=\"elementor-widget-container\">\n\t\t\t\t\t\t\t\t\t\t\t\t\t\t\t<img loading=\"lazy\" decoding=\"async\" width=\"937\" height=\"485\" src=\"https:\/\/blogsaverroes.juntadeandalucia.es\/eeimenendezpidalconil\/files\/2022\/03\/Imagen-1-12.png\" class=\"attachment-large size-large wp-image-2638\" alt=\"\" srcset=\"https:\/\/blogsaverroes.juntadeandalucia.es\/eeimenendezpidalconil\/files\/2022\/03\/Imagen-1-12.png 937w, https:\/\/blogsaverroes.juntadeandalucia.es\/eeimenendezpidalconil\/files\/2022\/03\/Imagen-1-12-300x155.png 300w, https:\/\/blogsaverroes.juntadeandalucia.es\/eeimenendezpidalconil\/files\/2022\/03\/Imagen-1-12-768x398.png 768w\" sizes=\"(max-width: 937px) 100vw, 937px\" \/>\t\t\t\t\t\t\t\t\t\t\t\t\t\t\t<\/div>\n\t\t\t\t<\/div>\n\t\t\t\t\t<\/div>\n\t\t<\/div>\n\t\t\t\t\t<\/div>\n\t\t<\/section>\n\t\t\t\t<section class=\"elementor-section elementor-top-section elementor-element elementor-element-0e35bb3 elementor-section-boxed elementor-section-height-default elementor-section-height-default\" data-id=\"0e35bb3\" data-element_type=\"section\">\n\t\t\t\t\t\t<div class=\"elementor-container elementor-column-gap-default\">\n\t\t\t\t\t<div class=\"elementor-column elementor-col-100 elementor-top-column elementor-element elementor-element-651066a\" data-id=\"651066a\" data-element_type=\"column\">\n\t\t\t<div class=\"elementor-widget-wrap elementor-element-populated\">\n\t\t\t\t\t\t<div class=\"elementor-element elementor-element-f293ec4 elementor-widget-divider--separator-type-pattern elementor-widget-divider--no-spacing elementor-widget-divider--view-line elementor-widget elementor-widget-divider\" data-id=\"f293ec4\" data-element_type=\"widget\" data-widget_type=\"divider.default\">\n\t\t\t\t<div class=\"elementor-widget-container\">\n\t\t\t\t\t\t\t<div class=\"elementor-divider\" style=\"--divider-pattern-url: url(&quot;data:image\/svg+xml,%3Csvg xmlns=&#039;http:\/\/www.w3.org\/2000\/svg&#039; preserveAspectRatio=&#039;xMidYMid meet&#039; overflow=&#039;visible&#039; height=&#039;100%&#039; viewBox=&#039;0 0 126 26&#039; fill=&#039;black&#039; stroke=&#039;none&#039;%3E%3Cpath d=&#039;M3,10.2c2.6,0,2.6,2,2.6,3.2S4.4,16.5,3,16.5s-3-1.4-3-3.2S0.4,10.2,3,10.2z M18.8,10.2c1.7,0,3.2,1.4,3.2,3.2s-1.4,3.2-3.2,3.2c-1.7,0-3.2-1.4-3.2-3.2S17,10.2,18.8,10.2z M34.6,10.2c1.5,0,2.6,1.4,2.6,3.2s-0.5,3.2-1.9,3.2c-1.5,0-3.4-1.4-3.4-3.2S33.1,10.2,34.6,10.2z M50.5,10.2c1.7,0,3.2,1.4,3.2,3.2s-1.4,3.2-3.2,3.2c-1.7,0-3.3-0.9-3.3-2.6S48.7,10.2,50.5,10.2z M66.2,10.2c1.5,0,3.4,1.4,3.4,3.2s-1.9,3.2-3.4,3.2c-1.5,0-2.6-0.4-2.6-2.1S64.8,10.2,66.2,10.2z M82.2,10.2c1.7,0.8,2.6,1.4,2.6,3.2s-0.1,3.2-1.6,3.2c-1.5,0-3.7-1.4-3.7-3.2S80.5,9.4,82.2,10.2zM98.6,10.2c1.5,0,2.6,0.4,2.6,2.1s-1.2,4.2-2.6,4.2c-1.5,0-3.7-0.4-3.7-2.1S97.1,10.2,98.6,10.2z M113.4,10.2c1.2,0,2.2,0.9,2.2,3.2s-0.1,3.2-1.3,3.2s-3.1-1.4-3.1-3.2S112.2,10.2,113.4,10.2z&#039;\/%3E%3C\/svg%3E&quot;);\">\n\t\t\t<span class=\"elementor-divider-separator\">\n\t\t\t\t\t\t<\/span>\n\t\t<\/div>\n\t\t\t\t\t\t<\/div>\n\t\t\t\t<\/div>\n\t\t\t\t\t<\/div>\n\t\t<\/div>\n\t\t\t\t\t<\/div>\n\t\t<\/section>\n\t\t\t\t<section class=\"elementor-section elementor-top-section elementor-element elementor-element-ba5b932 elementor-section-boxed elementor-section-height-default elementor-section-height-default\" data-id=\"ba5b932\" data-element_type=\"section\">\n\t\t\t\t\t\t<div class=\"elementor-container elementor-column-gap-default\">\n\t\t\t\t\t<div class=\"elementor-column elementor-col-100 elementor-top-column elementor-element elementor-element-a9fd432\" data-id=\"a9fd432\" data-element_type=\"column\">\n\t\t\t<div class=\"elementor-widget-wrap elementor-element-populated\">\n\t\t\t\t\t\t<div class=\"elementor-element elementor-element-5824867 elementor-widget elementor-widget-text-editor\" data-id=\"5824867\" data-element_type=\"widget\" data-widget_type=\"text-editor.default\">\n\t\t\t\t<div class=\"elementor-widget-container\">\n\t\t\t\t\t\t\t\t\t<p style=\"text-align: justify\"><span style=\"color: #000000\">Otra actividad que se hizo durante la semana fue una <strong>gymkana coeducativa<\/strong> para implicar al alumnado en la <strong>Corresponsabilidad y reparto igualitario de tareas<\/strong>, cada d\u00eda Martes 8, Mi\u00e9rcoles 9 y Jueves 10 sali\u00f3 un nivel y durante unos 45 minutos desempe\u00f1aron tareas dom\u00e9sticas habituales que se hacen en casa:\u00a0 Lavar y tender, doblar y planchar, cuidado de los beb\u00e9s, limpiar barrer y fregar, poner la mesa y hacer la cama y labores de bricolaje d\u00f3nde se intent\u00f3 inculcar la importancia de la ayuda entre todos\/as.<\/span><\/p>\t\t\t\t\t\t\t\t<\/div>\n\t\t\t\t<\/div>\n\t\t\t\t\t<\/div>\n\t\t<\/div>\n\t\t\t\t\t<\/div>\n\t\t<\/section>\n\t\t\t\t<section class=\"elementor-section elementor-top-section elementor-element elementor-element-104165f elementor-section-boxed elementor-section-height-default elementor-section-height-default\" data-id=\"104165f\" data-element_type=\"section\">\n\t\t\t\t\t\t<div class=\"elementor-container elementor-column-gap-default\">\n\t\t\t\t\t<div class=\"elementor-column elementor-col-100 elementor-top-column elementor-element elementor-element-ad07523\" data-id=\"ad07523\" data-element_type=\"column\">\n\t\t\t<div class=\"elementor-widget-wrap elementor-element-populated\">\n\t\t\t\t\t\t<div class=\"elementor-element elementor-element-a344d89 elementor-widget elementor-widget-image\" data-id=\"a344d89\" data-element_type=\"widget\" data-widget_type=\"image.default\">\n\t\t\t\t<div class=\"elementor-widget-container\">\n\t\t\t\t\t\t\t\t\t\t\t\t\t\t\t<img loading=\"lazy\" decoding=\"async\" width=\"899\" height=\"647\" src=\"https:\/\/blogsaverroes.juntadeandalucia.es\/eeimenendezpidalconil\/files\/2022\/03\/Imagen-1-13.png\" class=\"attachment-large size-large wp-image-2642\" alt=\"\" srcset=\"https:\/\/blogsaverroes.juntadeandalucia.es\/eeimenendezpidalconil\/files\/2022\/03\/Imagen-1-13.png 899w, https:\/\/blogsaverroes.juntadeandalucia.es\/eeimenendezpidalconil\/files\/2022\/03\/Imagen-1-13-300x216.png 300w, https:\/\/blogsaverroes.juntadeandalucia.es\/eeimenendezpidalconil\/files\/2022\/03\/Imagen-1-13-768x553.png 768w\" sizes=\"(max-width: 899px) 100vw, 899px\" \/>\t\t\t\t\t\t\t\t\t\t\t\t\t\t\t<\/div>\n\t\t\t\t<\/div>\n\t\t\t\t\t<\/div>\n\t\t<\/div>\n\t\t\t\t\t<\/div>\n\t\t<\/section>\n\t\t\t\t<section class=\"elementor-section elementor-top-section elementor-element elementor-element-e6adf0a elementor-section-boxed elementor-section-height-default elementor-section-height-default\" data-id=\"e6adf0a\" data-element_type=\"section\">\n\t\t\t\t\t\t<div class=\"elementor-container elementor-column-gap-default\">\n\t\t\t\t\t<div class=\"elementor-column elementor-col-33 elementor-top-column elementor-element elementor-element-314f0f4\" data-id=\"314f0f4\" data-element_type=\"column\">\n\t\t\t<div class=\"elementor-widget-wrap elementor-element-populated\">\n\t\t\t\t\t\t<div class=\"elementor-element elementor-element-1c90ab9 elementor-widget elementor-widget-button\" data-id=\"1c90ab9\" data-element_type=\"widget\" data-widget_type=\"button.default\">\n\t\t\t\t<div class=\"elementor-widget-container\">\n\t\t\t\t\t\t\t\t\t<div class=\"elementor-button-wrapper\">\n\t\t\t\t\t<a class=\"elementor-button elementor-button-link elementor-size-sm\" href=\"https:\/\/blogsaverroes.juntadeandalucia.es\/eeimenendezpidalconil\/gymkhana-coeducativa-3-anos\/\">\n\t\t\t\t\t\t<span class=\"elementor-button-content-wrapper\">\n\t\t\t\t\t\t<span class=\"elementor-button-icon\">\n\t\t\t\t<i aria-hidden=\"true\" class=\"far fa-eye\"><\/i>\t\t\t<\/span>\n\t\t\t\t\t\t\t\t\t<span class=\"elementor-button-text\">GYMKHANA 3 A\u00d1OS<\/span>\n\t\t\t\t\t<\/span>\n\t\t\t\t\t<\/a>\n\t\t\t\t<\/div>\n\t\t\t\t\t\t\t\t<\/div>\n\t\t\t\t<\/div>\n\t\t\t\t\t<\/div>\n\t\t<\/div>\n\t\t\t\t<div class=\"elementor-column elementor-col-33 elementor-top-column elementor-element elementor-element-20b8438\" data-id=\"20b8438\" data-element_type=\"column\">\n\t\t\t<div class=\"elementor-widget-wrap elementor-element-populated\">\n\t\t\t\t\t\t<div class=\"elementor-element elementor-element-b798fde elementor-widget elementor-widget-button\" data-id=\"b798fde\" data-element_type=\"widget\" data-widget_type=\"button.default\">\n\t\t\t\t<div class=\"elementor-widget-container\">\n\t\t\t\t\t\t\t\t\t<div class=\"elementor-button-wrapper\">\n\t\t\t\t\t<a class=\"elementor-button elementor-button-link elementor-size-sm\" href=\"https:\/\/blogsaverroes.juntadeandalucia.es\/eeimenendezpidalconil\/gymkhana-educativa-4-anos\/\">\n\t\t\t\t\t\t<span class=\"elementor-button-content-wrapper\">\n\t\t\t\t\t\t<span class=\"elementor-button-icon\">\n\t\t\t\t<i aria-hidden=\"true\" class=\"far fa-eye\"><\/i>\t\t\t<\/span>\n\t\t\t\t\t\t\t\t\t<span class=\"elementor-button-text\">GYMKHANA 4 A\u00d1OS<\/span>\n\t\t\t\t\t<\/span>\n\t\t\t\t\t<\/a>\n\t\t\t\t<\/div>\n\t\t\t\t\t\t\t\t<\/div>\n\t\t\t\t<\/div>\n\t\t\t\t\t<\/div>\n\t\t<\/div>\n\t\t\t\t<div class=\"elementor-column elementor-col-33 elementor-top-column elementor-element elementor-element-62fdc23\" data-id=\"62fdc23\" data-element_type=\"column\">\n\t\t\t<div class=\"elementor-widget-wrap elementor-element-populated\">\n\t\t\t\t\t\t<div class=\"elementor-element elementor-element-e50b9df elementor-widget elementor-widget-button\" data-id=\"e50b9df\" data-element_type=\"widget\" data-widget_type=\"button.default\">\n\t\t\t\t<div class=\"elementor-widget-container\">\n\t\t\t\t\t\t\t\t\t<div class=\"elementor-button-wrapper\">\n\t\t\t\t\t<a class=\"elementor-button elementor-button-link elementor-size-sm\" href=\"https:\/\/blogsaverroes.juntadeandalucia.es\/eeimenendezpidalconil\/gymkhana-coeducativa-5-anos\/\">\n\t\t\t\t\t\t<span class=\"elementor-button-content-wrapper\">\n\t\t\t\t\t\t<span class=\"elementor-button-icon\">\n\t\t\t\t<i aria-hidden=\"true\" class=\"far fa-eye\"><\/i>\t\t\t<\/span>\n\t\t\t\t\t\t\t\t\t<span class=\"elementor-button-text\">GYMKHANA 5 A\u00d1OS<\/span>\n\t\t\t\t\t<\/span>\n\t\t\t\t\t<\/a>\n\t\t\t\t<\/div>\n\t\t\t\t\t\t\t\t<\/div>\n\t\t\t\t<\/div>\n\t\t\t\t\t<\/div>\n\t\t<\/div>\n\t\t\t\t\t<\/div>\n\t\t<\/section>\n\t\t\t\t<section class=\"elementor-section elementor-top-section elementor-element elementor-element-2b5dbdc elementor-section-boxed elementor-section-height-default elementor-section-height-default\" data-id=\"2b5dbdc\" data-element_type=\"section\">\n\t\t\t\t\t\t<div class=\"elementor-container elementor-column-gap-default\">\n\t\t\t\t\t<div class=\"elementor-column elementor-col-100 elementor-top-column elementor-element elementor-element-9a86860\" data-id=\"9a86860\" data-element_type=\"column\">\n\t\t\t<div class=\"elementor-widget-wrap elementor-element-populated\">\n\t\t\t\t\t\t<div class=\"elementor-element elementor-element-4e2f8b6 elementor-widget elementor-widget-text-editor\" data-id=\"4e2f8b6\" data-element_type=\"widget\" data-widget_type=\"text-editor.default\">\n\t\t\t\t<div class=\"elementor-widget-container\">\n\t\t\t\t\t\t\t\t\t<p style=\"text-align: justify\"><span style=\"color: #000000\">Tras la\u00a0 realizaci\u00f3n de la gymkhana el alumnado se llev\u00f3 a casa como \u00a0obsequio \u00a0un cuelga puertas con el lema <b>\u201cPOR EL REPARTO DE TAREAS EN CASA\u201d SOY CORRESPONSABLE.<\/b><\/span><\/p>\t\t\t\t\t\t\t\t<\/div>\n\t\t\t\t<\/div>\n\t\t\t\t\t<\/div>\n\t\t<\/div>\n\t\t\t\t\t<\/div>\n\t\t<\/section>\n\t\t\t\t<section class=\"elementor-section elementor-top-section elementor-element elementor-element-6ab4838 elementor-section-boxed elementor-section-height-default elementor-section-height-default\" data-id=\"6ab4838\" data-element_type=\"section\">\n\t\t\t\t\t\t<div class=\"elementor-container elementor-column-gap-default\">\n\t\t\t\t\t<div class=\"elementor-column elementor-col-100 elementor-top-column elementor-element elementor-element-6dc0997\" data-id=\"6dc0997\" data-element_type=\"column\">\n\t\t\t<div class=\"elementor-widget-wrap elementor-element-populated\">\n\t\t\t\t\t\t<div class=\"elementor-element elementor-element-cf1107b elementor-widget elementor-widget-image\" data-id=\"cf1107b\" data-element_type=\"widget\" data-widget_type=\"image.default\">\n\t\t\t\t<div class=\"elementor-widget-container\">\n\t\t\t\t\t\t\t\t\t\t\t\t\t\t\t<img loading=\"lazy\" decoding=\"async\" width=\"339\" height=\"377\" src=\"https:\/\/blogsaverroes.juntadeandalucia.es\/eeimenendezpidalconil\/files\/2022\/03\/Imagen-1-14.png\" class=\"attachment-large size-large wp-image-2643\" alt=\"\" srcset=\"https:\/\/blogsaverroes.juntadeandalucia.es\/eeimenendezpidalconil\/files\/2022\/03\/Imagen-1-14.png 339w, https:\/\/blogsaverroes.juntadeandalucia.es\/eeimenendezpidalconil\/files\/2022\/03\/Imagen-1-14-270x300.png 270w\" sizes=\"(max-width: 339px) 100vw, 339px\" \/>\t\t\t\t\t\t\t\t\t\t\t\t\t\t\t<\/div>\n\t\t\t\t<\/div>\n\t\t\t\t\t<\/div>\n\t\t<\/div>\n\t\t\t\t\t<\/div>\n\t\t<\/section>\n\t\t\t\t<section class=\"elementor-section elementor-top-section elementor-element elementor-element-325bc24 elementor-section-boxed elementor-section-height-default elementor-section-height-default\" data-id=\"325bc24\" data-element_type=\"section\">\n\t\t\t\t\t\t<div class=\"elementor-container elementor-column-gap-default\">\n\t\t\t\t\t<div class=\"elementor-column elementor-col-100 elementor-top-column elementor-element elementor-element-aa9a1cc\" data-id=\"aa9a1cc\" data-element_type=\"column\">\n\t\t\t<div class=\"elementor-widget-wrap elementor-element-populated\">\n\t\t\t\t\t\t<div class=\"elementor-element elementor-element-3f61779 elementor-widget-divider--separator-type-pattern elementor-widget-divider--no-spacing elementor-widget-divider--view-line elementor-widget elementor-widget-divider\" data-id=\"3f61779\" data-element_type=\"widget\" data-widget_type=\"divider.default\">\n\t\t\t\t<div class=\"elementor-widget-container\">\n\t\t\t\t\t\t\t<div class=\"elementor-divider\" style=\"--divider-pattern-url: url(&quot;data:image\/svg+xml,%3Csvg xmlns=&#039;http:\/\/www.w3.org\/2000\/svg&#039; preserveAspectRatio=&#039;xMidYMid meet&#039; overflow=&#039;visible&#039; height=&#039;100%&#039; viewBox=&#039;0 0 126 26&#039; fill=&#039;black&#039; stroke=&#039;none&#039;%3E%3Cpath d=&#039;M3,10.2c2.6,0,2.6,2,2.6,3.2S4.4,16.5,3,16.5s-3-1.4-3-3.2S0.4,10.2,3,10.2z M18.8,10.2c1.7,0,3.2,1.4,3.2,3.2s-1.4,3.2-3.2,3.2c-1.7,0-3.2-1.4-3.2-3.2S17,10.2,18.8,10.2z M34.6,10.2c1.5,0,2.6,1.4,2.6,3.2s-0.5,3.2-1.9,3.2c-1.5,0-3.4-1.4-3.4-3.2S33.1,10.2,34.6,10.2z M50.5,10.2c1.7,0,3.2,1.4,3.2,3.2s-1.4,3.2-3.2,3.2c-1.7,0-3.3-0.9-3.3-2.6S48.7,10.2,50.5,10.2z M66.2,10.2c1.5,0,3.4,1.4,3.4,3.2s-1.9,3.2-3.4,3.2c-1.5,0-2.6-0.4-2.6-2.1S64.8,10.2,66.2,10.2z M82.2,10.2c1.7,0.8,2.6,1.4,2.6,3.2s-0.1,3.2-1.6,3.2c-1.5,0-3.7-1.4-3.7-3.2S80.5,9.4,82.2,10.2zM98.6,10.2c1.5,0,2.6,0.4,2.6,2.1s-1.2,4.2-2.6,4.2c-1.5,0-3.7-0.4-3.7-2.1S97.1,10.2,98.6,10.2z M113.4,10.2c1.2,0,2.2,0.9,2.2,3.2s-0.1,3.2-1.3,3.2s-3.1-1.4-3.1-3.2S112.2,10.2,113.4,10.2z&#039;\/%3E%3C\/svg%3E&quot;);\">\n\t\t\t<span class=\"elementor-divider-separator\">\n\t\t\t\t\t\t<\/span>\n\t\t<\/div>\n\t\t\t\t\t\t<\/div>\n\t\t\t\t<\/div>\n\t\t\t\t\t<\/div>\n\t\t<\/div>\n\t\t\t\t\t<\/div>\n\t\t<\/section>\n\t\t\t\t<section class=\"elementor-section elementor-top-section elementor-element elementor-element-79fa9ba elementor-section-boxed elementor-section-height-default elementor-section-height-default\" data-id=\"79fa9ba\" data-element_type=\"section\">\n\t\t\t\t\t\t<div class=\"elementor-container elementor-column-gap-default\">\n\t\t\t\t\t<div class=\"elementor-column elementor-col-100 elementor-top-column elementor-element elementor-element-37cefcf\" data-id=\"37cefcf\" data-element_type=\"column\">\n\t\t\t<div class=\"elementor-widget-wrap elementor-element-populated\">\n\t\t\t\t\t\t<div class=\"elementor-element elementor-element-42706a8 elementor-widget elementor-widget-text-editor\" data-id=\"42706a8\" data-element_type=\"widget\" data-widget_type=\"text-editor.default\">\n\t\t\t\t<div class=\"elementor-widget-container\">\n\t\t\t\t\t\t\t\t\t<p style=\"text-align: justify\"><span style=\"color: #000000\">Durante toda la semana tambi\u00e9n se hicieron <strong>EXPOSICIONES<\/strong> en el porche del centro:<\/span><\/p><ul><li style=\"text-align: justify\"><span style=\"color: #000000\"><strong>\u201cUna mujer importante en mi vida<\/strong>\u201d con la que se pretendi\u00f3 visibilizar a las mujeres importantes que hay en nuestra vida para lo que se le pidi\u00f3 al alumnado de 3 y 4 a\u00f1os que trajera una foto de una o varias de las mujeres importantes en la vida de cada alumno y que explicara y escribiera con ayuda de la familia el\u00a0 por qu\u00e9\u00a0 lo era.<\/span><\/li><li style=\"text-align: justify\"><span style=\"color: #000000\">Exposici\u00f3n\u00a0<strong>\u201cTodos por la Corresponsabilidad<\/strong><\/span><span style=\"color: #000000\"><strong>\u201d<\/strong> al\u00a0 \u00a0alumnado de 5 a\u00f1os se le pidi\u00f3 \u00a0que hiciera un dibujo de c\u00f3mo sol\u00eda ayudar en casa y que escribiera con ayuda de la familia en que sol\u00edan ayudar.<\/span><\/li><\/ul>\t\t\t\t\t\t\t\t<\/div>\n\t\t\t\t<\/div>\n\t\t\t\t\t<\/div>\n\t\t<\/div>\n\t\t\t\t\t<\/div>\n\t\t<\/section>\n\t\t\t\t<section class=\"elementor-section elementor-top-section elementor-element elementor-element-2910d64 elementor-section-boxed elementor-section-height-default elementor-section-height-default\" data-id=\"2910d64\" data-element_type=\"section\">\n\t\t\t\t\t\t<div class=\"elementor-container elementor-column-gap-default\">\n\t\t\t\t\t<div class=\"elementor-column elementor-col-100 elementor-top-column elementor-element elementor-element-74e60b0\" data-id=\"74e60b0\" data-element_type=\"column\">\n\t\t\t<div class=\"elementor-widget-wrap elementor-element-populated\">\n\t\t\t\t\t\t<div class=\"elementor-element elementor-element-df9154e elementor-widget elementor-widget-image\" data-id=\"df9154e\" data-element_type=\"widget\" data-widget_type=\"image.default\">\n\t\t\t\t<div class=\"elementor-widget-container\">\n\t\t\t\t\t\t\t\t\t\t\t\t\t\t\t<img loading=\"lazy\" decoding=\"async\" width=\"885\" height=\"397\" src=\"https:\/\/blogsaverroes.juntadeandalucia.es\/eeimenendezpidalconil\/files\/2022\/03\/Imagen-1-15.png\" class=\"attachment-large size-large wp-image-2644\" alt=\"\" srcset=\"https:\/\/blogsaverroes.juntadeandalucia.es\/eeimenendezpidalconil\/files\/2022\/03\/Imagen-1-15.png 885w, https:\/\/blogsaverroes.juntadeandalucia.es\/eeimenendezpidalconil\/files\/2022\/03\/Imagen-1-15-300x135.png 300w, https:\/\/blogsaverroes.juntadeandalucia.es\/eeimenendezpidalconil\/files\/2022\/03\/Imagen-1-15-768x345.png 768w\" sizes=\"(max-width: 885px) 100vw, 885px\" \/>\t\t\t\t\t\t\t\t\t\t\t\t\t\t\t<\/div>\n\t\t\t\t<\/div>\n\t\t\t\t\t<\/div>\n\t\t<\/div>\n\t\t\t\t\t<\/div>\n\t\t<\/section>\n\t\t\t\t<section class=\"elementor-section elementor-top-section elementor-element elementor-element-ea84d2f elementor-section-boxed elementor-section-height-default elementor-section-height-default\" data-id=\"ea84d2f\" data-element_type=\"section\">\n\t\t\t\t\t\t<div class=\"elementor-container elementor-column-gap-default\">\n\t\t\t\t\t<div class=\"elementor-column elementor-col-100 elementor-top-column elementor-element elementor-element-37390e4\" data-id=\"37390e4\" data-element_type=\"column\">\n\t\t\t<div class=\"elementor-widget-wrap elementor-element-populated\">\n\t\t\t\t\t\t<div class=\"elementor-element elementor-element-cbea346 elementor-widget elementor-widget-video\" data-id=\"cbea346\" data-element_type=\"widget\" data-settings=\"{&quot;youtube_url&quot;:&quot;https:\\\/\\\/youtu.be\\\/FUgKiBYlkwI&quot;,&quot;video_type&quot;:&quot;youtube&quot;,&quot;controls&quot;:&quot;yes&quot;}\" data-widget_type=\"video.default\">\n\t\t\t\t<div class=\"elementor-widget-container\">\n\t\t\t\t\t\t\t<div class=\"elementor-wrapper elementor-open-inline\">\n\t\t\t<div class=\"elementor-video\"><\/div>\t\t<\/div>\n\t\t\t\t\t\t<\/div>\n\t\t\t\t<\/div>\n\t\t\t\t<div class=\"elementor-element elementor-element-4e6aa2f elementor-widget-divider--separator-type-pattern elementor-widget-divider--no-spacing elementor-widget-divider--view-line elementor-widget elementor-widget-divider\" data-id=\"4e6aa2f\" data-element_type=\"widget\" data-widget_type=\"divider.default\">\n\t\t\t\t<div class=\"elementor-widget-container\">\n\t\t\t\t\t\t\t<div class=\"elementor-divider\" style=\"--divider-pattern-url: url(&quot;data:image\/svg+xml,%3Csvg xmlns=&#039;http:\/\/www.w3.org\/2000\/svg&#039; preserveAspectRatio=&#039;xMidYMid meet&#039; overflow=&#039;visible&#039; height=&#039;100%&#039; viewBox=&#039;0 0 126 26&#039; fill=&#039;black&#039; stroke=&#039;none&#039;%3E%3Cpath d=&#039;M3,10.2c2.6,0,2.6,2,2.6,3.2S4.4,16.5,3,16.5s-3-1.4-3-3.2S0.4,10.2,3,10.2z M18.8,10.2c1.7,0,3.2,1.4,3.2,3.2s-1.4,3.2-3.2,3.2c-1.7,0-3.2-1.4-3.2-3.2S17,10.2,18.8,10.2z M34.6,10.2c1.5,0,2.6,1.4,2.6,3.2s-0.5,3.2-1.9,3.2c-1.5,0-3.4-1.4-3.4-3.2S33.1,10.2,34.6,10.2z M50.5,10.2c1.7,0,3.2,1.4,3.2,3.2s-1.4,3.2-3.2,3.2c-1.7,0-3.3-0.9-3.3-2.6S48.7,10.2,50.5,10.2z M66.2,10.2c1.5,0,3.4,1.4,3.4,3.2s-1.9,3.2-3.4,3.2c-1.5,0-2.6-0.4-2.6-2.1S64.8,10.2,66.2,10.2z M82.2,10.2c1.7,0.8,2.6,1.4,2.6,3.2s-0.1,3.2-1.6,3.2c-1.5,0-3.7-1.4-3.7-3.2S80.5,9.4,82.2,10.2zM98.6,10.2c1.5,0,2.6,0.4,2.6,2.1s-1.2,4.2-2.6,4.2c-1.5,0-3.7-0.4-3.7-2.1S97.1,10.2,98.6,10.2z M113.4,10.2c1.2,0,2.2,0.9,2.2,3.2s-0.1,3.2-1.3,3.2s-3.1-1.4-3.1-3.2S112.2,10.2,113.4,10.2z&#039;\/%3E%3C\/svg%3E&quot;);\">\n\t\t\t<span class=\"elementor-divider-separator\">\n\t\t\t\t\t\t<\/span>\n\t\t<\/div>\n\t\t\t\t\t\t<\/div>\n\t\t\t\t<\/div>\n\t\t\t\t\t<\/div>\n\t\t<\/div>\n\t\t\t\t\t<\/div>\n\t\t<\/section>\n\t\t\t\t<section class=\"elementor-section elementor-top-section elementor-element elementor-element-8c3aeb2 elementor-section-boxed elementor-section-height-default elementor-section-height-default\" data-id=\"8c3aeb2\" data-element_type=\"section\">\n\t\t\t\t\t\t<div class=\"elementor-container elementor-column-gap-default\">\n\t\t\t\t\t<div class=\"elementor-column elementor-col-100 elementor-top-column elementor-element elementor-element-c0c3f53\" data-id=\"c0c3f53\" data-element_type=\"column\">\n\t\t\t<div class=\"elementor-widget-wrap elementor-element-populated\">\n\t\t\t\t\t\t<div class=\"elementor-element elementor-element-a2fe415 elementor-widget elementor-widget-text-editor\" data-id=\"a2fe415\" data-element_type=\"widget\" data-widget_type=\"text-editor.default\">\n\t\t\t\t<div class=\"elementor-widget-container\">\n\t\t\t\t\t\t\t\t\t<p style=\"text-align: justify\"><span style=\"color: #000000\">Por \u00faltimo el Viernes 11 de Marzo y como clausura de la semana en torno al d\u00eda de la mujer \u00a0\u00a0y \u00a0de los trabajos realizados por las clases \u00a0con motivo del trabajo <strong>\u201cMujeres que dejan huella\u201d<\/strong>\u2026 vinieron\u00a0 algunas de las mujeres relevantes a contarnos su vida y trabajo\u2026a modo de entrevistas y \u00a0<strong>de CONFERENCIA- COLOQUIO <\/strong>\u00a0dirigido por la periodista y Directora de la Radio Juventud de Conil Pepi Olmedo. Asistieron al acto Anabel Moreno Concejala de\u00a0 Igualdad e Infancia, Patricia Molina Agente de la Guardia Civil en la localidad, Patricia Basallote \u00a0entrenadora de f\u00fatbol femenino del Club de F\u00fatbol Los Burre\u00f1os, Manuela Leal patrona pesquera, Mercedes Dur\u00e1n cantante y profesora de canto.<\/span><\/p>\t\t\t\t\t\t\t\t<\/div>\n\t\t\t\t<\/div>\n\t\t\t\t<div class=\"elementor-element elementor-element-142bf4b elementor-widget elementor-widget-image\" data-id=\"142bf4b\" data-element_type=\"widget\" data-widget_type=\"image.default\">\n\t\t\t\t<div class=\"elementor-widget-container\">\n\t\t\t\t\t\t\t\t\t\t\t\t\t\t\t<img loading=\"lazy\" decoding=\"async\" width=\"687\" height=\"447\" src=\"https:\/\/blogsaverroes.juntadeandalucia.es\/eeimenendezpidalconil\/files\/2022\/03\/Imagen-1-16.png\" class=\"attachment-large size-large wp-image-2652\" alt=\"\" srcset=\"https:\/\/blogsaverroes.juntadeandalucia.es\/eeimenendezpidalconil\/files\/2022\/03\/Imagen-1-16.png 687w, https:\/\/blogsaverroes.juntadeandalucia.es\/eeimenendezpidalconil\/files\/2022\/03\/Imagen-1-16-300x195.png 300w\" sizes=\"(max-width: 687px) 100vw, 687px\" \/>\t\t\t\t\t\t\t\t\t\t\t\t\t\t\t<\/div>\n\t\t\t\t<\/div>\n\t\t\t\t\t<\/div>\n\t\t<\/div>\n\t\t\t\t\t<\/div>\n\t\t<\/section>\n\t\t\t\t<section class=\"elementor-section elementor-top-section elementor-element elementor-element-53dc3e6 elementor-section-boxed elementor-section-height-default elementor-section-height-default\" data-id=\"53dc3e6\" data-element_type=\"section\">\n\t\t\t\t\t\t<div class=\"elementor-container elementor-column-gap-default\">\n\t\t\t\t\t<div class=\"elementor-column elementor-col-100 elementor-top-column elementor-element elementor-element-4390a1d\" data-id=\"4390a1d\" data-element_type=\"column\">\n\t\t\t<div class=\"elementor-widget-wrap elementor-element-populated\">\n\t\t\t\t\t\t<div class=\"elementor-element elementor-element-5e709a5 elementor-widget elementor-widget-image\" data-id=\"5e709a5\" data-element_type=\"widget\" data-widget_type=\"image.default\">\n\t\t\t\t<div class=\"elementor-widget-container\">\n\t\t\t\t\t\t\t\t\t\t\t\t\t\t\t<img loading=\"lazy\" decoding=\"async\" width=\"775\" height=\"414\" src=\"https:\/\/blogsaverroes.juntadeandalucia.es\/eeimenendezpidalconil\/files\/2022\/03\/Imagen-1-17.png\" class=\"attachment-large size-large wp-image-2653\" alt=\"\" srcset=\"https:\/\/blogsaverroes.juntadeandalucia.es\/eeimenendezpidalconil\/files\/2022\/03\/Imagen-1-17.png 775w, https:\/\/blogsaverroes.juntadeandalucia.es\/eeimenendezpidalconil\/files\/2022\/03\/Imagen-1-17-300x160.png 300w, https:\/\/blogsaverroes.juntadeandalucia.es\/eeimenendezpidalconil\/files\/2022\/03\/Imagen-1-17-768x410.png 768w\" sizes=\"(max-width: 775px) 100vw, 775px\" \/>\t\t\t\t\t\t\t\t\t\t\t\t\t\t\t<\/div>\n\t\t\t\t<\/div>\n\t\t\t\t<div class=\"elementor-element elementor-element-5419c35 elementor-widget elementor-widget-image\" data-id=\"5419c35\" data-element_type=\"widget\" data-widget_type=\"image.default\">\n\t\t\t\t<div class=\"elementor-widget-container\">\n\t\t\t\t\t\t\t\t\t\t\t\t\t\t\t<img loading=\"lazy\" decoding=\"async\" width=\"662\" height=\"497\" src=\"https:\/\/blogsaverroes.juntadeandalucia.es\/eeimenendezpidalconil\/files\/2022\/03\/Imagen-1-18.png\" class=\"attachment-large size-large wp-image-2654\" alt=\"\" srcset=\"https:\/\/blogsaverroes.juntadeandalucia.es\/eeimenendezpidalconil\/files\/2022\/03\/Imagen-1-18.png 662w, https:\/\/blogsaverroes.juntadeandalucia.es\/eeimenendezpidalconil\/files\/2022\/03\/Imagen-1-18-300x225.png 300w\" sizes=\"(max-width: 662px) 100vw, 662px\" \/>\t\t\t\t\t\t\t\t\t\t\t\t\t\t\t<\/div>\n\t\t\t\t<\/div>\n\t\t\t\t<div class=\"elementor-element elementor-element-9d35276 elementor-widget elementor-widget-text-editor\" data-id=\"9d35276\" data-element_type=\"widget\" data-widget_type=\"text-editor.default\">\n\t\t\t\t<div class=\"elementor-widget-container\">\n\t\t\t\t\t\t\t\t\t<p style=\"text-align: justify\"><span style=\"color: #000000\">Al alumnado de 5 a\u00f1os asisti\u00f3 a modo de actividad de transici\u00f3n a Primaria Roc\u00edo S\u00e1nchez Moreno especialista en Educaci\u00f3n F\u00edsica y futura maestra del alumnado de 5 a\u00f1os.<\/span><\/p>\t\t\t\t\t\t\t\t<\/div>\n\t\t\t\t<\/div>\n\t\t\t\t\t<\/div>\n\t\t<\/div>\n\t\t\t\t\t<\/div>\n\t\t<\/section>\n\t\t\t\t<section class=\"elementor-section elementor-top-section elementor-element elementor-element-7aacfe1 elementor-section-boxed elementor-section-height-default elementor-section-height-default\" data-id=\"7aacfe1\" data-element_type=\"section\">\n\t\t\t\t\t\t<div class=\"elementor-container elementor-column-gap-default\">\n\t\t\t\t\t<div class=\"elementor-column elementor-col-100 elementor-top-column elementor-element elementor-element-ccd3993\" data-id=\"ccd3993\" data-element_type=\"column\">\n\t\t\t<div class=\"elementor-widget-wrap elementor-element-populated\">\n\t\t\t\t\t\t<div class=\"elementor-element elementor-element-34b3f70 elementor-widget elementor-widget-image\" data-id=\"34b3f70\" data-element_type=\"widget\" data-widget_type=\"image.default\">\n\t\t\t\t<div class=\"elementor-widget-container\">\n\t\t\t\t\t\t\t\t\t\t\t\t\t\t\t<img loading=\"lazy\" decoding=\"async\" width=\"639\" height=\"479\" src=\"https:\/\/blogsaverroes.juntadeandalucia.es\/eeimenendezpidalconil\/files\/2022\/03\/Imagen-1-19.png\" class=\"attachment-large size-large wp-image-2658\" alt=\"\" srcset=\"https:\/\/blogsaverroes.juntadeandalucia.es\/eeimenendezpidalconil\/files\/2022\/03\/Imagen-1-19.png 639w, https:\/\/blogsaverroes.juntadeandalucia.es\/eeimenendezpidalconil\/files\/2022\/03\/Imagen-1-19-300x225.png 300w\" sizes=\"(max-width: 639px) 100vw, 639px\" \/>\t\t\t\t\t\t\t\t\t\t\t\t\t\t\t<\/div>\n\t\t\t\t<\/div>\n\t\t\t\t\t<\/div>\n\t\t<\/div>\n\t\t\t\t\t<\/div>\n\t\t<\/section>\n\t\t\t\t<section class=\"elementor-section elementor-top-section elementor-element elementor-element-b652c7b elementor-section-boxed elementor-section-height-default elementor-section-height-default\" data-id=\"b652c7b\" data-element_type=\"section\">\n\t\t\t\t\t\t<div class=\"elementor-container elementor-column-gap-default\">\n\t\t\t\t\t<div class=\"elementor-column elementor-col-100 elementor-top-column elementor-element elementor-element-48d5a78\" data-id=\"48d5a78\" data-element_type=\"column\">\n\t\t\t<div class=\"elementor-widget-wrap elementor-element-populated\">\n\t\t\t\t\t\t<div class=\"elementor-element elementor-element-c59f5b0 elementor-widget elementor-widget-text-editor\" data-id=\"c59f5b0\" data-element_type=\"widget\" data-widget_type=\"text-editor.default\">\n\t\t\t\t<div class=\"elementor-widget-container\">\n\t\t\t\t\t\t\t\t\t<p style=\"text-align: justify\"><span style=\"color: #000000\">Todas ellas son <b>\u201cMujeres que marcan Huella\u201d\u2026 Y TODO UN EJEMPLO DE MUJERES PARA NUESTRO ALUMNADO<\/b>. A todas ellas les regalamos un recuerdo con este lema a modo de Chapa imperdible para que nos recuerden siempre.<\/span><\/p>\t\t\t\t\t\t\t\t<\/div>\n\t\t\t\t<\/div>\n\t\t\t\t\t<\/div>\n\t\t<\/div>\n\t\t\t\t\t<\/div>\n\t\t<\/section>\n\t\t\t\t<section class=\"elementor-section elementor-top-section elementor-element elementor-element-4015de4 elementor-section-boxed elementor-section-height-default elementor-section-height-default\" data-id=\"4015de4\" data-element_type=\"section\">\n\t\t\t\t\t\t<div class=\"elementor-container elementor-column-gap-default\">\n\t\t\t\t\t<div class=\"elementor-column elementor-col-100 elementor-top-column elementor-element elementor-element-12bb603\" data-id=\"12bb603\" data-element_type=\"column\">\n\t\t\t<div class=\"elementor-widget-wrap elementor-element-populated\">\n\t\t\t\t\t\t<div class=\"elementor-element elementor-element-b05b850 elementor-widget elementor-widget-image\" data-id=\"b05b850\" data-element_type=\"widget\" data-widget_type=\"image.default\">\n\t\t\t\t<div class=\"elementor-widget-container\">\n\t\t\t\t\t\t\t\t\t\t\t\t\t\t\t<img loading=\"lazy\" decoding=\"async\" width=\"550\" height=\"595\" src=\"https:\/\/blogsaverroes.juntadeandalucia.es\/eeimenendezpidalconil\/files\/2022\/03\/Imagen-1-20.png\" class=\"attachment-large size-large wp-image-2659\" alt=\"\" srcset=\"https:\/\/blogsaverroes.juntadeandalucia.es\/eeimenendezpidalconil\/files\/2022\/03\/Imagen-1-20.png 550w, https:\/\/blogsaverroes.juntadeandalucia.es\/eeimenendezpidalconil\/files\/2022\/03\/Imagen-1-20-277x300.png 277w\" sizes=\"(max-width: 550px) 100vw, 550px\" \/>\t\t\t\t\t\t\t\t\t\t\t\t\t\t\t<\/div>\n\t\t\t\t<\/div>\n\t\t\t\t\t<\/div>\n\t\t<\/div>\n\t\t\t\t\t<\/div>\n\t\t<\/section>\n\t\t\t\t<\/div>\n\t\t","protected":false},"excerpt":{"rendered":"<p>Gracias a la subvenci\u00f3n hemos aumentado nuestra biblioteca de la Igualdad con nuevos t\u00edtulos: COMPRA \u00a0del carro biblioteca de la Igualdad ACTIVIDADES ENTORNO AL 8 DE MARZO D\u00cdA INTERNACIONAL DE LA MUJER Actividades en&#46;&#46;&#46;<\/p>\n","protected":false},"author":11137,"featured_media":2691,"comment_status":"open","ping_status":"open","sticky":false,"template":"","format":"standard","meta":{"ngg_post_thumbnail":0,"footnotes":""},"categories":[2351671],"tags":[],"aioseo_notices":[],"_links":{"self":[{"href":"https:\/\/blogsaverroes.juntadeandalucia.es\/eeimenendezpidalconil\/wp-json\/wp\/v2\/posts\/2711"}],"collection":[{"href":"https:\/\/blogsaverroes.juntadeandalucia.es\/eeimenendezpidalconil\/wp-json\/wp\/v2\/posts"}],"about":[{"href":"https:\/\/blogsaverroes.juntadeandalucia.es\/eeimenendezpidalconil\/wp-json\/wp\/v2\/types\/post"}],"author":[{"embeddable":true,"href":"https:\/\/blogsaverroes.juntadeandalucia.es\/eeimenendezpidalconil\/wp-json\/wp\/v2\/users\/11137"}],"replies":[{"embeddable":true,"href":"https:\/\/blogsaverroes.juntadeandalucia.es\/eeimenendezpidalconil\/wp-json\/wp\/v2\/comments?post=2711"}],"version-history":[{"count":25,"href":"https:\/\/blogsaverroes.juntadeandalucia.es\/eeimenendezpidalconil\/wp-json\/wp\/v2\/posts\/2711\/revisions"}],"predecessor-version":[{"id":2755,"href":"https:\/\/blogsaverroes.juntadeandalucia.es\/eeimenendezpidalconil\/wp-json\/wp\/v2\/posts\/2711\/revisions\/2755"}],"wp:featuredmedia":[{"embeddable":true,"href":"https:\/\/blogsaverroes.juntadeandalucia.es\/eeimenendezpidalconil\/wp-json\/wp\/v2\/media\/2691"}],"wp:attachment":[{"href":"https:\/\/blogsaverroes.juntadeandalucia.es\/eeimenendezpidalconil\/wp-json\/wp\/v2\/media?parent=2711"}],"wp:term":[{"taxonomy":"category","embeddable":true,"href":"https:\/\/blogsaverroes.juntadeandalucia.es\/eeimenendezpidalconil\/wp-json\/wp\/v2\/categories?post=2711"},{"taxonomy":"post_tag","embeddable":true,"href":"https:\/\/blogsaverroes.juntadeandalucia.es\/eeimenendezpidalconil\/wp-json\/wp\/v2\/tags?post=2711"}],"curies":[{"name":"wp","href":"https:\/\/api.w.org\/{rel}","templated":true}]}}