{"id":3645,"date":"2023-03-08T08:52:54","date_gmt":"2023-03-08T08:52:54","guid":{"rendered":"https:\/\/blogsaverroes.juntadeandalucia.es\/eeimenendezpidalconil\/?p=3645"},"modified":"2023-03-09T11:11:00","modified_gmt":"2023-03-09T11:11:00","slug":"8-marzo-2023","status":"publish","type":"post","link":"https:\/\/blogsaverroes.juntadeandalucia.es\/eeimenendezpidalconil\/8-marzo-2023\/","title":{"rendered":"8 MARZO 2023"},"content":{"rendered":"\t\t<div data-elementor-type=\"wp-post\" data-elementor-id=\"3645\" class=\"elementor elementor-3645\">\n\t\t\t\t\t\t<section class=\"elementor-section elementor-top-section elementor-element elementor-element-94bbda9 elementor-section-boxed elementor-section-height-default elementor-section-height-default\" data-id=\"94bbda9\" data-element_type=\"section\">\n\t\t\t\t\t\t<div class=\"elementor-container elementor-column-gap-default\">\n\t\t\t\t\t<div class=\"elementor-column elementor-col-100 elementor-top-column elementor-element elementor-element-27ea889\" data-id=\"27ea889\" data-element_type=\"column\">\n\t\t\t<div class=\"elementor-widget-wrap elementor-element-populated\">\n\t\t\t\t\t\t<div class=\"elementor-element elementor-element-83bc86c elementor-widget elementor-widget-heading\" data-id=\"83bc86c\" data-element_type=\"widget\" data-widget_type=\"heading.default\">\n\t\t\t\t<div class=\"elementor-widget-container\">\n\t\t\t\t\t<h2 class=\"elementor-heading-title elementor-size-default\">SEMANA DEL 6 AL 10 DE MARZO \"D\u00cdA INTERNACIONAL DE LA MUJER\"<br><\/h2>\t\t\t\t<\/div>\n\t\t\t\t<\/div>\n\t\t\t\t\t<\/div>\n\t\t<\/div>\n\t\t\t\t\t<\/div>\n\t\t<\/section>\n\t\t\t\t<section class=\"elementor-section elementor-top-section elementor-element elementor-element-cca001d elementor-section-boxed elementor-section-height-default elementor-section-height-default\" data-id=\"cca001d\" data-element_type=\"section\">\n\t\t\t\t\t\t<div class=\"elementor-container elementor-column-gap-default\">\n\t\t\t\t\t<div class=\"elementor-column elementor-col-100 elementor-top-column elementor-element elementor-element-67529e0\" data-id=\"67529e0\" data-element_type=\"column\">\n\t\t\t<div class=\"elementor-widget-wrap elementor-element-populated\">\n\t\t\t\t\t\t<div class=\"elementor-element elementor-element-5b00f51 elementor-widget elementor-widget-text-editor\" data-id=\"5b00f51\" data-element_type=\"widget\" data-widget_type=\"text-editor.default\">\n\t\t\t\t<div class=\"elementor-widget-container\">\n\t\t\t\t\t\t\t\t\t<div class=\"page\" title=\"Page 1\"><div class=\"layoutArea\"><div class=\"column\"><ol><li><span style=\"color: #000000\">A lo largo de la semana se leer\u00e1n dos cuentos:<\/span><\/li><\/ol><\/div><\/div><\/div>\t\t\t\t\t\t\t\t<\/div>\n\t\t\t\t<\/div>\n\t\t\t\t\t<\/div>\n\t\t<\/div>\n\t\t\t\t\t<\/div>\n\t\t<\/section>\n\t\t\t\t<section class=\"elementor-section elementor-top-section elementor-element elementor-element-f77c201 elementor-section-boxed elementor-section-height-default elementor-section-height-default\" data-id=\"f77c201\" data-element_type=\"section\">\n\t\t\t\t\t\t<div class=\"elementor-container elementor-column-gap-default\">\n\t\t\t\t\t<div class=\"elementor-column elementor-col-100 elementor-top-column elementor-element elementor-element-d5590e1\" data-id=\"d5590e1\" data-element_type=\"column\">\n\t\t\t<div class=\"elementor-widget-wrap elementor-element-populated\">\n\t\t\t\t\t\t<div class=\"elementor-element elementor-element-135c968 elementor-position-top elementor-widget elementor-widget-image-box\" data-id=\"135c968\" data-element_type=\"widget\" data-widget_type=\"image-box.default\">\n\t\t\t\t<div class=\"elementor-widget-container\">\n\t\t\t\t\t<div class=\"elementor-image-box-wrapper\"><figure class=\"elementor-image-box-img\"><img fetchpriority=\"high\" decoding=\"async\" width=\"458\" height=\"580\" src=\"https:\/\/blogsaverroes.juntadeandalucia.es\/eeimenendezpidalconil\/files\/2023\/03\/Captura-de-Pantalla-2023-03-08-a-las-9.57.08.png\" class=\"attachment-full size-full wp-image-3649\" alt=\"\" srcset=\"https:\/\/blogsaverroes.juntadeandalucia.es\/eeimenendezpidalconil\/files\/2023\/03\/Captura-de-Pantalla-2023-03-08-a-las-9.57.08.png 458w, https:\/\/blogsaverroes.juntadeandalucia.es\/eeimenendezpidalconil\/files\/2023\/03\/Captura-de-Pantalla-2023-03-08-a-las-9.57.08-237x300.png 237w\" sizes=\"(max-width: 458px) 100vw, 458px\" \/><\/figure><div class=\"elementor-image-box-content\"><h3 class=\"elementor-image-box-title\">CUENTO: MAM\u00c1 ROBOT<\/h3><p class=\"elementor-image-box-description\"><span style=\"font-family: Roboto, sans-serif;font-size: 18px;font-style: normal;text-align: start\">&nbsp;\u201cResulta tremendamente pra\u0301ctico tener en casa una mama\u0301 robot que se encargue de hacerlo todo....Pero \u00bfy si un di\u0301a decidiera ponerse en huelga?<\/span><\/p><\/div><\/div>\t\t\t\t<\/div>\n\t\t\t\t<\/div>\n\t\t\t\t\t<\/div>\n\t\t<\/div>\n\t\t\t\t\t<\/div>\n\t\t<\/section>\n\t\t\t\t<section class=\"elementor-section elementor-top-section elementor-element elementor-element-b167ee6 elementor-section-boxed elementor-section-height-default elementor-section-height-default\" data-id=\"b167ee6\" data-element_type=\"section\">\n\t\t\t\t\t\t<div class=\"elementor-container elementor-column-gap-default\">\n\t\t\t\t\t<div class=\"elementor-column elementor-col-100 elementor-top-column elementor-element elementor-element-ed872ae\" data-id=\"ed872ae\" data-element_type=\"column\">\n\t\t\t<div class=\"elementor-widget-wrap elementor-element-populated\">\n\t\t\t\t\t\t<div class=\"elementor-element elementor-element-f11974e elementor-position-top elementor-widget elementor-widget-image-box\" data-id=\"f11974e\" data-element_type=\"widget\" data-widget_type=\"image-box.default\">\n\t\t\t\t<div class=\"elementor-widget-container\">\n\t\t\t\t\t<div class=\"elementor-image-box-wrapper\"><figure class=\"elementor-image-box-img\"><img decoding=\"async\" width=\"496\" height=\"694\" src=\"https:\/\/blogsaverroes.juntadeandalucia.es\/eeimenendezpidalconil\/files\/2023\/03\/Captura-de-Pantalla-2023-03-08-a-las-10.00.33.png\" class=\"attachment-full size-full wp-image-3650\" alt=\"\" srcset=\"https:\/\/blogsaverroes.juntadeandalucia.es\/eeimenendezpidalconil\/files\/2023\/03\/Captura-de-Pantalla-2023-03-08-a-las-10.00.33.png 496w, https:\/\/blogsaverroes.juntadeandalucia.es\/eeimenendezpidalconil\/files\/2023\/03\/Captura-de-Pantalla-2023-03-08-a-las-10.00.33-214x300.png 214w\" sizes=\"(max-width: 496px) 100vw, 496px\" \/><\/figure><div class=\"elementor-image-box-content\"><h3 class=\"elementor-image-box-title\">CUENTO: MAM\u00c1 AL GALOPE<\/h3><p class=\"elementor-image-box-description\">Un libro dedicado a las mam\u00e1s-hero\u00ednas que corren todo el d\u00eda arriba y abajo.\n <\/p><\/div><\/div>\t\t\t\t<\/div>\n\t\t\t\t<\/div>\n\t\t\t\t\t<\/div>\n\t\t<\/div>\n\t\t\t\t\t<\/div>\n\t\t<\/section>\n\t\t\t\t<section class=\"elementor-section elementor-top-section elementor-element elementor-element-eb6d62a elementor-section-boxed elementor-section-height-default elementor-section-height-default\" data-id=\"eb6d62a\" data-element_type=\"section\">\n\t\t\t\t\t\t<div class=\"elementor-container elementor-column-gap-default\">\n\t\t\t\t\t<div class=\"elementor-column elementor-col-100 elementor-top-column elementor-element elementor-element-98d844e\" data-id=\"98d844e\" data-element_type=\"column\">\n\t\t\t<div class=\"elementor-widget-wrap elementor-element-populated\">\n\t\t\t\t\t\t<div class=\"elementor-element elementor-element-8860239 elementor-widget elementor-widget-text-editor\" data-id=\"8860239\" data-element_type=\"widget\" data-widget_type=\"text-editor.default\">\n\t\t\t\t<div class=\"elementor-widget-container\">\n\t\t\t\t\t\t\t\t\t<div class=\"page\" title=\"Page 1\"><div class=\"layoutArea\"><div class=\"column\"><p><span style=\"color: #000000\">Una vez que se han visto estos cuentos se entablar\u00e1 en clase una asamblea en la que se trate el tema de la colaboracio\u0301n en las tareas del hogar de acuerdo a las posibilidades de estas edades, y hacer un dibujo en clase en el que el alumnado se dibuje en las tareas en las que colabore.<\/span><\/p><\/div><\/div><\/div><div class=\"page\" title=\"Page 2\"><div class=\"layoutArea\"><div class=\"column\"><p><span style=\"color: #000000\">Estos dibujos se expondr\u00e1n en el PORCHE DEL COLEGIO.\u00a0<\/span><\/p><\/div><\/div><\/div>\t\t\t\t\t\t\t\t<\/div>\n\t\t\t\t<\/div>\n\t\t\t\t\t<\/div>\n\t\t<\/div>\n\t\t\t\t\t<\/div>\n\t\t<\/section>\n\t\t\t\t<section class=\"elementor-section elementor-top-section elementor-element elementor-element-c2315b1 elementor-section-boxed elementor-section-height-default elementor-section-height-default\" data-id=\"c2315b1\" data-element_type=\"section\">\n\t\t\t\t\t\t<div class=\"elementor-container elementor-column-gap-default\">\n\t\t\t\t\t<div class=\"elementor-column elementor-col-100 elementor-top-column elementor-element elementor-element-3afffec\" data-id=\"3afffec\" data-element_type=\"column\">\n\t\t\t<div class=\"elementor-widget-wrap elementor-element-populated\">\n\t\t\t\t\t\t<div class=\"elementor-element elementor-element-579c7bf elementor-widget elementor-widget-text-editor\" data-id=\"579c7bf\" data-element_type=\"widget\" data-widget_type=\"text-editor.default\">\n\t\t\t\t<div class=\"elementor-widget-container\">\n\t\t\t\t\t\t\t\t\t<p><span style=\"color: #000000\">2. Visionado en clase durante la semana del Genially <strong>\u201cMujeres Conilen\u0303as de hoy y de siempre&#8230;\u201d <\/strong>presentacio\u0301n de diferentes mujeres de nuestro pueblo\u00a0en diferentes sectores laborales explicando a que se dedican y ensen\u0303a\u0301ndonos su trabajo y que son un referente en igualdad para el alumnado.\u00a0<\/span><\/p><p style=\"text-align: center\"><span style=\"color: #ff0000\"><strong>Pichad la imagen para ver presentaci\u00f3n<\/strong><\/span><\/p>\t\t\t\t\t\t\t\t<\/div>\n\t\t\t\t<\/div>\n\t\t\t\t\t<\/div>\n\t\t<\/div>\n\t\t\t\t\t<\/div>\n\t\t<\/section>\n\t\t\t\t<section class=\"elementor-section elementor-top-section elementor-element elementor-element-bc53afb elementor-section-boxed elementor-section-height-default elementor-section-height-default\" data-id=\"bc53afb\" data-element_type=\"section\">\n\t\t\t\t\t\t<div class=\"elementor-container elementor-column-gap-default\">\n\t\t\t\t\t<div class=\"elementor-column elementor-col-100 elementor-top-column elementor-element elementor-element-d41a23a\" data-id=\"d41a23a\" data-element_type=\"column\">\n\t\t\t<div class=\"elementor-widget-wrap elementor-element-populated\">\n\t\t\t\t\t\t<div class=\"elementor-element elementor-element-c46cbb9 elementor-widget elementor-widget-image\" data-id=\"c46cbb9\" data-element_type=\"widget\" data-widget_type=\"image.default\">\n\t\t\t\t<div class=\"elementor-widget-container\">\n\t\t\t\t\t\t\t\t\t\t\t\t\t\t\t\t<a href=\"https:\/\/view.genial.ly\/6018f3fc8617870d8a45b9c0\/presentation-mujeres-conilenas-de-hoy-y-de-siempre\">\n\t\t\t\t\t\t\t<img decoding=\"async\" width=\"1024\" height=\"571\" src=\"https:\/\/blogsaverroes.juntadeandalucia.es\/eeimenendezpidalconil\/files\/2023\/03\/Captura-de-Pantalla-2023-03-09-a-las-10.54.11-1024x571.png\" class=\"attachment-large size-large wp-image-3749\" alt=\"\" srcset=\"https:\/\/blogsaverroes.juntadeandalucia.es\/eeimenendezpidalconil\/files\/2023\/03\/Captura-de-Pantalla-2023-03-09-a-las-10.54.11-1024x571.png 1024w, https:\/\/blogsaverroes.juntadeandalucia.es\/eeimenendezpidalconil\/files\/2023\/03\/Captura-de-Pantalla-2023-03-09-a-las-10.54.11-300x167.png 300w, https:\/\/blogsaverroes.juntadeandalucia.es\/eeimenendezpidalconil\/files\/2023\/03\/Captura-de-Pantalla-2023-03-09-a-las-10.54.11-768x428.png 768w, https:\/\/blogsaverroes.juntadeandalucia.es\/eeimenendezpidalconil\/files\/2023\/03\/Captura-de-Pantalla-2023-03-09-a-las-10.54.11.png 1442w\" sizes=\"(max-width: 1024px) 100vw, 1024px\" \/>\t\t\t\t\t\t\t\t<\/a>\n\t\t\t\t\t\t\t\t\t\t\t\t\t\t\t<\/div>\n\t\t\t\t<\/div>\n\t\t\t\t\t<\/div>\n\t\t<\/div>\n\t\t\t\t\t<\/div>\n\t\t<\/section>\n\t\t\t\t<section class=\"elementor-section elementor-top-section elementor-element elementor-element-f9f6582 elementor-section-boxed elementor-section-height-default elementor-section-height-default\" data-id=\"f9f6582\" data-element_type=\"section\">\n\t\t\t\t\t\t<div class=\"elementor-container elementor-column-gap-default\">\n\t\t\t\t\t<div class=\"elementor-column elementor-col-100 elementor-top-column elementor-element elementor-element-d83d5d0\" data-id=\"d83d5d0\" data-element_type=\"column\">\n\t\t\t<div class=\"elementor-widget-wrap elementor-element-populated\">\n\t\t\t\t\t\t<div class=\"elementor-element elementor-element-ceff588 elementor-widget elementor-widget-text-editor\" data-id=\"ceff588\" data-element_type=\"widget\" data-widget_type=\"text-editor.default\">\n\t\t\t\t<div class=\"elementor-widget-container\">\n\t\t\t\t\t\t\t\t\t<p><span style=\"color: #000000\">3. <\/span><strong style=\"color: #000000\">Gymkana Coeducativa<\/strong><span style=\"color: #000000\"> que se realizara por niveles durante la semana del 6-10 de Marzo. Di\u0301as 7 de Marzo 3 an\u0303os, 8 de Marzo 4 an\u0303os, 9 de Marzo 5 an\u0303os. Conforme realicen la gymkhana se les repartira\u0301 una medalla a cada nin\u0303o\/a. \u201c8 Marzo, Yo colaboro en Casa \u00bfy Tu\u0301?\u201d<\/span><\/p><p><span style=\"color: #000000\">4. Realizacio\u0301n de un <b>mural de un corazo\u0301n violeta con la te\u0301cnica del patchwork <\/b>entre todas las clases. A cada alumno\/a se le repartira\u0301 un corazo\u0301n que coloreara\u0301 con la gama de tonalidades y colores violetas y utilizando la te\u0301cnica que quiera; bolitas de papel de diferentes colores violeta, pinturas, punteado con rotulador violeta, rayitas, lunares&#8230;etc. Se puede an\u0303adir por clase algu\u0301n mensaje en uno de los corazones; igualdad, tolerancia, corresponsabilidad, no violencia, respeto, amor, coeducacio\u0301n,&#8230; Estos corazones se pegaran por clase en una silueta de corazo\u0301n que pondremos en el porche del colegio.<\/span><\/p><p><span style=\"color: #000000\">Esta semana en las entradas y salidas se elegira\u0301n canciones y mu\u0301sica referente al di\u0301a de la Mujer: \u201dDepende de los 2\u201d y \u00a0\u201cMujer de las mil batallas\u201d.\u00a0<\/span><\/p>\t\t\t\t\t\t\t\t<\/div>\n\t\t\t\t<\/div>\n\t\t\t\t\t<\/div>\n\t\t<\/div>\n\t\t\t\t\t<\/div>\n\t\t<\/section>\n\t\t\t\t<section class=\"elementor-section elementor-top-section elementor-element elementor-element-4b00519 elementor-section-boxed elementor-section-height-default elementor-section-height-default\" data-id=\"4b00519\" data-element_type=\"section\">\n\t\t\t\t\t\t<div class=\"elementor-container elementor-column-gap-default\">\n\t\t\t\t\t<div class=\"elementor-column elementor-col-100 elementor-top-column elementor-element elementor-element-759c69f\" data-id=\"759c69f\" data-element_type=\"column\">\n\t\t\t<div class=\"elementor-widget-wrap elementor-element-populated\">\n\t\t\t\t\t\t<div class=\"elementor-element elementor-element-876c86f elementor-widget elementor-widget-video\" data-id=\"876c86f\" data-element_type=\"widget\" data-settings=\"{&quot;youtube_url&quot;:&quot;https:\\\/\\\/www.youtube.com\\\/watch?v=iTZhLLPjAvY&quot;,&quot;video_type&quot;:&quot;youtube&quot;,&quot;controls&quot;:&quot;yes&quot;}\" data-widget_type=\"video.default\">\n\t\t\t\t<div class=\"elementor-widget-container\">\n\t\t\t\t\t\t\t<div class=\"elementor-wrapper elementor-open-inline\">\n\t\t\t<div class=\"elementor-video\"><\/div>\t\t<\/div>\n\t\t\t\t\t\t<\/div>\n\t\t\t\t<\/div>\n\t\t\t\t\t<\/div>\n\t\t<\/div>\n\t\t\t\t\t<\/div>\n\t\t<\/section>\n\t\t\t\t<section class=\"elementor-section elementor-top-section elementor-element elementor-element-2a3ee1b elementor-section-boxed elementor-section-height-default elementor-section-height-default\" data-id=\"2a3ee1b\" data-element_type=\"section\">\n\t\t\t\t\t\t<div class=\"elementor-container elementor-column-gap-default\">\n\t\t\t\t\t<div class=\"elementor-column elementor-col-100 elementor-top-column elementor-element elementor-element-ea660ee\" data-id=\"ea660ee\" data-element_type=\"column\">\n\t\t\t<div class=\"elementor-widget-wrap elementor-element-populated\">\n\t\t\t\t\t\t<div class=\"elementor-element elementor-element-fa3cba4 elementor-widget elementor-widget-video\" data-id=\"fa3cba4\" data-element_type=\"widget\" data-settings=\"{&quot;youtube_url&quot;:&quot;https:\\\/\\\/www.youtube.com\\\/watch?v=F4UsS1kBa18&quot;,&quot;video_type&quot;:&quot;youtube&quot;,&quot;controls&quot;:&quot;yes&quot;}\" data-widget_type=\"video.default\">\n\t\t\t\t<div class=\"elementor-widget-container\">\n\t\t\t\t\t\t\t<div class=\"elementor-wrapper elementor-open-inline\">\n\t\t\t<div class=\"elementor-video\"><\/div>\t\t<\/div>\n\t\t\t\t\t\t<\/div>\n\t\t\t\t<\/div>\n\t\t\t\t\t<\/div>\n\t\t<\/div>\n\t\t\t\t\t<\/div>\n\t\t<\/section>\n\t\t\t\t<\/div>\n\t\t","protected":false},"excerpt":{"rendered":"<p>SEMANA DEL 6 AL 10 DE MARZO \u00abD\u00cdA INTERNACIONAL DE LA MUJER\u00bb A lo largo de la semana se leer\u00e1n dos cuentos: CUENTO: MAM\u00c1 ROBOT &nbsp;\u201cResulta tremendamente pra\u0301ctico tener en casa una mama\u0301 robot&#46;&#46;&#46;<\/p>\n","protected":false},"author":11137,"featured_media":3646,"comment_status":"open","ping_status":"open","sticky":false,"template":"elementor_theme","format":"standard","meta":{"ngg_post_thumbnail":0,"footnotes":""},"categories":[2351668,2351671],"tags":[],"aioseo_notices":[],"_links":{"self":[{"href":"https:\/\/blogsaverroes.juntadeandalucia.es\/eeimenendezpidalconil\/wp-json\/wp\/v2\/posts\/3645"}],"collection":[{"href":"https:\/\/blogsaverroes.juntadeandalucia.es\/eeimenendezpidalconil\/wp-json\/wp\/v2\/posts"}],"about":[{"href":"https:\/\/blogsaverroes.juntadeandalucia.es\/eeimenendezpidalconil\/wp-json\/wp\/v2\/types\/post"}],"author":[{"embeddable":true,"href":"https:\/\/blogsaverroes.juntadeandalucia.es\/eeimenendezpidalconil\/wp-json\/wp\/v2\/users\/11137"}],"replies":[{"embeddable":true,"href":"https:\/\/blogsaverroes.juntadeandalucia.es\/eeimenendezpidalconil\/wp-json\/wp\/v2\/comments?post=3645"}],"version-history":[{"count":100,"href":"https:\/\/blogsaverroes.juntadeandalucia.es\/eeimenendezpidalconil\/wp-json\/wp\/v2\/posts\/3645\/revisions"}],"predecessor-version":[{"id":3765,"href":"https:\/\/blogsaverroes.juntadeandalucia.es\/eeimenendezpidalconil\/wp-json\/wp\/v2\/posts\/3645\/revisions\/3765"}],"wp:featuredmedia":[{"embeddable":true,"href":"https:\/\/blogsaverroes.juntadeandalucia.es\/eeimenendezpidalconil\/wp-json\/wp\/v2\/media\/3646"}],"wp:attachment":[{"href":"https:\/\/blogsaverroes.juntadeandalucia.es\/eeimenendezpidalconil\/wp-json\/wp\/v2\/media?parent=3645"}],"wp:term":[{"taxonomy":"category","embeddable":true,"href":"https:\/\/blogsaverroes.juntadeandalucia.es\/eeimenendezpidalconil\/wp-json\/wp\/v2\/categories?post=3645"},{"taxonomy":"post_tag","embeddable":true,"href":"https:\/\/blogsaverroes.juntadeandalucia.es\/eeimenendezpidalconil\/wp-json\/wp\/v2\/tags?post=3645"}],"curies":[{"name":"wp","href":"https:\/\/api.w.org\/{rel}","templated":true}]}}