{"id":4539,"date":"2024-02-01T16:04:26","date_gmt":"2024-02-01T16:04:26","guid":{"rendered":"https:\/\/blogsaverroes.juntadeandalucia.es\/eeimenendezpidalconil\/?p=4539"},"modified":"2024-02-01T17:49:28","modified_gmt":"2024-02-01T17:49:28","slug":"elementor-4539","status":"publish","type":"post","link":"https:\/\/blogsaverroes.juntadeandalucia.es\/eeimenendezpidalconil\/elementor-4539\/","title":{"rendered":"INAUGURACI\u00d3N AULA DE APOYO A LA INTEGRACI\u00d3N"},"content":{"rendered":"\t\t<div data-elementor-type=\"wp-post\" data-elementor-id=\"4539\" class=\"elementor elementor-4539\">\n\t\t\t\t\t\t<section class=\"elementor-section elementor-top-section elementor-element elementor-element-b1027db elementor-section-boxed elementor-section-height-default elementor-section-height-default\" data-id=\"b1027db\" data-element_type=\"section\">\n\t\t\t\t\t\t<div class=\"elementor-container elementor-column-gap-default\">\n\t\t\t\t\t<div class=\"elementor-column elementor-col-100 elementor-top-column elementor-element elementor-element-9fba9bf\" data-id=\"9fba9bf\" data-element_type=\"column\">\n\t\t\t<div class=\"elementor-widget-wrap elementor-element-populated\">\n\t\t\t\t\t\t<div class=\"elementor-element elementor-element-83b653f elementor-widget elementor-widget-text-editor\" data-id=\"83b653f\" data-element_type=\"widget\" data-widget_type=\"text-editor.default\">\n\t\t\t\t<div class=\"elementor-widget-container\">\n\t\t\t\t\t\t\t\t\t<p style=\"text-align: justify\"><span style=\"color: #000000\">Hoy jueves 1 de febrero, se ha inaugurado en nuestro colegio el <strong>\u201cAULA DE APOYO A LA INTEGRACI\u00d3N\u201d<\/strong>,<\/span> <span style=\"color: #000000\">en un acto presidido por Do\u00f1a Mar\u00eda Isabel Paredes Serrano, Delegada Territorial de Desarrollo Educativo, acompa\u00f1ada por<\/span><span style=\"color: #000000\"> el Concejal de Educaci\u00f3n, Don Sergio<\/span> <span style=\"color: #000000\">C\u00e1ceres Basallote, el Concejal de Cultura y Fiesta , Don Antonio Arag\u00f3n Dorca \u00a0as\u00ed como otros integrantes de la corporaci\u00f3n local del Ayuntamiento de Conil y por la Inspectora de<\/span> <span style=\"color: #000000\">zona, Do\u00f1a Cristina Blanco.<\/span><br \/><span style=\"color: #000000\">Este aula se crea con el objetivo de dar una respuesta educativa adecuada a las necesidades de<\/span> <span style=\"color: #000000\">cada alumno\/a y a la implementaci\u00f3n de los programas espec\u00edficos que precisen, a cargo de los<\/span> <span style=\"color: #000000\">especialistas de AL y PT, en un ambiente motivador, l\u00fadico y agradable.<\/span><br \/><span style=\"color: #000000\">Para nosotros este aula es la respuesta para atender a la diversidad del alumnado de forma<\/span> <span style=\"color: #000000\">adecuada, no trat\u00e1ndose de un aula a tiempo completo, sino que el alumnado es atendido de forma<\/span> <span style=\"color: #000000\">individual o en peque\u00f1o grupo en sesiones de aproximadamente media hora en aquellas aspectos que<\/span><br \/><span style=\"color: #000000\">precisa por la especialista de Audici\u00f3n y Lenguaje.<\/span><br \/><span style=\"color: #000000\">Esta modalidad favorece:<\/span><\/p><ul><li style=\"text-align: justify\"><span style=\"color: #000000\">Atender objetivos personalizados del desarrollo madurativo.<\/span><\/li><li style=\"text-align: justify\"><span style=\"color: #000000\">Ofrecer un ambiente que favorece la concentraci\u00f3n y la calma.<\/span><\/li><li style=\"text-align: justify\"><span style=\"color: #000000\">Atenci\u00f3n individualizada.<\/span><\/li><li style=\"text-align: justify\"><span style=\"color: #000000\">El alumno\/a se separa del grupo s\u00f3lo un tiempo parcial<\/span><\/li><li style=\"text-align: justify\"><span style=\"color: #000000\">Se enriquece la educaci\u00f3n del alumnado con la actuaci\u00f3n del profesorado especialista.<\/span><\/li><li style=\"text-align: justify\"><span style=\"color: #000000\">La superaci\u00f3n de dificultades espec\u00edficas.<\/span><\/li><li style=\"text-align: justify\"><span style=\"color: #000000\">Se fortalecen los h\u00e1bitos de trabajo.<\/span><br \/><span style=\"color: #000000\">En definitiva, es el lugar , dentro de una escuela inclusiva, donde el alumnado va a ser atendido de<\/span> <span style=\"color: #000000\">forma personalizada para hacer posible la igualdad de oportunidades y el desarrollo m\u00e1ximo de sus <\/span><span style=\"color: #000000\">posibilidades.<\/span><\/li><\/ul><p style=\"text-align: justify\"><span style=\"color: #000000\">\u00a0Le quiero agradecer, de parte de toda la Comunidad Educativa, a Do\u00f1a Isabel Paredes, Delegada Territorial<\/span> <span style=\"color: #000000\">de Desarrollo Educativo, al Concejal de<\/span> <span style=\"color: #000000\">Educaci\u00f3n, Don Sergio C\u00e1ceres, al Concejal de Cultura y Fiesta, Don Antonio Arag\u00f3n y a la Inspectora<\/span> <span style=\"color: #000000\">de zona, Do\u00f1a Cristina Blanco que hayan hecho posible la inauguraci\u00f3n del AULA DE APOYO A LA<\/span> <span style=\"color: #000000\">INTEGRACI\u00d3N de nuestro colegio, cuya creaci\u00f3n ha supuesto una inmensa satisfacci\u00f3n para todos, pues<\/span> <span style=\"color: #000000\">gracias a este espacio se hace realidad que podamos atender de forma adecuada al alumnado que lo<\/span> <span style=\"color: #000000\">precisa.<\/span><\/p>\t\t\t\t\t\t\t\t<\/div>\n\t\t\t\t<\/div>\n\t\t\t\t\t<\/div>\n\t\t<\/div>\n\t\t\t\t\t<\/div>\n\t\t<\/section>\n\t\t\t\t<section class=\"elementor-section elementor-top-section elementor-element elementor-element-7366567 elementor-section-boxed elementor-section-height-default elementor-section-height-default\" data-id=\"7366567\" data-element_type=\"section\">\n\t\t\t\t\t\t<div class=\"elementor-container elementor-column-gap-default\">\n\t\t\t\t\t<div class=\"elementor-column elementor-col-100 elementor-top-column elementor-element elementor-element-b13f653\" data-id=\"b13f653\" data-element_type=\"column\">\n\t\t\t<div class=\"elementor-widget-wrap elementor-element-populated\">\n\t\t\t\t\t\t<div class=\"elementor-element elementor-element-fc22134 elementor-arrows-position-inside elementor-pagination-position-outside elementor-widget elementor-widget-image-carousel\" data-id=\"fc22134\" data-element_type=\"widget\" data-settings=\"{&quot;navigation&quot;:&quot;both&quot;,&quot;autoplay&quot;:&quot;yes&quot;,&quot;pause_on_hover&quot;:&quot;yes&quot;,&quot;pause_on_interaction&quot;:&quot;yes&quot;,&quot;autoplay_speed&quot;:5000,&quot;infinite&quot;:&quot;yes&quot;,&quot;speed&quot;:500}\" data-widget_type=\"image-carousel.default\">\n\t\t\t\t<div class=\"elementor-widget-container\">\n\t\t\t\t\t\t\t<div class=\"elementor-image-carousel-wrapper swiper\" role=\"region\" aria-roledescription=\"carousel\" aria-label=\"Carrusel de im\u00e1genes\" dir=\"ltr\">\n\t\t\t<div class=\"elementor-image-carousel swiper-wrapper\" aria-live=\"off\">\n\t\t\t\t\t\t\t\t<div class=\"swiper-slide\" role=\"group\" aria-roledescription=\"slide\" aria-label=\"1 de 12\"><figure class=\"swiper-slide-inner\"><img decoding=\"async\" class=\"swiper-slide-image\" src=\"https:\/\/blogsaverroes.juntadeandalucia.es\/eeimenendezpidalconil\/files\/2024\/02\/4e4f87e8-7a06-4af9-85fa-6df9f0b6a2fe-150x150.jpg\" alt=\"Ni\u00f1os que conforman el Consejo de Infancia\" \/><\/figure><\/div><div class=\"swiper-slide\" role=\"group\" aria-roledescription=\"slide\" aria-label=\"2 de 12\"><figure class=\"swiper-slide-inner\"><img decoding=\"async\" class=\"swiper-slide-image\" src=\"https:\/\/blogsaverroes.juntadeandalucia.es\/eeimenendezpidalconil\/files\/2024\/02\/a8dae588-3305-4e0b-b11b-e081c2bb5ca6-150x150.jpg\" alt=\"dan la bienvenida a todo el comit\u00e9\" \/><\/figure><\/div><div class=\"swiper-slide\" role=\"group\" aria-roledescription=\"slide\" aria-label=\"3 de 12\"><figure class=\"swiper-slide-inner\"><img decoding=\"async\" class=\"swiper-slide-image\" src=\"https:\/\/blogsaverroes.juntadeandalucia.es\/eeimenendezpidalconil\/files\/2024\/02\/dbf47f24-144d-41fc-8e31-71e36e85db0b-150x150.jpg\" alt=\"Delegada escuchando, atentamente, las peticiones del Consejo de Infancia\" \/><\/figure><\/div><div class=\"swiper-slide\" role=\"group\" aria-roledescription=\"slide\" aria-label=\"4 de 12\"><figure class=\"swiper-slide-inner\"><img decoding=\"async\" class=\"swiper-slide-image\" src=\"https:\/\/blogsaverroes.juntadeandalucia.es\/eeimenendezpidalconil\/files\/2024\/02\/f82446d5-af75-4fe3-8c07-8bc5346ce64f-150x150.jpg\" alt=\"Bienvenida\" \/><\/figure><\/div><div class=\"swiper-slide\" role=\"group\" aria-roledescription=\"slide\" aria-label=\"5 de 12\"><figure class=\"swiper-slide-inner\"><img decoding=\"async\" class=\"swiper-slide-image\" src=\"https:\/\/blogsaverroes.juntadeandalucia.es\/eeimenendezpidalconil\/files\/2024\/02\/6128c214-fe4c-4d91-b4c1-ccaf86d8325b-150x150.jpg\" alt=\"Acto inauguraci\u00f3n\" \/><\/figure><\/div><div class=\"swiper-slide\" role=\"group\" aria-roledescription=\"slide\" aria-label=\"6 de 12\"><figure class=\"swiper-slide-inner\"><img decoding=\"async\" class=\"swiper-slide-image\" src=\"https:\/\/blogsaverroes.juntadeandalucia.es\/eeimenendezpidalconil\/files\/2024\/02\/aa1f22d7-fc82-4b4b-b337-5e3a564d60c6-150x150.jpg\" alt=\"Acto inauguraci\u00f3n\" \/><\/figure><\/div><div class=\"swiper-slide\" role=\"group\" aria-roledescription=\"slide\" aria-label=\"7 de 12\"><figure class=\"swiper-slide-inner\"><img decoding=\"async\" class=\"swiper-slide-image\" src=\"https:\/\/blogsaverroes.juntadeandalucia.es\/eeimenendezpidalconil\/files\/2024\/02\/a03fb472-cea1-4545-8763-be66bb23c8cf-150x150.jpg\" alt=\"Acto de inauguraci\u00f3n\" \/><\/figure><\/div><div class=\"swiper-slide\" role=\"group\" aria-roledescription=\"slide\" aria-label=\"8 de 12\"><figure class=\"swiper-slide-inner\"><img decoding=\"async\" class=\"swiper-slide-image\" src=\"https:\/\/blogsaverroes.juntadeandalucia.es\/eeimenendezpidalconil\/files\/2024\/02\/IMG_5523-150x150.jpg\" alt=\"Acto de inauguraci\u00f3n\" \/><\/figure><\/div><div class=\"swiper-slide\" role=\"group\" aria-roledescription=\"slide\" aria-label=\"9 de 12\"><figure class=\"swiper-slide-inner\"><img decoding=\"async\" class=\"swiper-slide-image\" src=\"https:\/\/blogsaverroes.juntadeandalucia.es\/eeimenendezpidalconil\/files\/2024\/02\/IMG_5525-150x150.jpg\" alt=\"Aula de apoyo a la integraci\u00f3n\" \/><\/figure><\/div><div class=\"swiper-slide\" role=\"group\" aria-roledescription=\"slide\" aria-label=\"10 de 12\"><figure class=\"swiper-slide-inner\"><img decoding=\"async\" class=\"swiper-slide-image\" src=\"https:\/\/blogsaverroes.juntadeandalucia.es\/eeimenendezpidalconil\/files\/2024\/02\/5ef1dc5c-fafe-4069-ad01-1d1712b74bad-150x150.jpg\" alt=\"Visita al Huerto\" \/><\/figure><\/div><div class=\"swiper-slide\" role=\"group\" aria-roledescription=\"slide\" aria-label=\"11 de 12\"><figure class=\"swiper-slide-inner\"><img decoding=\"async\" class=\"swiper-slide-image\" src=\"https:\/\/blogsaverroes.juntadeandalucia.es\/eeimenendezpidalconil\/files\/2024\/02\/64eb0638-f1b6-4536-8144-2102b722856c-150x150.jpg\" alt=\"Inauguraci\u00f3n aula de rob\u00f3tica\" \/><\/figure><\/div><div class=\"swiper-slide\" role=\"group\" aria-roledescription=\"slide\" aria-label=\"12 de 12\"><figure class=\"swiper-slide-inner\"><img decoding=\"async\" class=\"swiper-slide-image\" src=\"https:\/\/blogsaverroes.juntadeandalucia.es\/eeimenendezpidalconil\/files\/2024\/02\/2ea75baa-8a41-4367-9feb-7d55c2a2a567-150x150.jpg\" alt=\"Visita aula de rob\u00f3tica\" \/><\/figure><\/div>\t\t\t<\/div>\n\t\t\t\t\t\t\t\t\t\t\t\t<div class=\"elementor-swiper-button elementor-swiper-button-prev\" role=\"button\" tabindex=\"0\">\n\t\t\t\t\t\t<i aria-hidden=\"true\" class=\"eicon-chevron-left\"><\/i>\t\t\t\t\t<\/div>\n\t\t\t\t\t<div class=\"elementor-swiper-button elementor-swiper-button-next\" role=\"button\" tabindex=\"0\">\n\t\t\t\t\t\t<i aria-hidden=\"true\" class=\"eicon-chevron-right\"><\/i>\t\t\t\t\t<\/div>\n\t\t\t\t\n\t\t\t\t\t\t\t\t\t<div class=\"swiper-pagination\"><\/div>\n\t\t\t\t\t\t\t\t\t<\/div>\n\t\t\t\t\t\t<\/div>\n\t\t\t\t<\/div>\n\t\t\t\t\t<\/div>\n\t\t<\/div>\n\t\t\t\t\t<\/div>\n\t\t<\/section>\n\t\t\t\t<section class=\"elementor-section elementor-top-section elementor-element elementor-element-60da067 elementor-section-boxed elementor-section-height-default elementor-section-height-default\" data-id=\"60da067\" data-element_type=\"section\">\n\t\t\t\t\t\t<div class=\"elementor-container elementor-column-gap-default\">\n\t\t\t\t\t<div class=\"elementor-column elementor-col-100 elementor-top-column elementor-element elementor-element-fd6ee55\" data-id=\"fd6ee55\" data-element_type=\"column\">\n\t\t\t<div class=\"elementor-widget-wrap elementor-element-populated\">\n\t\t\t\t\t\t<div class=\"elementor-element elementor-element-710a1e2 elementor-widget elementor-widget-text-editor\" data-id=\"710a1e2\" data-element_type=\"widget\" data-widget_type=\"text-editor.default\">\n\t\t\t\t<div class=\"elementor-widget-container\">\n\t\t\t\t\t\t\t\t\t<p style=\"text-align: justify\"><span style=\"color: #000000\">Como pueden observar en la galer\u00eda de im\u00e1genes, el comit\u00e9 es recibido por Equipo Directivo, representantes del AMPA, Maestros especialistas de PT y de AL y por el Consejo de Infancia que aprovecharon la ocasi\u00f3n para hacer peticiones a la Delegada.<\/span><\/p><p style=\"text-align: justify\"><span style=\"color: #000000\">Tras la inauguraci\u00f3n del Aula de Apoyo a la Integraci\u00f3n, tuvo lugar una breve visita guiada por el centro y la segunda inauguraci\u00f3n: nuestro Aula de rob\u00f3tica y Pensamiento Computacional.<\/span><\/p>\t\t\t\t\t\t\t\t<\/div>\n\t\t\t\t<\/div>\n\t\t\t\t\t<\/div>\n\t\t<\/div>\n\t\t\t\t\t<\/div>\n\t\t<\/section>\n\t\t\t\t<section class=\"elementor-section elementor-top-section elementor-element elementor-element-b95ee62 elementor-section-boxed elementor-section-height-default elementor-section-height-default\" data-id=\"b95ee62\" data-element_type=\"section\">\n\t\t\t\t\t\t<div class=\"elementor-container elementor-column-gap-default\">\n\t\t\t\t\t<div class=\"elementor-column elementor-col-100 elementor-top-column elementor-element elementor-element-aa92335\" data-id=\"aa92335\" data-element_type=\"column\">\n\t\t\t<div class=\"elementor-widget-wrap elementor-element-populated\">\n\t\t\t\t\t\t<div class=\"elementor-element elementor-element-08aff2a elementor-widget elementor-widget-text-editor\" data-id=\"08aff2a\" data-element_type=\"widget\" data-widget_type=\"text-editor.default\">\n\t\t\t\t<div class=\"elementor-widget-container\">\n\t\t\t\t\t\t\t\t\t<p style=\"text-align: justify\"><span style=\"color: #000000\">Como despedida, el grupo de alumnos que asisten al aula \u00a0dan las gracias.<\/span><\/p>\t\t\t\t\t\t\t\t<\/div>\n\t\t\t\t<\/div>\n\t\t\t\t\t<\/div>\n\t\t<\/div>\n\t\t\t\t\t<\/div>\n\t\t<\/section>\n\t\t\t\t<section class=\"elementor-section elementor-top-section elementor-element elementor-element-b9720ff elementor-section-boxed elementor-section-height-default elementor-section-height-default\" data-id=\"b9720ff\" data-element_type=\"section\">\n\t\t\t\t\t\t<div class=\"elementor-container elementor-column-gap-default\">\n\t\t\t\t\t<div class=\"elementor-column elementor-col-100 elementor-top-column elementor-element elementor-element-f967ee9\" data-id=\"f967ee9\" data-element_type=\"column\">\n\t\t\t<div class=\"elementor-widget-wrap elementor-element-populated\">\n\t\t\t\t\t\t<div class=\"elementor-element elementor-element-a130877 elementor-widget elementor-widget-video\" data-id=\"a130877\" data-element_type=\"widget\" data-settings=\"{&quot;youtube_url&quot;:&quot;https:\\\/\\\/youtu.be\\\/qRNl15iMaks&quot;,&quot;video_type&quot;:&quot;youtube&quot;,&quot;controls&quot;:&quot;yes&quot;}\" data-widget_type=\"video.default\">\n\t\t\t\t<div class=\"elementor-widget-container\">\n\t\t\t\t\t\t\t<div class=\"elementor-wrapper elementor-open-inline\">\n\t\t\t<div class=\"elementor-video\"><\/div>\t\t<\/div>\n\t\t\t\t\t\t<\/div>\n\t\t\t\t<\/div>\n\t\t\t\t\t<\/div>\n\t\t<\/div>\n\t\t\t\t\t<\/div>\n\t\t<\/section>\n\t\t\t\t<section class=\"elementor-section elementor-top-section elementor-element elementor-element-da83d60 elementor-section-boxed elementor-section-height-default elementor-section-height-default\" data-id=\"da83d60\" data-element_type=\"section\">\n\t\t\t\t\t\t<div class=\"elementor-container elementor-column-gap-default\">\n\t\t\t\t\t<div class=\"elementor-column elementor-col-100 elementor-top-column elementor-element elementor-element-c9b8275\" data-id=\"c9b8275\" data-element_type=\"column\">\n\t\t\t<div class=\"elementor-widget-wrap elementor-element-populated\">\n\t\t\t\t\t\t<div class=\"elementor-element elementor-element-832c2f5 elementor-widget elementor-widget-text-editor\" data-id=\"832c2f5\" data-element_type=\"widget\" data-widget_type=\"text-editor.default\">\n\t\t\t\t<div class=\"elementor-widget-container\">\n\t\t\t\t\t\t\t\t\t<p style=\"text-align: justify\"><span style=\"color: #000000\">Los medios de comunicaci\u00f3n hacen eco de la noticia publicando en redes sociales:<\/span><\/p>\t\t\t\t\t\t\t\t<\/div>\n\t\t\t\t<\/div>\n\t\t\t\t\t<\/div>\n\t\t<\/div>\n\t\t\t\t\t<\/div>\n\t\t<\/section>\n\t\t\t\t<section class=\"elementor-section elementor-top-section elementor-element elementor-element-0467a9b elementor-section-boxed elementor-section-height-default elementor-section-height-default\" data-id=\"0467a9b\" data-element_type=\"section\">\n\t\t\t\t\t\t<div class=\"elementor-container elementor-column-gap-default\">\n\t\t\t\t\t<div class=\"elementor-column elementor-col-100 elementor-top-column elementor-element elementor-element-34f4651\" data-id=\"34f4651\" data-element_type=\"column\">\n\t\t\t<div class=\"elementor-widget-wrap elementor-element-populated\">\n\t\t\t\t\t\t<div class=\"elementor-element elementor-element-1ce71a4 elementor-align-center elementor-widget elementor-widget-button\" data-id=\"1ce71a4\" data-element_type=\"widget\" data-widget_type=\"button.default\">\n\t\t\t\t<div class=\"elementor-widget-container\">\n\t\t\t\t\t\t\t\t\t<div class=\"elementor-button-wrapper\">\n\t\t\t\t\t<a class=\"elementor-button elementor-button-link elementor-size-sm\" href=\"https:\/\/www.facebook.com\/share\/p\/LpDVypugEwbhyY5g\/?mibextid=WC7FNe\">\n\t\t\t\t\t\t<span class=\"elementor-button-content-wrapper\">\n\t\t\t\t\t\t\t\t\t<span class=\"elementor-button-text\">Delegaci\u00f3n de Educaci\u00f3n de Conil<\/span>\n\t\t\t\t\t<\/span>\n\t\t\t\t\t<\/a>\n\t\t\t\t<\/div>\n\t\t\t\t\t\t\t\t<\/div>\n\t\t\t\t<\/div>\n\t\t\t\t\t<\/div>\n\t\t<\/div>\n\t\t\t\t\t<\/div>\n\t\t<\/section>\n\t\t\t\t<section class=\"elementor-section elementor-top-section elementor-element elementor-element-7481a4e elementor-section-boxed elementor-section-height-default elementor-section-height-default\" data-id=\"7481a4e\" data-element_type=\"section\">\n\t\t\t\t\t\t<div class=\"elementor-container elementor-column-gap-default\">\n\t\t\t\t\t<div class=\"elementor-column elementor-col-100 elementor-top-column elementor-element elementor-element-dbe1089\" data-id=\"dbe1089\" data-element_type=\"column\">\n\t\t\t<div class=\"elementor-widget-wrap elementor-element-populated\">\n\t\t\t\t\t\t<div class=\"elementor-element elementor-element-f9f1927 elementor-align-center elementor-widget elementor-widget-button\" data-id=\"f9f1927\" data-element_type=\"widget\" data-widget_type=\"button.default\">\n\t\t\t\t<div class=\"elementor-widget-container\">\n\t\t\t\t\t\t\t\t\t<div class=\"elementor-button-wrapper\">\n\t\t\t\t\t<a class=\"elementor-button elementor-button-link elementor-size-sm\" href=\"https:\/\/fb.watch\/pXmSbMEJqf\/\">\n\t\t\t\t\t\t<span class=\"elementor-button-content-wrapper\">\n\t\t\t\t\t\t\t\t\t<span class=\"elementor-button-text\">Radio juventud de Conil<\/span>\n\t\t\t\t\t<\/span>\n\t\t\t\t\t<\/a>\n\t\t\t\t<\/div>\n\t\t\t\t\t\t\t\t<\/div>\n\t\t\t\t<\/div>\n\t\t\t\t\t<\/div>\n\t\t<\/div>\n\t\t\t\t\t<\/div>\n\t\t<\/section>\n\t\t\t\t<section class=\"elementor-section elementor-top-section elementor-element elementor-element-0f48320 elementor-section-boxed elementor-section-height-default elementor-section-height-default\" data-id=\"0f48320\" data-element_type=\"section\">\n\t\t\t\t\t\t<div class=\"elementor-container elementor-column-gap-default\">\n\t\t\t\t\t<div class=\"elementor-column elementor-col-100 elementor-top-column elementor-element elementor-element-fbb9abb\" data-id=\"fbb9abb\" data-element_type=\"column\">\n\t\t\t<div class=\"elementor-widget-wrap elementor-element-populated\">\n\t\t\t\t\t\t<div class=\"elementor-element elementor-element-e92b501 elementor-align-center elementor-widget elementor-widget-button\" data-id=\"e92b501\" data-element_type=\"widget\" data-widget_type=\"button.default\">\n\t\t\t\t<div class=\"elementor-widget-container\">\n\t\t\t\t\t\t\t\t\t<div class=\"elementor-button-wrapper\">\n\t\t\t\t\t<a class=\"elementor-button elementor-button-link elementor-size-sm\" href=\"https:\/\/www.facebook.com\/share\/p\/yY6aFF8VNSdf4FuW\/?mibextid=WC7FNe\">\n\t\t\t\t\t\t<span class=\"elementor-button-content-wrapper\">\n\t\t\t\t\t\t\t\t\t<span class=\"elementor-button-text\">Onda Conil Televisi\u00f3n<\/span>\n\t\t\t\t\t<\/span>\n\t\t\t\t\t<\/a>\n\t\t\t\t<\/div>\n\t\t\t\t\t\t\t\t<\/div>\n\t\t\t\t<\/div>\n\t\t\t\t\t<\/div>\n\t\t<\/div>\n\t\t\t\t\t<\/div>\n\t\t<\/section>\n\t\t\t\t<section class=\"elementor-section elementor-top-section elementor-element elementor-element-29724b8 elementor-section-boxed elementor-section-height-default elementor-section-height-default\" data-id=\"29724b8\" data-element_type=\"section\">\n\t\t\t\t\t\t<div class=\"elementor-container elementor-column-gap-default\">\n\t\t\t\t\t<div class=\"elementor-column elementor-col-100 elementor-top-column elementor-element elementor-element-08e7aa6\" data-id=\"08e7aa6\" data-element_type=\"column\">\n\t\t\t<div class=\"elementor-widget-wrap elementor-element-populated\">\n\t\t\t\t\t\t<div class=\"elementor-element elementor-element-a5f461a elementor-widget elementor-widget-text-editor\" data-id=\"a5f461a\" data-element_type=\"widget\" data-widget_type=\"text-editor.default\">\n\t\t\t\t<div class=\"elementor-widget-container\">\n\t\t\t\t\t\t\t\t\t<p style=\"text-align: justify\"><span style=\"color: #000000\">Esta visita trae consigo una enorme sorpresa:<\/span><\/p>\t\t\t\t\t\t\t\t<\/div>\n\t\t\t\t<\/div>\n\t\t\t\t\t<\/div>\n\t\t<\/div>\n\t\t\t\t\t<\/div>\n\t\t<\/section>\n\t\t\t\t<section class=\"elementor-section elementor-top-section elementor-element elementor-element-8e23b1b elementor-section-boxed elementor-section-height-default elementor-section-height-default\" data-id=\"8e23b1b\" data-element_type=\"section\">\n\t\t\t\t\t\t<div class=\"elementor-container elementor-column-gap-default\">\n\t\t\t\t\t<div class=\"elementor-column elementor-col-100 elementor-top-column elementor-element elementor-element-884a3d0\" data-id=\"884a3d0\" data-element_type=\"column\">\n\t\t\t<div class=\"elementor-widget-wrap elementor-element-populated\">\n\t\t\t\t\t\t<div class=\"elementor-element elementor-element-8903b5d elementor-widget elementor-widget-image\" data-id=\"8903b5d\" data-element_type=\"widget\" data-widget_type=\"image.default\">\n\t\t\t\t<div class=\"elementor-widget-container\">\n\t\t\t\t\t\t\t\t\t\t\t\t\t\t\t\t<a href=\"https:\/\/blogsaverroes.juntadeandalucia.es\/eeimenendezpidalconil\/sorpresa\/\">\n\t\t\t\t\t\t\t<img fetchpriority=\"high\" decoding=\"async\" width=\"512\" height=\"512\" src=\"https:\/\/blogsaverroes.juntadeandalucia.es\/eeimenendezpidalconil\/files\/2024\/02\/3778726.png\" class=\"attachment-large size-large wp-image-4582\" alt=\"\" srcset=\"https:\/\/blogsaverroes.juntadeandalucia.es\/eeimenendezpidalconil\/files\/2024\/02\/3778726.png 512w, https:\/\/blogsaverroes.juntadeandalucia.es\/eeimenendezpidalconil\/files\/2024\/02\/3778726-300x300.png 300w, https:\/\/blogsaverroes.juntadeandalucia.es\/eeimenendezpidalconil\/files\/2024\/02\/3778726-150x150.png 150w, https:\/\/blogsaverroes.juntadeandalucia.es\/eeimenendezpidalconil\/files\/2024\/02\/3778726-80x80.png 80w, https:\/\/blogsaverroes.juntadeandalucia.es\/eeimenendezpidalconil\/files\/2024\/02\/3778726-320x320.png 320w\" sizes=\"(max-width: 512px) 100vw, 512px\" \/>\t\t\t\t\t\t\t\t<\/a>\n\t\t\t\t\t\t\t\t\t\t\t\t\t\t\t<\/div>\n\t\t\t\t<\/div>\n\t\t\t\t\t<\/div>\n\t\t<\/div>\n\t\t\t\t\t<\/div>\n\t\t<\/section>\n\t\t\t\t<\/div>\n\t\t","protected":false},"excerpt":{"rendered":"<p>Hoy jueves 1 de febrero, se ha inaugurado en nuestro colegio el \u201cAULA DE APOYO A LA INTEGRACI\u00d3N\u201d, en un acto presidido por Do\u00f1a Mar\u00eda Isabel Paredes Serrano, Delegada Territorial de Desarrollo Educativo, acompa\u00f1ada&#46;&#46;&#46;<\/p>\n","protected":false},"author":11137,"featured_media":4570,"comment_status":"open","ping_status":"open","sticky":false,"template":"","format":"standard","meta":{"ngg_post_thumbnail":0,"footnotes":""},"categories":[2351715],"tags":[2351714,2351717],"aioseo_notices":[],"_links":{"self":[{"href":"https:\/\/blogsaverroes.juntadeandalucia.es\/eeimenendezpidalconil\/wp-json\/wp\/v2\/posts\/4539"}],"collection":[{"href":"https:\/\/blogsaverroes.juntadeandalucia.es\/eeimenendezpidalconil\/wp-json\/wp\/v2\/posts"}],"about":[{"href":"https:\/\/blogsaverroes.juntadeandalucia.es\/eeimenendezpidalconil\/wp-json\/wp\/v2\/types\/post"}],"author":[{"embeddable":true,"href":"https:\/\/blogsaverroes.juntadeandalucia.es\/eeimenendezpidalconil\/wp-json\/wp\/v2\/users\/11137"}],"replies":[{"embeddable":true,"href":"https:\/\/blogsaverroes.juntadeandalucia.es\/eeimenendezpidalconil\/wp-json\/wp\/v2\/comments?post=4539"}],"version-history":[{"count":19,"href":"https:\/\/blogsaverroes.juntadeandalucia.es\/eeimenendezpidalconil\/wp-json\/wp\/v2\/posts\/4539\/revisions"}],"predecessor-version":[{"id":4596,"href":"https:\/\/blogsaverroes.juntadeandalucia.es\/eeimenendezpidalconil\/wp-json\/wp\/v2\/posts\/4539\/revisions\/4596"}],"wp:featuredmedia":[{"embeddable":true,"href":"https:\/\/blogsaverroes.juntadeandalucia.es\/eeimenendezpidalconil\/wp-json\/wp\/v2\/media\/4570"}],"wp:attachment":[{"href":"https:\/\/blogsaverroes.juntadeandalucia.es\/eeimenendezpidalconil\/wp-json\/wp\/v2\/media?parent=4539"}],"wp:term":[{"taxonomy":"category","embeddable":true,"href":"https:\/\/blogsaverroes.juntadeandalucia.es\/eeimenendezpidalconil\/wp-json\/wp\/v2\/categories?post=4539"},{"taxonomy":"post_tag","embeddable":true,"href":"https:\/\/blogsaverroes.juntadeandalucia.es\/eeimenendezpidalconil\/wp-json\/wp\/v2\/tags?post=4539"}],"curies":[{"name":"wp","href":"https:\/\/api.w.org\/{rel}","templated":true}]}}