{"id":2218,"date":"2020-10-07T18:21:24","date_gmt":"2020-10-07T18:21:24","guid":{"rendered":"https:\/\/blogsaverroes.juntadeandalucia.es\/eeiramblamorales\/?p=2218"},"modified":"2020-10-23T16:30:28","modified_gmt":"2020-10-23T16:30:28","slug":"reunion-de-padres","status":"publish","type":"post","link":"https:\/\/blogsaverroes.juntadeandalucia.es\/eeiramblamorales\/reunion-de-padres\/","title":{"rendered":"Reuni\u00f3n de Padres"},"content":{"rendered":"<p><a href=\"https:\/\/blogsaverroes.juntadeandalucia.es\/eeiramblamorales\/files\/2020\/10\/20200904_102332-1-scaled.jpg\"><img loading=\"lazy\" decoding=\"async\" class=\"alignnone size-medium wp-image-2219 alignleft\" src=\"https:\/\/blogsaverroes.juntadeandalucia.es\/eeiramblamorales\/files\/2020\/10\/20200904_102332-1-300x142.jpg\" alt=\"\" width=\"300\" height=\"142\" srcset=\"https:\/\/blogsaverroes.juntadeandalucia.es\/eeiramblamorales\/files\/2020\/10\/20200904_102332-1-300x142.jpg 300w, https:\/\/blogsaverroes.juntadeandalucia.es\/eeiramblamorales\/files\/2020\/10\/20200904_102332-1-1024x485.jpg 1024w, https:\/\/blogsaverroes.juntadeandalucia.es\/eeiramblamorales\/files\/2020\/10\/20200904_102332-1-768x364.jpg 768w, https:\/\/blogsaverroes.juntadeandalucia.es\/eeiramblamorales\/files\/2020\/10\/20200904_102332-1-1536x728.jpg 1536w, https:\/\/blogsaverroes.juntadeandalucia.es\/eeiramblamorales\/files\/2020\/10\/20200904_102332-1-2048x971.jpg 2048w, https:\/\/blogsaverroes.juntadeandalucia.es\/eeiramblamorales\/files\/2020\/10\/20200904_102332-1-640x300.jpg 640w, https:\/\/blogsaverroes.juntadeandalucia.es\/eeiramblamorales\/files\/2020\/10\/20200904_102332-1-24x11.jpg 24w, https:\/\/blogsaverroes.juntadeandalucia.es\/eeiramblamorales\/files\/2020\/10\/20200904_102332-1-36x17.jpg 36w, https:\/\/blogsaverroes.juntadeandalucia.es\/eeiramblamorales\/files\/2020\/10\/20200904_102332-1-48x23.jpg 48w, https:\/\/blogsaverroes.juntadeandalucia.es\/eeiramblamorales\/files\/2020\/10\/20200904_102332-1-scaled.jpg 1600w\" sizes=\"(max-width: 300px) 100vw, 300px\" \/><\/a>Se informa a las familias que el pr\u00f3ximo Lunes 5 de Octubre se celebrar\u00e1 de manera presencial en el colegio la Reuni\u00f3n de padres de principio de curso.<\/p>\n","protected":false},"excerpt":{"rendered":"<p>Se informa a las familias que el pr\u00f3ximo Lunes 5 de Octubre se celebrar\u00e1 de manera presencial en el colegio la Reuni\u00f3n de padres de principio de curso.<\/p>\n","protected":false},"author":10827,"featured_media":2219,"comment_status":"open","ping_status":"open","sticky":false,"template":"","format":"standard","meta":{"ngg_post_thumbnail":0,"footnotes":""},"categories":[11909],"tags":[],"aioseo_notices":[],"_links":{"self":[{"href":"https:\/\/blogsaverroes.juntadeandalucia.es\/eeiramblamorales\/wp-json\/wp\/v2\/posts\/2218"}],"collection":[{"href":"https:\/\/blogsaverroes.juntadeandalucia.es\/eeiramblamorales\/wp-json\/wp\/v2\/posts"}],"about":[{"href":"https:\/\/blogsaverroes.juntadeandalucia.es\/eeiramblamorales\/wp-json\/wp\/v2\/types\/post"}],"author":[{"embeddable":true,"href":"https:\/\/blogsaverroes.juntadeandalucia.es\/eeiramblamorales\/wp-json\/wp\/v2\/users\/10827"}],"replies":[{"embeddable":true,"href":"https:\/\/blogsaverroes.juntadeandalucia.es\/eeiramblamorales\/wp-json\/wp\/v2\/comments?post=2218"}],"version-history":[{"count":6,"href":"https:\/\/blogsaverroes.juntadeandalucia.es\/eeiramblamorales\/wp-json\/wp\/v2\/posts\/2218\/revisions"}],"predecessor-version":[{"id":2223,"href":"https:\/\/blogsaverroes.juntadeandalucia.es\/eeiramblamorales\/wp-json\/wp\/v2\/posts\/2218\/revisions\/2223"}],"wp:featuredmedia":[{"embeddable":true,"href":"https:\/\/blogsaverroes.juntadeandalucia.es\/eeiramblamorales\/wp-json\/wp\/v2\/media\/2219"}],"wp:attachment":[{"href":"https:\/\/blogsaverroes.juntadeandalucia.es\/eeiramblamorales\/wp-json\/wp\/v2\/media?parent=2218"}],"wp:term":[{"taxonomy":"category","embeddable":true,"href":"https:\/\/blogsaverroes.juntadeandalucia.es\/eeiramblamorales\/wp-json\/wp\/v2\/categories?post=2218"},{"taxonomy":"post_tag","embeddable":true,"href":"https:\/\/blogsaverroes.juntadeandalucia.es\/eeiramblamorales\/wp-json\/wp\/v2\/tags?post=2218"}],"curies":[{"name":"wp","href":"https:\/\/api.w.org\/{rel}","templated":true}]}}