{"id":2533,"date":"2025-05-29T21:42:49","date_gmt":"2025-05-29T21:42:49","guid":{"rendered":"https:\/\/blogsaverroes.juntadeandalucia.es\/eeiramblamorales\/?p=2533"},"modified":"2025-05-29T21:42:49","modified_gmt":"2025-05-29T21:42:49","slug":"dia-de-la-diversidad-funcional","status":"publish","type":"post","link":"https:\/\/blogsaverroes.juntadeandalucia.es\/eeiramblamorales\/dia-de-la-diversidad-funcional\/","title":{"rendered":"D\u00cdA DE LA DIVERSIDAD FUNCIONAL"},"content":{"rendered":"<p>El 3 de diciembre celebramos el D\u00eda de la diversidad funcional poni\u00e9ndonos en la piel de personas y ni\u00f1os\/as que tienen otras habilidades distintas a las nuestras: pintar con los pies, leer con las manos, hacer deporte en silla de ruedas, dibujar con la boca, andar a la pata coja, andar con los ojos tapados&#8230;Contamos el cuento de Cuerdas y de S\u00faper Ni\u00f1os, nos ayudaron a vivenciar en primera persona qu\u00e9 se siente al tener otro tipo de capacidades diferentes a las nuestras.<\/p>\n<p><a href=\"https:\/\/blogsaverroes.juntadeandalucia.es\/eeiramblamorales\/files\/2020\/11\/banner-grande.jpg\"><img loading=\"lazy\" decoding=\"async\" class=\"size-medium wp-image-2255\" src=\"https:\/\/blogsaverroes.juntadeandalucia.es\/eeiramblamorales\/files\/2020\/11\/banner-grande-300x57.jpg\" alt=\"Las medidas preventivas desarrolladas est\u00e1n financiadas por el Ministerio de Presidencia, Relaciones con las Cortes e Igualdad para el desarrollo del Pacto de Estado.\" width=\"300\" height=\"57\" srcset=\"https:\/\/blogsaverroes.juntadeandalucia.es\/eeiramblamorales\/files\/2020\/11\/banner-grande-300x57.jpg 300w, https:\/\/blogsaverroes.juntadeandalucia.es\/eeiramblamorales\/files\/2020\/11\/banner-grande-768x146.jpg 768w, https:\/\/blogsaverroes.juntadeandalucia.es\/eeiramblamorales\/files\/2020\/11\/banner-grande-24x5.jpg 24w, https:\/\/blogsaverroes.juntadeandalucia.es\/eeiramblamorales\/files\/2020\/11\/banner-grande-36x7.jpg 36w, https:\/\/blogsaverroes.juntadeandalucia.es\/eeiramblamorales\/files\/2020\/11\/banner-grande-48x9.jpg 48w, https:\/\/blogsaverroes.juntadeandalucia.es\/eeiramblamorales\/files\/2020\/11\/banner-grande.jpg 1023w\" sizes=\"(max-width: 300px) 100vw, 300px\" \/><\/a><\/p>\n<div style=\"width: 848px;\" class=\"wp-video\"><!--[if lt IE 9]><script>document.createElement('video');<\/script><![endif]-->\n<video class=\"wp-video-shortcode\" id=\"video-2533-1\" width=\"848\" height=\"424\" preload=\"metadata\" controls=\"controls\"><source type=\"video\/mp4\" src=\"https:\/\/blogsaverroes.juntadeandalucia.es\/eeiramblamorales\/files\/2025\/05\/VID-20250529-WA0079.mp4?_=1\" \/><a href=\"https:\/\/blogsaverroes.juntadeandalucia.es\/eeiramblamorales\/files\/2025\/05\/VID-20250529-WA0079.mp4\">https:\/\/blogsaverroes.juntadeandalucia.es\/eeiramblamorales\/files\/2025\/05\/VID-20250529-WA0079.mp4<\/a><\/video><\/div>\n<p><a href=\"https:\/\/blogsaverroes.juntadeandalucia.es\/eeiramblamorales\/files\/2025\/05\/WhatsApp_Image_2025-05-23_at_10.11.16-removebg-preview.png\"><img loading=\"lazy\" decoding=\"async\" class=\"alignleft  wp-image-2496\" src=\"https:\/\/blogsaverroes.juntadeandalucia.es\/eeiramblamorales\/files\/2025\/05\/WhatsApp_Image_2025-05-23_at_10.11.16-removebg-preview-300x189.png\" alt=\"\" width=\"103\" height=\"65\" srcset=\"https:\/\/blogsaverroes.juntadeandalucia.es\/eeiramblamorales\/files\/2025\/05\/WhatsApp_Image_2025-05-23_at_10.11.16-removebg-preview-300x189.png 300w, https:\/\/blogsaverroes.juntadeandalucia.es\/eeiramblamorales\/files\/2025\/05\/WhatsApp_Image_2025-05-23_at_10.11.16-removebg-preview-280x180.png 280w, https:\/\/blogsaverroes.juntadeandalucia.es\/eeiramblamorales\/files\/2025\/05\/WhatsApp_Image_2025-05-23_at_10.11.16-removebg-preview.png 453w\" sizes=\"(max-width: 103px) 100vw, 103px\" \/><\/a><\/p>\n","protected":false},"excerpt":{"rendered":"<p>El 3 de diciembre celebramos el D\u00eda de la diversidad funcional poni\u00e9ndonos en la piel de personas y ni\u00f1os\/as que tienen otras habilidades distintas a las nuestras: pintar con los pies, leer con las&#46;&#46;&#46;<\/p>\n","protected":false},"author":10827,"featured_media":2535,"comment_status":"open","ping_status":"open","sticky":false,"template":"","format":"standard","meta":{"ngg_post_thumbnail":0,"footnotes":""},"categories":[11909],"tags":[],"aioseo_notices":[],"_links":{"self":[{"href":"https:\/\/blogsaverroes.juntadeandalucia.es\/eeiramblamorales\/wp-json\/wp\/v2\/posts\/2533"}],"collection":[{"href":"https:\/\/blogsaverroes.juntadeandalucia.es\/eeiramblamorales\/wp-json\/wp\/v2\/posts"}],"about":[{"href":"https:\/\/blogsaverroes.juntadeandalucia.es\/eeiramblamorales\/wp-json\/wp\/v2\/types\/post"}],"author":[{"embeddable":true,"href":"https:\/\/blogsaverroes.juntadeandalucia.es\/eeiramblamorales\/wp-json\/wp\/v2\/users\/10827"}],"replies":[{"embeddable":true,"href":"https:\/\/blogsaverroes.juntadeandalucia.es\/eeiramblamorales\/wp-json\/wp\/v2\/comments?post=2533"}],"version-history":[{"count":2,"href":"https:\/\/blogsaverroes.juntadeandalucia.es\/eeiramblamorales\/wp-json\/wp\/v2\/posts\/2533\/revisions"}],"predecessor-version":[{"id":2537,"href":"https:\/\/blogsaverroes.juntadeandalucia.es\/eeiramblamorales\/wp-json\/wp\/v2\/posts\/2533\/revisions\/2537"}],"wp:featuredmedia":[{"embeddable":true,"href":"https:\/\/blogsaverroes.juntadeandalucia.es\/eeiramblamorales\/wp-json\/wp\/v2\/media\/2535"}],"wp:attachment":[{"href":"https:\/\/blogsaverroes.juntadeandalucia.es\/eeiramblamorales\/wp-json\/wp\/v2\/media?parent=2533"}],"wp:term":[{"taxonomy":"category","embeddable":true,"href":"https:\/\/blogsaverroes.juntadeandalucia.es\/eeiramblamorales\/wp-json\/wp\/v2\/categories?post=2533"},{"taxonomy":"post_tag","embeddable":true,"href":"https:\/\/blogsaverroes.juntadeandalucia.es\/eeiramblamorales\/wp-json\/wp\/v2\/tags?post=2533"}],"curies":[{"name":"wp","href":"https:\/\/api.w.org\/{rel}","templated":true}]}}