{"id":2543,"date":"2025-05-30T14:58:32","date_gmt":"2025-05-30T14:58:32","guid":{"rendered":"https:\/\/blogsaverroes.juntadeandalucia.es\/eeiramblamorales\/?p=2543"},"modified":"2025-05-30T14:58:32","modified_gmt":"2025-05-30T14:58:32","slug":"carnaval-carnaval","status":"publish","type":"post","link":"https:\/\/blogsaverroes.juntadeandalucia.es\/eeiramblamorales\/carnaval-carnaval\/","title":{"rendered":"CARNAVAL, CARNAVAL."},"content":{"rendered":"<p>En Carnaval lo pasamos muy bien disfrazados\/as de estrellas y constelaciones, ya que estabamos trabajando el proyecto del Espacio. Adem\u00e1s, hicimos un pasacalles por Ruescas con las familias acompa\u00f1\u00e1ndonos. Terminamos jugando todos\/as juntos\/as en el parque, y compartiendo un desayuno muy rico en el colegio.<\/p>\n<div style=\"width: 382px;\" class=\"wp-video\"><!--[if lt IE 9]><script>document.createElement('video');<\/script><![endif]-->\n<video class=\"wp-video-shortcode\" id=\"video-2543-1\" width=\"382\" height=\"850\" preload=\"metadata\" controls=\"controls\"><source type=\"video\/mp4\" src=\"https:\/\/blogsaverroes.juntadeandalucia.es\/eeiramblamorales\/files\/2025\/05\/VID-20250530-WA0038.mp4?_=1\" \/><a href=\"https:\/\/blogsaverroes.juntadeandalucia.es\/eeiramblamorales\/files\/2025\/05\/VID-20250530-WA0038.mp4\">https:\/\/blogsaverroes.juntadeandalucia.es\/eeiramblamorales\/files\/2025\/05\/VID-20250530-WA0038.mp4<\/a><\/video><\/div>\n<p><a href=\"https:\/\/blogsaverroes.juntadeandalucia.es\/eeiramblamorales\/files\/2020\/11\/banner-grande.jpg\"><img loading=\"lazy\" decoding=\"async\" class=\"size-medium wp-image-2255\" src=\"https:\/\/blogsaverroes.juntadeandalucia.es\/eeiramblamorales\/files\/2020\/11\/banner-grande-300x57.jpg\" alt=\"Las medidas preventivas desarrolladas est\u00e1n financiadas por el Ministerio de Presidencia, Relaciones con las Cortes e Igualdad para el desarrollo del Pacto de Estado.\" width=\"300\" height=\"57\" srcset=\"https:\/\/blogsaverroes.juntadeandalucia.es\/eeiramblamorales\/files\/2020\/11\/banner-grande-300x57.jpg 300w, https:\/\/blogsaverroes.juntadeandalucia.es\/eeiramblamorales\/files\/2020\/11\/banner-grande-768x146.jpg 768w, https:\/\/blogsaverroes.juntadeandalucia.es\/eeiramblamorales\/files\/2020\/11\/banner-grande-24x5.jpg 24w, https:\/\/blogsaverroes.juntadeandalucia.es\/eeiramblamorales\/files\/2020\/11\/banner-grande-36x7.jpg 36w, https:\/\/blogsaverroes.juntadeandalucia.es\/eeiramblamorales\/files\/2020\/11\/banner-grande-48x9.jpg 48w, https:\/\/blogsaverroes.juntadeandalucia.es\/eeiramblamorales\/files\/2020\/11\/banner-grande.jpg 1023w\" sizes=\"(max-width: 300px) 100vw, 300px\" \/><\/a><\/p>\n<p><a href=\"https:\/\/blogsaverroes.juntadeandalucia.es\/eeiramblamorales\/files\/2025\/05\/WhatsApp_Image_2025-05-23_at_10.11.16-removebg-preview.png\"><img loading=\"lazy\" decoding=\"async\" class=\"alignleft  wp-image-2496\" src=\"https:\/\/blogsaverroes.juntadeandalucia.es\/eeiramblamorales\/files\/2025\/05\/WhatsApp_Image_2025-05-23_at_10.11.16-removebg-preview-300x189.png\" alt=\"\" width=\"97\" height=\"61\" srcset=\"https:\/\/blogsaverroes.juntadeandalucia.es\/eeiramblamorales\/files\/2025\/05\/WhatsApp_Image_2025-05-23_at_10.11.16-removebg-preview-300x189.png 300w, https:\/\/blogsaverroes.juntadeandalucia.es\/eeiramblamorales\/files\/2025\/05\/WhatsApp_Image_2025-05-23_at_10.11.16-removebg-preview-280x180.png 280w, https:\/\/blogsaverroes.juntadeandalucia.es\/eeiramblamorales\/files\/2025\/05\/WhatsApp_Image_2025-05-23_at_10.11.16-removebg-preview.png 453w\" sizes=\"(max-width: 97px) 100vw, 97px\" \/><\/a><\/p>\n<p>&nbsp;<\/p>\n","protected":false},"excerpt":{"rendered":"<p>En Carnaval lo pasamos muy bien disfrazados\/as de estrellas y constelaciones, ya que estabamos trabajando el proyecto del Espacio. Adem\u00e1s, hicimos un pasacalles por Ruescas con las familias acompa\u00f1\u00e1ndonos. Terminamos jugando todos\/as juntos\/as en&#46;&#46;&#46;<\/p>\n","protected":false},"author":10827,"featured_media":2545,"comment_status":"open","ping_status":"open","sticky":false,"template":"","format":"standard","meta":{"ngg_post_thumbnail":0,"footnotes":""},"categories":[11909],"tags":[],"aioseo_notices":[],"_links":{"self":[{"href":"https:\/\/blogsaverroes.juntadeandalucia.es\/eeiramblamorales\/wp-json\/wp\/v2\/posts\/2543"}],"collection":[{"href":"https:\/\/blogsaverroes.juntadeandalucia.es\/eeiramblamorales\/wp-json\/wp\/v2\/posts"}],"about":[{"href":"https:\/\/blogsaverroes.juntadeandalucia.es\/eeiramblamorales\/wp-json\/wp\/v2\/types\/post"}],"author":[{"embeddable":true,"href":"https:\/\/blogsaverroes.juntadeandalucia.es\/eeiramblamorales\/wp-json\/wp\/v2\/users\/10827"}],"replies":[{"embeddable":true,"href":"https:\/\/blogsaverroes.juntadeandalucia.es\/eeiramblamorales\/wp-json\/wp\/v2\/comments?post=2543"}],"version-history":[{"count":1,"href":"https:\/\/blogsaverroes.juntadeandalucia.es\/eeiramblamorales\/wp-json\/wp\/v2\/posts\/2543\/revisions"}],"predecessor-version":[{"id":2546,"href":"https:\/\/blogsaverroes.juntadeandalucia.es\/eeiramblamorales\/wp-json\/wp\/v2\/posts\/2543\/revisions\/2546"}],"wp:featuredmedia":[{"embeddable":true,"href":"https:\/\/blogsaverroes.juntadeandalucia.es\/eeiramblamorales\/wp-json\/wp\/v2\/media\/2545"}],"wp:attachment":[{"href":"https:\/\/blogsaverroes.juntadeandalucia.es\/eeiramblamorales\/wp-json\/wp\/v2\/media?parent=2543"}],"wp:term":[{"taxonomy":"category","embeddable":true,"href":"https:\/\/blogsaverroes.juntadeandalucia.es\/eeiramblamorales\/wp-json\/wp\/v2\/categories?post=2543"},{"taxonomy":"post_tag","embeddable":true,"href":"https:\/\/blogsaverroes.juntadeandalucia.es\/eeiramblamorales\/wp-json\/wp\/v2\/tags?post=2543"}],"curies":[{"name":"wp","href":"https:\/\/api.w.org\/{rel}","templated":true}]}}