{"id":1303,"date":"2023-05-10T12:54:56","date_gmt":"2023-05-10T11:54:56","guid":{"rendered":"https:\/\/blogsaverroes.juntadeandalucia.es\/eeirioebromotril\/?p=1303"},"modified":"2023-05-10T12:54:56","modified_gmt":"2023-05-10T11:54:56","slug":"dia-de-europa","status":"publish","type":"post","link":"https:\/\/blogsaverroes.juntadeandalucia.es\/eeirioebromotril\/dia-de-europa\/","title":{"rendered":"D\u00eda de Europa"},"content":{"rendered":"<p>Ayer, d\u00eda 9 de mayo, se celebr\u00f3 en el colegio el D\u00eda de Europa.<\/p>\n<p><!--more--><\/p>\n<p><img loading=\"lazy\" decoding=\"async\" class=\"aligncenter wp-image-1306 size-full\" src=\"https:\/\/blogsaverroes.juntadeandalucia.es\/eeirioebromotril\/files\/2023\/05\/DIA-DE-EUROPA.-9-de-Mayo-11024_1.jpg\" alt=\"\" width=\"724\" height=\"1024\" srcset=\"https:\/\/blogsaverroes.juntadeandalucia.es\/eeirioebromotril\/files\/2023\/05\/DIA-DE-EUROPA.-9-de-Mayo-11024_1.jpg 724w, https:\/\/blogsaverroes.juntadeandalucia.es\/eeirioebromotril\/files\/2023\/05\/DIA-DE-EUROPA.-9-de-Mayo-11024_1-212x300.jpg 212w\" sizes=\"(max-width: 724px) 100vw, 724px\" \/><\/p>\n<p><img loading=\"lazy\" decoding=\"async\" class=\"aligncenter wp-image-1307 size-full\" src=\"https:\/\/blogsaverroes.juntadeandalucia.es\/eeirioebromotril\/files\/2023\/05\/DIA-DE-EUROPA.-9-de-Mayo-11024_2.jpg\" alt=\"\" width=\"724\" height=\"1024\" srcset=\"https:\/\/blogsaverroes.juntadeandalucia.es\/eeirioebromotril\/files\/2023\/05\/DIA-DE-EUROPA.-9-de-Mayo-11024_2.jpg 724w, https:\/\/blogsaverroes.juntadeandalucia.es\/eeirioebromotril\/files\/2023\/05\/DIA-DE-EUROPA.-9-de-Mayo-11024_2-212x300.jpg 212w\" sizes=\"(max-width: 724px) 100vw, 724px\" \/><\/p>\n<p><img loading=\"lazy\" decoding=\"async\" class=\"aligncenter wp-image-1309 size-full\" src=\"https:\/\/blogsaverroes.juntadeandalucia.es\/eeirioebromotril\/files\/2023\/05\/DIA-DE-EUROPA.-9-de-Mayo-11024_3.jpg\" alt=\"\" width=\"724\" height=\"1024\" srcset=\"https:\/\/blogsaverroes.juntadeandalucia.es\/eeirioebromotril\/files\/2023\/05\/DIA-DE-EUROPA.-9-de-Mayo-11024_3.jpg 724w, https:\/\/blogsaverroes.juntadeandalucia.es\/eeirioebromotril\/files\/2023\/05\/DIA-DE-EUROPA.-9-de-Mayo-11024_3-212x300.jpg 212w\" sizes=\"(max-width: 724px) 100vw, 724px\" \/><\/p>\n<p><img loading=\"lazy\" decoding=\"async\" class=\"aligncenter wp-image-1310 size-full\" src=\"https:\/\/blogsaverroes.juntadeandalucia.es\/eeirioebromotril\/files\/2023\/05\/DIA-DE-EUROPA.-9-de-Mayo-11024_4.jpg\" alt=\"\" width=\"724\" height=\"1024\" srcset=\"https:\/\/blogsaverroes.juntadeandalucia.es\/eeirioebromotril\/files\/2023\/05\/DIA-DE-EUROPA.-9-de-Mayo-11024_4.jpg 724w, https:\/\/blogsaverroes.juntadeandalucia.es\/eeirioebromotril\/files\/2023\/05\/DIA-DE-EUROPA.-9-de-Mayo-11024_4-212x300.jpg 212w\" sizes=\"(max-width: 724px) 100vw, 724px\" \/><\/p>\n<p>&nbsp;<\/p>\n","protected":false},"excerpt":{"rendered":"<p>Ayer, d\u00eda 9 de mayo, se celebr\u00f3 en el colegio el D\u00eda de Europa.<\/p>\n","protected":false},"author":13777,"featured_media":1305,"comment_status":"closed","ping_status":"open","sticky":false,"template":"","format":"standard","meta":{"ngg_post_thumbnail":0,"footnotes":""},"categories":[1],"tags":[],"aioseo_notices":[],"_links":{"self":[{"href":"https:\/\/blogsaverroes.juntadeandalucia.es\/eeirioebromotril\/wp-json\/wp\/v2\/posts\/1303"}],"collection":[{"href":"https:\/\/blogsaverroes.juntadeandalucia.es\/eeirioebromotril\/wp-json\/wp\/v2\/posts"}],"about":[{"href":"https:\/\/blogsaverroes.juntadeandalucia.es\/eeirioebromotril\/wp-json\/wp\/v2\/types\/post"}],"author":[{"embeddable":true,"href":"https:\/\/blogsaverroes.juntadeandalucia.es\/eeirioebromotril\/wp-json\/wp\/v2\/users\/13777"}],"replies":[{"embeddable":true,"href":"https:\/\/blogsaverroes.juntadeandalucia.es\/eeirioebromotril\/wp-json\/wp\/v2\/comments?post=1303"}],"version-history":[{"count":3,"href":"https:\/\/blogsaverroes.juntadeandalucia.es\/eeirioebromotril\/wp-json\/wp\/v2\/posts\/1303\/revisions"}],"predecessor-version":[{"id":1311,"href":"https:\/\/blogsaverroes.juntadeandalucia.es\/eeirioebromotril\/wp-json\/wp\/v2\/posts\/1303\/revisions\/1311"}],"wp:featuredmedia":[{"embeddable":true,"href":"https:\/\/blogsaverroes.juntadeandalucia.es\/eeirioebromotril\/wp-json\/wp\/v2\/media\/1305"}],"wp:attachment":[{"href":"https:\/\/blogsaverroes.juntadeandalucia.es\/eeirioebromotril\/wp-json\/wp\/v2\/media?parent=1303"}],"wp:term":[{"taxonomy":"category","embeddable":true,"href":"https:\/\/blogsaverroes.juntadeandalucia.es\/eeirioebromotril\/wp-json\/wp\/v2\/categories?post=1303"},{"taxonomy":"post_tag","embeddable":true,"href":"https:\/\/blogsaverroes.juntadeandalucia.es\/eeirioebromotril\/wp-json\/wp\/v2\/tags?post=1303"}],"curies":[{"name":"wp","href":"https:\/\/api.w.org\/{rel}","templated":true}]}}