{"id":2298,"date":"2026-04-06T10:48:32","date_gmt":"2026-04-06T09:48:32","guid":{"rendered":"https:\/\/blogsaverroes.juntadeandalucia.es\/eeirioebromotril\/?p=2298"},"modified":"2026-04-06T10:49:59","modified_gmt":"2026-04-06T09:49:59","slug":"2298-2","status":"publish","type":"post","link":"https:\/\/blogsaverroes.juntadeandalucia.es\/eeirioebromotril\/2298-2\/","title":{"rendered":"D\u00eda internacional de la poes\u00eda 2026"},"content":{"rendered":"<p>El pasado Lunes, 23 de Marzo, celebramos en el cole el d\u00eda Mundial de la poes\u00eda con la visita de una autora motrile\u00f1a, amante de este g\u00e9nero literario.&nbsp;<\/p>\n<p>Silvia Gonz\u00e1lez Tarragona vino a hablarnos de poes\u00eda y a presentarnos a su divertido personaje Maruja, una divertida bruja a la que tambi\u00e9n le encanta la poes\u00eda y que quiere ser poeta. &nbsp;&nbsp;<\/p>\n<p>En toda la ma\u00f1ana pudimos disfrutar y conocer qu\u00e9 es la poes\u00eda y como podemos hacer alguna de ellas, cuando riman las palabras, qu\u00e9 es una met\u00e1fora, &#8230; Hicimos un taller en el que aprendimos much\u00edsimo.<\/p>\n<p>Por otro lado, los peque\u00f1@s del cole, conocieron a su personaje y su historia y se divirtieron un mont\u00f3n con sus intr\u00e9pidas aventuras<\/p>\n<p>Pasamos una divertida ma\u00f1ana en compa\u00f1\u00eda de esta simp\u00e1tica Bruja poeta y de su creadora, Silvia, como podemos ver aqu\u00ed.<\/p>\n<div style=\"width: 368px;\" class=\"wp-video\"><!--[if lt IE 9]><script>document.createElement('video');<\/script><![endif]-->\n<video class=\"wp-video-shortcode\" id=\"video-2298-1\" width=\"368\" height=\"464\" preload=\"metadata\" controls=\"controls\"><source type=\"video\/mp4\" src=\"https:\/\/blogsaverroes.juntadeandalucia.es\/eeirioebromotril\/files\/2026\/04\/WhatsApp-Video-2026-03-24-at-16.52.21.mp4?_=1\" \/><a href=\"https:\/\/blogsaverroes.juntadeandalucia.es\/eeirioebromotril\/files\/2026\/04\/WhatsApp-Video-2026-03-24-at-16.52.21.mp4\">https:\/\/blogsaverroes.juntadeandalucia.es\/eeirioebromotril\/files\/2026\/04\/WhatsApp-Video-2026-03-24-at-16.52.21.mp4<\/a><\/video><\/div>\n<p>&nbsp;<\/p>\n<p><a href=\"https:\/\/bibliorioebro.blogspot.com\/2026\/03\/celebrando-el-dia-de-la-poesia.html\">https:\/\/bibliorioebro.blogspot.com\/2026\/03\/celebrando-el-dia-de-la-poesia.html<\/a><\/p>\n","protected":false},"excerpt":{"rendered":"<p>El pasado Lunes, 23 de Marzo, celebramos en el cole el d\u00eda Mundial de la poes\u00eda con la visita de una autora motrile\u00f1a, amante de este g\u00e9nero literario.&nbsp; Silvia Gonz\u00e1lez Tarragona vino a hablarnos de poes\u00eda y a presentarnos a su divertido personaje Maruja, una divertida bruja a la que tambi\u00e9n le encanta la poes\u00eda [&hellip;]<\/p>\n","protected":false},"author":13777,"featured_media":2300,"comment_status":"closed","ping_status":"open","sticky":false,"template":"","format":"standard","meta":{"ngg_post_thumbnail":0,"footnotes":""},"categories":[1],"tags":[],"aioseo_notices":[],"_links":{"self":[{"href":"https:\/\/blogsaverroes.juntadeandalucia.es\/eeirioebromotril\/wp-json\/wp\/v2\/posts\/2298"}],"collection":[{"href":"https:\/\/blogsaverroes.juntadeandalucia.es\/eeirioebromotril\/wp-json\/wp\/v2\/posts"}],"about":[{"href":"https:\/\/blogsaverroes.juntadeandalucia.es\/eeirioebromotril\/wp-json\/wp\/v2\/types\/post"}],"author":[{"embeddable":true,"href":"https:\/\/blogsaverroes.juntadeandalucia.es\/eeirioebromotril\/wp-json\/wp\/v2\/users\/13777"}],"replies":[{"embeddable":true,"href":"https:\/\/blogsaverroes.juntadeandalucia.es\/eeirioebromotril\/wp-json\/wp\/v2\/comments?post=2298"}],"version-history":[{"count":2,"href":"https:\/\/blogsaverroes.juntadeandalucia.es\/eeirioebromotril\/wp-json\/wp\/v2\/posts\/2298\/revisions"}],"predecessor-version":[{"id":2302,"href":"https:\/\/blogsaverroes.juntadeandalucia.es\/eeirioebromotril\/wp-json\/wp\/v2\/posts\/2298\/revisions\/2302"}],"wp:featuredmedia":[{"embeddable":true,"href":"https:\/\/blogsaverroes.juntadeandalucia.es\/eeirioebromotril\/wp-json\/wp\/v2\/media\/2300"}],"wp:attachment":[{"href":"https:\/\/blogsaverroes.juntadeandalucia.es\/eeirioebromotril\/wp-json\/wp\/v2\/media?parent=2298"}],"wp:term":[{"taxonomy":"category","embeddable":true,"href":"https:\/\/blogsaverroes.juntadeandalucia.es\/eeirioebromotril\/wp-json\/wp\/v2\/categories?post=2298"},{"taxonomy":"post_tag","embeddable":true,"href":"https:\/\/blogsaverroes.juntadeandalucia.es\/eeirioebromotril\/wp-json\/wp\/v2\/tags?post=2298"}],"curies":[{"name":"wp","href":"https:\/\/api.w.org\/{rel}","templated":true}]}}