{"id":60,"date":"2015-12-20T15:44:26","date_gmt":"2015-12-20T14:44:26","guid":{"rendered":"http:\/\/blogsaverroes.juntadeandalucia.es\/efcepcordoba\/?p=60"},"modified":"2015-12-20T15:44:26","modified_gmt":"2015-12-20T14:44:26","slug":"simo-educacion-2015","status":"publish","type":"post","link":"https:\/\/blogsaverroes.juntadeandalucia.es\/efcepcordoba\/2015\/12\/20\/simo-educacion-2015\/","title":{"rendered":"SIMO EDUCACI\u00d3N 2015"},"content":{"rendered":"<p><a href=\"http:\/\/blogsaverroes.juntadeandalucia.es\/efcepcordoba\/files\/2015\/12\/simo2015-e1432027290368.jpg\"><img loading=\"lazy\" decoding=\"async\" class=\"aligncenter size-medium wp-image-59\" src=\"http:\/\/blogsaverroes.juntadeandalucia.es\/efcepcordoba\/files\/2015\/12\/simo2015-e1432027290368-300x100.jpg\" alt=\"simo2015-e1432027290368\" width=\"300\" height=\"100\" srcset=\"https:\/\/blogsaverroes.juntadeandalucia.es\/efcepcordoba\/files\/2015\/12\/simo2015-e1432027290368-300x100.jpg 300w, https:\/\/blogsaverroes.juntadeandalucia.es\/efcepcordoba\/files\/2015\/12\/simo2015-e1432027290368.jpg 585w\" sizes=\"(max-width: 300px) 100vw, 300px\" \/><\/a><\/p>\n<p>&nbsp;<\/p>\n<p class=\"p2\"><span class=\"s1\">SIMO Educaci\u00f3n 2015 es una feria celebrada de forma anual, la cual ha sido acogida por IFEMA en la ciudad de Madrid y que consiste en un completo sal\u00f3n de tecnolog\u00eda dedicado a la ense\u00f1anza. SIMO Educaci\u00f3n 2015 ha contado este a\u00f1o con m\u00e1s de 120 ponencias, destacando por ser un evento cada vez m\u00e1s sectorial en el que se han expuesto las \u00faltimas innovaciones tecnol\u00f3gicas a trav\u00e9s de talleres, diferentes metodolog\u00edas y nuevos recursos tecnol\u00f3gicos.<\/span><\/p>\n<p class=\"p2\"><span class=\"s1\">Entre los expertos destacados que ofrecieron sus ponencias en esta edici\u00f3n, se encuentra Jari Lavonen, director de la Facultad de Educaci\u00f3n de la Universidad de Helsinki <a href=\"http:\/\/www.helsinki.fi\/teachereducation\/index.html\"><span class=\"s2\">http:\/\/www.helsinki.fi\/teachereducation\/index.html<\/span><\/a> , que habl\u00f3 del proceso de profesionalizaci\u00f3n de los docentes en Finlandia y de los cambios que este pa\u00eds introducir\u00e1 en su curr\u00edculum a lo largo de 2016. Me he puesto en contacto por email con \u00e9l para que me env\u00ede la presentaci\u00f3n y compartirla con los compa\u00f1eros del CEP, as\u00ed como para plantearle la posibilidad de una asociaci\u00f3n estrat\u00e9gica y\/o movilidad a su instituci\u00f3n\u00a0haciendo un \u201cJob Shadowing\u201d en su instituci\u00f3n.<\/span><\/p>\n<p class=\"p2\"><span class=\"s1\">No pude llegar a la ponencia de Fernando Trujillo: \u201c\u00bfJugar el partido o quedarnos en el entrenamiento? C\u00f3mo las TIC nos ayudan a saltar a la cancha y disfrutar del encuentro\u201d, pero leyendo su rese\u00f1a de su blog podemos profundizar en ella: <a href=\"http:\/\/fernandotrujillo.es\/yo-ni-ordeno-ni-computo-soy-creador-de-multiversos\/\"><span class=\"s2\">http:\/\/fernandotrujillo.es\/yo-ni-ordeno-ni-computo-soy-creador-de-multiversos\/<\/span><\/a> <\/span><\/p>\n<p class=\"p2\"><span class=\"s1\">Los asistentes (yo no puede ir) tambi\u00e9n conocieron en detalle el Proyecto Horizonte 2020 que Jesu\u00eftes Educaci\u00f3 est\u00e1 implantando en sus centros de la mano de sus responsables, Xavier Aragay y Pepe Men\u00e9ndez.<span class=\"Apple-converted-space\">\u00a0 <\/span>En este enlace puede verse en qu\u00e9 consist\u00eda: <\/span><\/p>\n<p class=\"p3\"><span class=\"s3\"><a href=\"http:\/\/www.educaciontrespuntocero.com\/noticias\/jesuites-educacio-propone-un-cambio-profundo-y-sistemico-de-la-educacion\/30096.html\">http:\/\/www.educaciontrespuntocero.com\/noticias\/jesuites-educacio-propone-un-cambio-profundo-y-sistemico-de-la-educacion\/30096.html<\/a><\/span><\/p>\n<p class=\"p2\"><span class=\"s1\">S\u00ed estuve en la ponencia de Richard Spencer \u201cWithout a song of a dance what are we?\u201d, profesor de Secundaria en Billingham, Reino Unido, y finalista del Global Teacher Prize mostr\u00f3 su particular forma de ense\u00f1ar Ciencias a trav\u00e9s de la m\u00fasica y el baile:<\/span><\/p>\n<p class=\"p3\"><span class=\"s3\"><a href=\"http:\/\/www.educaciontrespuntocero.com\/noticias\/ensenar-biologia-con-musica-y-baile-por-richard-spencer\/29894.html\">http:\/\/www.educaciontrespuntocero.com\/noticias\/ensenar-biologia-con-musica-y-baile-por-richard-spencer\/29894.html<\/a><\/span><\/p>\n<p class=\"p2\"><span class=\"s1\">El colegio jesuita de Santander present\u00f3 la ponencia \u201cThe Flipped Classroom of Mathematics\u201d<\/span><\/p>\n<p class=\"p3\"><span class=\"s3\"><a href=\"http:\/\/www.notimerica.com\/economia\/noticia-simo-2015-flipped-classroom-da-giro-ensenanza-tradicional-20151029195033.html\">http:\/\/www.notimerica.com\/economia\/noticia-simo-2015-flipped-classroom-da-giro-ensenanza-tradicional-20151029195033.html<\/a><\/span><\/p>\n<p class=\"p2\"><span class=\"s1\">Asist\u00ed a la presentaci\u00f3n de PROYECTA <a href=\"http:\/\/www.plataformaproyecta.org\"><span class=\"s2\">www.plataformaproyecta.org<\/span><\/a> una plataforma para la formaci\u00f3n del profesorado en la aplicaci\u00f3n TIC en el aula, con concursos, videotutoriales, contenidos elaborados por educadores, cursos de formaci\u00f3n, publicaci\u00f3n de recursos en abierto, ejemplos de buenas pr\u00e1cticas, encuentros educativos entre docentes o premios para los colegios m\u00e1s innovadores. Es una iniciativa de las fundaciones Amancio Ortega y Santiago Rey Fern\u00e1ndez-Latorre que tiene como objetivo fomentar la innovaci\u00f3n en el \u00e1mbito educativo. Puedes consultar esta rese\u00f1a para m\u00e1s informaci\u00f3n:<\/span><\/p>\n<p class=\"p3\"><span class=\"s3\"><a href=\"http:\/\/www.educaciontrespuntocero.com\/noticias\/innovacion-aula-con-proyecta\/30153.html\">http:\/\/www.educaciontrespuntocero.com\/noticias\/innovacion-aula-con-proyecta\/30153.html<\/a><\/span><\/p>\n<p class=\"p2\"><span class=\"s1\">Tambi\u00e9n visit\u00e9 el stand de educaixa (su web es: <a href=\"http:\/\/www.educaixa.com\/\"><span class=\"s2\">http:\/\/www.educaixa.com\/<\/span><\/a> )es la plataforma educativa de Obra Social \u00abla Caixa\u00bb para las l\u00edneas de ciencia, cultura, valores sociales y educaci\u00f3n financiera y por nivel educativo (Infantil, Primaria, ESO, Bachillerato y CF), ofreciendo todo tipo de herramientas y recursos educativos para utilizar dentro y fuera del aula. Su director de comunicaci\u00f3n se ofreci\u00f3 como ponente dentro de los cursos de Cultura Emprendedora que se desarrollan en nuestro CEP y nos regal\u00f3 un kit de cultura emprendedora con recursos para el aula.<\/span><\/p>\n<p class=\"p2\"><span class=\"s1\">Asist\u00ed a una experiencia de gamificaci\u00f3n integrada de cuatro materias en secundaria: Class of Clans que result\u00f3 premiada en el PREMIO A LA MEJOR EXPERIENCIA INNOVADORA SIMO 2015. Pod\u00e9is consultarla en <a href=\"http:\/\/www.iesantoniodenebrija.es\/joomla\/index.php\/ensenanzas\/36-premio-a-la-mejor-experiencia-innovadora-simo-2015\"><span class=\"s2\">http:\/\/www.iesantoniodenebrija.es\/joomla\/index.php\/ensenanzas\/36-premio-a-la-mejor-experiencia-innovadora-simo-2015<\/span><\/a> <\/span><\/p>\n<p class=\"p2\"><span class=\"s1\">Otra agradable sorpresa fue la experiencia #AlhambraM\u00e1gica del CEIP Federico Garc\u00eda Lorca de G\u00fcevejar, Granada, realizada por Diego Garc\u00eda, antiguo asesor del CEP, que pod\u00e9is ver en:<span class=\"Apple-converted-space\">\u00a0 <\/span><a href=\"http:\/\/unblogfantasticoenguevejar.blogspot.com.es\/2015\/01\/proyecto-alhambramagica.html#.VkscAK6rS8U\"><span class=\"s2\">http:\/\/unblogfantasticoenguevejar.blogspot.com.es\/2015\/01\/proyecto-alhambramagica.html#.VkscAK6rS8U<\/span><\/a> <span class=\"Apple-converted-space\">\u00a0 <\/span>Una incre\u00edble experiencia que integra TIC, realidad aumentada, creatividad, etc. con alumnado de 5\u00ba de Primaria .<\/span><\/p>\n<p class=\"p2\"><span class=\"s1\">Si quer\u00e9is ver c\u00f3mo fue una Flipped classroom de matem\u00e1ticas con ipads: <a href=\"http:\/\/ipad.tajamar.es\/2015\/10\/clase-flipped-classroom-en-el-simo.html\"><span class=\"s2\">http:\/\/ipad.tajamar.es\/2015\/10\/clase-flipped-classroom-en-el-simo.html<\/span><\/a> <\/span><\/p>\n<p class=\"p2\"><span class=\"s1\">En fin, dos d\u00edas muy intensos y con mucha informaci\u00f3n que procesar en nuestra CPU.<\/span><\/p>\n","protected":false},"excerpt":{"rendered":"<p>&nbsp; SIMO Educaci\u00f3n 2015 es una feria celebrada de forma anual, la cual ha sido acogida por IFEMA en la ciudad de Madrid y que consiste en un completo sal\u00f3n de tecnolog\u00eda dedicado a&#46;&#46;&#46;<\/p>\n","protected":false},"author":1894,"featured_media":0,"comment_status":"open","ping_status":"open","sticky":false,"template":"","format":"standard","meta":{"ngg_post_thumbnail":0,"footnotes":""},"categories":[13,1571,39699,11908,57],"tags":[],"aioseo_notices":[],"_links":{"self":[{"href":"https:\/\/blogsaverroes.juntadeandalucia.es\/efcepcordoba\/wp-json\/wp\/v2\/posts\/60"}],"collection":[{"href":"https:\/\/blogsaverroes.juntadeandalucia.es\/efcepcordoba\/wp-json\/wp\/v2\/posts"}],"about":[{"href":"https:\/\/blogsaverroes.juntadeandalucia.es\/efcepcordoba\/wp-json\/wp\/v2\/types\/post"}],"author":[{"embeddable":true,"href":"https:\/\/blogsaverroes.juntadeandalucia.es\/efcepcordoba\/wp-json\/wp\/v2\/users\/1894"}],"replies":[{"embeddable":true,"href":"https:\/\/blogsaverroes.juntadeandalucia.es\/efcepcordoba\/wp-json\/wp\/v2\/comments?post=60"}],"version-history":[{"count":1,"href":"https:\/\/blogsaverroes.juntadeandalucia.es\/efcepcordoba\/wp-json\/wp\/v2\/posts\/60\/revisions"}],"predecessor-version":[{"id":61,"href":"https:\/\/blogsaverroes.juntadeandalucia.es\/efcepcordoba\/wp-json\/wp\/v2\/posts\/60\/revisions\/61"}],"wp:attachment":[{"href":"https:\/\/blogsaverroes.juntadeandalucia.es\/efcepcordoba\/wp-json\/wp\/v2\/media?parent=60"}],"wp:term":[{"taxonomy":"category","embeddable":true,"href":"https:\/\/blogsaverroes.juntadeandalucia.es\/efcepcordoba\/wp-json\/wp\/v2\/categories?post=60"},{"taxonomy":"post_tag","embeddable":true,"href":"https:\/\/blogsaverroes.juntadeandalucia.es\/efcepcordoba\/wp-json\/wp\/v2\/tags?post=60"}],"curies":[{"name":"wp","href":"https:\/\/api.w.org\/{rel}","templated":true}]}}