{"id":87,"date":"2020-12-01T18:50:12","date_gmt":"2020-12-01T18:50:12","guid":{"rendered":"https:\/\/blogsaverroes.juntadeandalucia.es\/efenelpintor\/?p=87"},"modified":"2020-12-01T19:00:41","modified_gmt":"2020-12-01T19:00:41","slug":"los-puntos-cardinales","status":"publish","type":"post","link":"https:\/\/blogsaverroes.juntadeandalucia.es\/efenelpintor\/los-puntos-cardinales\/","title":{"rendered":"Los puntos cardinales"},"content":{"rendered":"<p>Hola a tod@s de nuevo, como parece que tenemos dudas en el tema de orientaci\u00f3n espacial en relaci\u00f3n a los puntos cardinales, he decidido buscar esta presentaci\u00f3n que creo os resolver\u00e1 muchas dudas, as\u00ed que la pr\u00f3xima vez que os pregunte por d\u00f3nde sale el sol \u00a1no os equivoqu\u00e9is!<\/p>\n<p><iframe loading=\"lazy\" src=\"\/\/www.slideshare.net\/slideshow\/embed_code\/key\/2AUyRfvkDhd0nV\" width=\"595\" height=\"485\" frameborder=\"0\" marginwidth=\"0\" marginheight=\"0\" scrolling=\"no\"> <\/iframe> <\/p>\n<div style=\"margin-bottom:5px\"> <strong> <a href=\"\/\/www.slideshare.net\/sabinamiranda\/los-puntos-cardinales-9780389\" title=\"Los puntos cardinales\" target=\"_blank\" rel=\"noopener noreferrer\">Los puntos cardinales<\/a> <\/strong> from <strong><a href=\"\/\/www.slideshare.net\/sabinamiranda\" target=\"_blank\" rel=\"noopener noreferrer\">Sabina Ponce<\/a><\/strong> <\/div>\n<p>Presentaci\u00f3n de Sabina Ponce en SlideShare<\/p>\n","protected":false},"excerpt":{"rendered":"<p>Hola a tod@s de nuevo, como parece que tenemos dudas en el tema de orientaci\u00f3n espacial en relaci\u00f3n a los puntos cardinales, he decidido buscar esta presentaci\u00f3n que creo os resolver\u00e1 muchas dudas, as\u00ed&#46;&#46;&#46;<\/p>\n","protected":false},"author":11465,"featured_media":0,"comment_status":"open","ping_status":"open","sticky":false,"template":"","format":"standard","meta":{"ngg_post_thumbnail":0,"footnotes":""},"categories":[4],"tags":[5],"aioseo_notices":[],"_links":{"self":[{"href":"https:\/\/blogsaverroes.juntadeandalucia.es\/efenelpintor\/wp-json\/wp\/v2\/posts\/87"}],"collection":[{"href":"https:\/\/blogsaverroes.juntadeandalucia.es\/efenelpintor\/wp-json\/wp\/v2\/posts"}],"about":[{"href":"https:\/\/blogsaverroes.juntadeandalucia.es\/efenelpintor\/wp-json\/wp\/v2\/types\/post"}],"author":[{"embeddable":true,"href":"https:\/\/blogsaverroes.juntadeandalucia.es\/efenelpintor\/wp-json\/wp\/v2\/users\/11465"}],"replies":[{"embeddable":true,"href":"https:\/\/blogsaverroes.juntadeandalucia.es\/efenelpintor\/wp-json\/wp\/v2\/comments?post=87"}],"version-history":[{"count":4,"href":"https:\/\/blogsaverroes.juntadeandalucia.es\/efenelpintor\/wp-json\/wp\/v2\/posts\/87\/revisions"}],"predecessor-version":[{"id":91,"href":"https:\/\/blogsaverroes.juntadeandalucia.es\/efenelpintor\/wp-json\/wp\/v2\/posts\/87\/revisions\/91"}],"wp:attachment":[{"href":"https:\/\/blogsaverroes.juntadeandalucia.es\/efenelpintor\/wp-json\/wp\/v2\/media?parent=87"}],"wp:term":[{"taxonomy":"category","embeddable":true,"href":"https:\/\/blogsaverroes.juntadeandalucia.es\/efenelpintor\/wp-json\/wp\/v2\/categories?post=87"},{"taxonomy":"post_tag","embeddable":true,"href":"https:\/\/blogsaverroes.juntadeandalucia.es\/efenelpintor\/wp-json\/wp\/v2\/tags?post=87"}],"curies":[{"name":"wp","href":"https:\/\/api.w.org\/{rel}","templated":true}]}}