{"id":63,"date":"2020-03-28T21:24:20","date_gmt":"2020-03-28T21:24:20","guid":{"rendered":"https:\/\/blogsaverroes.juntadeandalucia.es\/efsanfernando\/?p=63"},"modified":"2020-03-28T21:24:20","modified_gmt":"2020-03-28T21:24:20","slug":"63","status":"publish","type":"post","link":"https:\/\/blogsaverroes.juntadeandalucia.es\/efsanfernando\/2020\/03\/28\/63\/","title":{"rendered":""},"content":{"rendered":"<p>Desde la Consejer\u00eda de Educaci\u00f3n y Deporte se quiere transmitir a la comunidad educativa un mensaje de tranquilidad y de confianza en las medidas que se est\u00e1n adoptando por las autoridades, especialmente las sanitarias.&nbsp;<\/p>\n<p>La Consejer\u00eda de Salud y Familias y por el Ministerio de Sanidad, ha elaborado la \u00abGu\u00eda para Escuelas, Centros educativos y Universidades\u00bb que contiene informaci\u00f3n de inter\u00e9s sobre el coronavirus (COVID-19) y medidas de prevenci\u00f3n y actuaci\u00f3n con respecto al mismo.<\/p>\n","protected":false},"excerpt":{"rendered":"<p>Desde la Consejer\u00eda de Educaci\u00f3n y Deporte se quiere transmitir a la comunidad educativa un mensaje de tranquilidad y de confianza en las medidas que se est\u00e1n adoptando por las autoridades, especialmente las sanitarias.&nbsp;&#46;&#46;&#46;<\/p>\n","protected":false},"author":7337,"featured_media":18,"comment_status":"open","ping_status":"open","sticky":true,"template":"","format":"standard","meta":{"ngg_post_thumbnail":0,"footnotes":""},"categories":[11909],"tags":[],"aioseo_notices":[],"_links":{"self":[{"href":"https:\/\/blogsaverroes.juntadeandalucia.es\/efsanfernando\/wp-json\/wp\/v2\/posts\/63"}],"collection":[{"href":"https:\/\/blogsaverroes.juntadeandalucia.es\/efsanfernando\/wp-json\/wp\/v2\/posts"}],"about":[{"href":"https:\/\/blogsaverroes.juntadeandalucia.es\/efsanfernando\/wp-json\/wp\/v2\/types\/post"}],"author":[{"embeddable":true,"href":"https:\/\/blogsaverroes.juntadeandalucia.es\/efsanfernando\/wp-json\/wp\/v2\/users\/7337"}],"replies":[{"embeddable":true,"href":"https:\/\/blogsaverroes.juntadeandalucia.es\/efsanfernando\/wp-json\/wp\/v2\/comments?post=63"}],"version-history":[{"count":1,"href":"https:\/\/blogsaverroes.juntadeandalucia.es\/efsanfernando\/wp-json\/wp\/v2\/posts\/63\/revisions"}],"predecessor-version":[{"id":66,"href":"https:\/\/blogsaverroes.juntadeandalucia.es\/efsanfernando\/wp-json\/wp\/v2\/posts\/63\/revisions\/66"}],"wp:featuredmedia":[{"embeddable":true,"href":"https:\/\/blogsaverroes.juntadeandalucia.es\/efsanfernando\/wp-json\/wp\/v2\/media\/18"}],"wp:attachment":[{"href":"https:\/\/blogsaverroes.juntadeandalucia.es\/efsanfernando\/wp-json\/wp\/v2\/media?parent=63"}],"wp:term":[{"taxonomy":"category","embeddable":true,"href":"https:\/\/blogsaverroes.juntadeandalucia.es\/efsanfernando\/wp-json\/wp\/v2\/categories?post=63"},{"taxonomy":"post_tag","embeddable":true,"href":"https:\/\/blogsaverroes.juntadeandalucia.es\/efsanfernando\/wp-json\/wp\/v2\/tags?post=63"}],"curies":[{"name":"wp","href":"https:\/\/api.w.org\/{rel}","templated":true}]}}