{"id":2509,"date":"2020-12-08T18:20:20","date_gmt":"2020-12-08T18:20:20","guid":{"rendered":"https:\/\/blogsaverroes.juntadeandalucia.es\/eiadelfa\/?p=2509"},"modified":"2020-12-08T18:24:35","modified_gmt":"2020-12-08T18:24:35","slug":"actividades-navidad-curso-20-21-e-i-adelfa","status":"publish","type":"post","link":"https:\/\/blogsaverroes.juntadeandalucia.es\/eiadelfa\/actividades-navidad-curso-20-21-e-i-adelfa\/","title":{"rendered":"ACTIVIDADES NAVIDAD CURSO 20-21, E.I. ADELFA"},"content":{"rendered":"<p>Estimadas familias:&nbsp;<\/p>\n<p style=\"text-align: left\">El claustro de maestras \/o que componemos la Escuela Infantil Adelfa, queremos en primer lugar, daros las GRACIAS, por todo lo ordinario y extraordinario que juntos hemos realizado en estos meses. GRACIAS por vuestra acogida, paciencia y colaboraci\u00f3n y desearles que pasen unas Felices Fiestas de Navidad y que el pr\u00f3ximo a\u00f1o llegue con la mayor felicidad posible y cargado de Esperanza.<\/p>\n<p style=\"text-align: left\">El calendario para el MES DE DICIEMBRE ser\u00e1 el siguiente:<\/p>\n<p style=\"text-align: left\">\uf0b7 VIERNES 18 visita del Cartero Real a nuestro Centro.<br \/>\n\uf0b7 LUNES 21 actividad de cuentacuentos organizada por el AMPA. Este d\u00eda tambi\u00e9n se har\u00e1 la entrega de los Boletines de Notas del Primer Trimestre junto con el material curricular, lo llevar\u00e1n&nbsp; &nbsp; &nbsp; &nbsp; &nbsp; &nbsp;en mano sus hijos\/as a la salida.<\/p>\n<p style=\"text-align: left\">\uf0b7 MARTES 22 desayuno con churros invitaci\u00f3n del AMPA (el alumnado traer\u00e1 de casa su batido, zumo\u2026). Tambi\u00e9n pueden venir vestidos\/as con ropas t\u00edpicas de navidad.<\/p>\n<p style=\"text-align: center\">&nbsp; &nbsp; &nbsp;\u00daLTIMO D\u00cdA DE CLASE ES EL MARTES 22 Y NOS INCORPORAMOS EL D\u00cdA 7 DE ENERO DE 2021.<\/p>\n<p style=\"text-align: left\">Todas las actividades programadas para estos d\u00edas cumplen las medidas de seguridad ante el COVID-19.<\/p>\n<p style=\"text-align: center\">&nbsp; &nbsp; &nbsp; &nbsp; &nbsp; &nbsp; &nbsp; &nbsp; &nbsp; \u00a1EL CLAUSTRO DE E.I. ADELFA OS DESEA UNA FELIZ NAVIDAD!<\/p>\n","protected":false},"excerpt":{"rendered":"<p>Estimadas familias:&nbsp; El claustro de maestras \/o que componemos la Escuela Infantil Adelfa, queremos en primer lugar, daros las GRACIAS, por todo lo ordinario y&hellip;<\/p>\n","protected":false},"author":10395,"featured_media":2260,"comment_status":"open","ping_status":"open","sticky":false,"template":"","format":"standard","meta":{"ngg_post_thumbnail":0,"footnotes":""},"categories":[11909],"tags":[],"aioseo_notices":[],"_links":{"self":[{"href":"https:\/\/blogsaverroes.juntadeandalucia.es\/eiadelfa\/wp-json\/wp\/v2\/posts\/2509"}],"collection":[{"href":"https:\/\/blogsaverroes.juntadeandalucia.es\/eiadelfa\/wp-json\/wp\/v2\/posts"}],"about":[{"href":"https:\/\/blogsaverroes.juntadeandalucia.es\/eiadelfa\/wp-json\/wp\/v2\/types\/post"}],"author":[{"embeddable":true,"href":"https:\/\/blogsaverroes.juntadeandalucia.es\/eiadelfa\/wp-json\/wp\/v2\/users\/10395"}],"replies":[{"embeddable":true,"href":"https:\/\/blogsaverroes.juntadeandalucia.es\/eiadelfa\/wp-json\/wp\/v2\/comments?post=2509"}],"version-history":[{"count":6,"href":"https:\/\/blogsaverroes.juntadeandalucia.es\/eiadelfa\/wp-json\/wp\/v2\/posts\/2509\/revisions"}],"predecessor-version":[{"id":2518,"href":"https:\/\/blogsaverroes.juntadeandalucia.es\/eiadelfa\/wp-json\/wp\/v2\/posts\/2509\/revisions\/2518"}],"wp:featuredmedia":[{"embeddable":true,"href":"https:\/\/blogsaverroes.juntadeandalucia.es\/eiadelfa\/wp-json\/wp\/v2\/media\/2260"}],"wp:attachment":[{"href":"https:\/\/blogsaverroes.juntadeandalucia.es\/eiadelfa\/wp-json\/wp\/v2\/media?parent=2509"}],"wp:term":[{"taxonomy":"category","embeddable":true,"href":"https:\/\/blogsaverroes.juntadeandalucia.es\/eiadelfa\/wp-json\/wp\/v2\/categories?post=2509"},{"taxonomy":"post_tag","embeddable":true,"href":"https:\/\/blogsaverroes.juntadeandalucia.es\/eiadelfa\/wp-json\/wp\/v2\/tags?post=2509"}],"curies":[{"name":"wp","href":"https:\/\/api.w.org\/{rel}","templated":true}]}}