{"id":2665,"date":"2021-04-25T18:31:20","date_gmt":"2021-04-25T18:31:20","guid":{"rendered":"https:\/\/blogsaverroes.juntadeandalucia.es\/eiadelfa\/?p=2665"},"modified":"2021-04-25T18:47:39","modified_gmt":"2021-04-25T18:47:39","slug":"las-jirafas-no-pueden-bailar","status":"publish","type":"post","link":"https:\/\/blogsaverroes.juntadeandalucia.es\/eiadelfa\/las-jirafas-no-pueden-bailar\/","title":{"rendered":"CELEBRACI\u00d3N DEL D\u00cdA DEL LIBRO \u00abLAS JIRAFAS NO PUEDEN BAILAR\u00bb"},"content":{"rendered":"<p>NUESTRO ALUMNADO, PARA EL D\u00cdA DEL LIBRO HAN TRABAJADO ESTE CUENTO .<\/p>\n<p><b>Una historia sencilla que nos ense\u00f1a la importancia de expresarnos a trav\u00e9s del arte y no renunciar a los sue\u00f1os cuando nos encontramos con obst\u00e1culos.&nbsp; Giles Andreae&nbsp;<span class=\"a-color-secondary\">(Autor).<\/span><\/b><\/p>\n<p>A partir del cuento se han realizado actividades.&nbsp; &nbsp;<\/p>\n<p>&nbsp;<\/p>\n<p><a title=\"v\u00eddeo te como a besos\" href=\"https:\/\/drive.google.com\/file\/d\/1O5C3a561Eli6wjPytOvc5aK0NaUzKa-M\/view?usp=sharing\"><img loading=\"lazy\" decoding=\"async\" class=\"alignnone wp-image-2670\" src=\"https:\/\/blogsaverroes.juntadeandalucia.es\/eiadelfa\/files\/2021\/04\/imagen-del-d\u00eda-del-libro.-225x300.jpg\" alt=\"\" width=\"168\" height=\"224\" srcset=\"https:\/\/blogsaverroes.juntadeandalucia.es\/eiadelfa\/files\/2021\/04\/imagen-del-d\u00eda-del-libro.-225x300.jpg 225w, https:\/\/blogsaverroes.juntadeandalucia.es\/eiadelfa\/files\/2021\/04\/imagen-del-d\u00eda-del-libro.-768x1024.jpg 768w, https:\/\/blogsaverroes.juntadeandalucia.es\/eiadelfa\/files\/2021\/04\/imagen-del-d\u00eda-del-libro.-1152x1536.jpg 1152w, https:\/\/blogsaverroes.juntadeandalucia.es\/eiadelfa\/files\/2021\/04\/imagen-del-d\u00eda-del-libro..jpg 1536w\" sizes=\"(max-width: 168px) 100vw, 168px\" \/><\/a><\/p>\n<p>&nbsp;<\/p>\n<p>&nbsp;<\/p>\n","protected":false},"excerpt":{"rendered":"<p>NUESTRO ALUMNADO, PARA EL D\u00cdA DEL LIBRO HAN TRABAJADO ESTE CUENTO . Una historia sencilla que nos ense\u00f1a la importancia de expresarnos a trav\u00e9s del&hellip;<\/p>\n","protected":false},"author":10395,"featured_media":2668,"comment_status":"open","ping_status":"open","sticky":false,"template":"","format":"standard","meta":{"ngg_post_thumbnail":0,"footnotes":""},"categories":[11909],"tags":[],"aioseo_notices":[],"_links":{"self":[{"href":"https:\/\/blogsaverroes.juntadeandalucia.es\/eiadelfa\/wp-json\/wp\/v2\/posts\/2665"}],"collection":[{"href":"https:\/\/blogsaverroes.juntadeandalucia.es\/eiadelfa\/wp-json\/wp\/v2\/posts"}],"about":[{"href":"https:\/\/blogsaverroes.juntadeandalucia.es\/eiadelfa\/wp-json\/wp\/v2\/types\/post"}],"author":[{"embeddable":true,"href":"https:\/\/blogsaverroes.juntadeandalucia.es\/eiadelfa\/wp-json\/wp\/v2\/users\/10395"}],"replies":[{"embeddable":true,"href":"https:\/\/blogsaverroes.juntadeandalucia.es\/eiadelfa\/wp-json\/wp\/v2\/comments?post=2665"}],"version-history":[{"count":6,"href":"https:\/\/blogsaverroes.juntadeandalucia.es\/eiadelfa\/wp-json\/wp\/v2\/posts\/2665\/revisions"}],"predecessor-version":[{"id":2676,"href":"https:\/\/blogsaverroes.juntadeandalucia.es\/eiadelfa\/wp-json\/wp\/v2\/posts\/2665\/revisions\/2676"}],"wp:featuredmedia":[{"embeddable":true,"href":"https:\/\/blogsaverroes.juntadeandalucia.es\/eiadelfa\/wp-json\/wp\/v2\/media\/2668"}],"wp:attachment":[{"href":"https:\/\/blogsaverroes.juntadeandalucia.es\/eiadelfa\/wp-json\/wp\/v2\/media?parent=2665"}],"wp:term":[{"taxonomy":"category","embeddable":true,"href":"https:\/\/blogsaverroes.juntadeandalucia.es\/eiadelfa\/wp-json\/wp\/v2\/categories?post=2665"},{"taxonomy":"post_tag","embeddable":true,"href":"https:\/\/blogsaverroes.juntadeandalucia.es\/eiadelfa\/wp-json\/wp\/v2\/tags?post=2665"}],"curies":[{"name":"wp","href":"https:\/\/api.w.org\/{rel}","templated":true}]}}