{"id":2986,"date":"2022-04-01T09:01:27","date_gmt":"2022-04-01T09:01:27","guid":{"rendered":"https:\/\/blogsaverroes.juntadeandalucia.es\/eiadelfa\/?p=2986"},"modified":"2022-04-01T09:03:40","modified_gmt":"2022-04-01T09:03:40","slug":"comenzamos-a-crear-nuestro-huerto","status":"publish","type":"post","link":"https:\/\/blogsaverroes.juntadeandalucia.es\/eiadelfa\/comenzamos-a-crear-nuestro-huerto\/","title":{"rendered":"\u00a1 COMENZAMOS A CREAR NUESTRO HUERTO !"},"content":{"rendered":"<p>El huerto es un recurso educativo de primer orden para poner en pr\u00e1ctica un aprendizaje activo y cooperativo basado en la experiencia y el contacto directo con la tierra.<br \/>\nMediante el aprendizaje de t\u00e9cnicas tradicionales y sostenibles para el cultivo de tomates, cebollas, acelgas, fresas&#8230;, flores o plantas arom\u00e1ticas acercamos a nuestros ni\u00f1os y ni\u00f1as la posibilidad de experimentar y conocer de primera manos los ciclos biol\u00f3gicos de la vida y la naturaleza.<\/p>\n<p><a href=\"https:\/\/blogsaverroes.juntadeandalucia.es\/eiadelfa\/files\/2022\/04\/HUERTO.png\">&nbsp; &nbsp; &nbsp; &nbsp; &nbsp; &nbsp; &nbsp; &nbsp; &nbsp; &nbsp; &nbsp; &nbsp; &nbsp; &nbsp; &nbsp; &nbsp; &nbsp; &nbsp; &nbsp; &nbsp; &nbsp; &nbsp; &nbsp; &nbsp; &nbsp; &nbsp; &nbsp; &nbsp; &nbsp; &nbsp; &nbsp; &nbsp; &nbsp; &nbsp; &nbsp; &nbsp; &nbsp; &nbsp; &nbsp; &nbsp; &nbsp; &nbsp; &nbsp; &nbsp; &nbsp; &nbsp; &nbsp; &nbsp; &nbsp; &nbsp; &nbsp; &nbsp; &nbsp; &nbsp; &nbsp; &nbsp; &nbsp; &nbsp; &nbsp; &nbsp; &nbsp; &nbsp; &nbsp; &nbsp;<img loading=\"lazy\" decoding=\"async\" class=\"alignnone wp-image-2990\" src=\"https:\/\/blogsaverroes.juntadeandalucia.es\/eiadelfa\/files\/2022\/04\/HUERTO-300x240.png\" alt=\"\" width=\"625\" height=\"500\" srcset=\"https:\/\/blogsaverroes.juntadeandalucia.es\/eiadelfa\/files\/2022\/04\/HUERTO-300x240.png 300w, https:\/\/blogsaverroes.juntadeandalucia.es\/eiadelfa\/files\/2022\/04\/HUERTO-1024x819.png 1024w, https:\/\/blogsaverroes.juntadeandalucia.es\/eiadelfa\/files\/2022\/04\/HUERTO-768x614.png 768w, https:\/\/blogsaverroes.juntadeandalucia.es\/eiadelfa\/files\/2022\/04\/HUERTO-1536x1229.png 1536w, https:\/\/blogsaverroes.juntadeandalucia.es\/eiadelfa\/files\/2022\/04\/HUERTO.png 2000w\" sizes=\"(max-width: 625px) 100vw, 625px\" \/><\/a><\/p>\n","protected":false},"excerpt":{"rendered":"<p>El huerto es un recurso educativo de primer orden para poner en pr\u00e1ctica un aprendizaje activo y cooperativo basado en la experiencia y el contacto&hellip;<\/p>\n","protected":false},"author":10395,"featured_media":2987,"comment_status":"open","ping_status":"open","sticky":false,"template":"","format":"standard","meta":{"ngg_post_thumbnail":0,"footnotes":""},"categories":[11909],"tags":[],"aioseo_notices":[],"_links":{"self":[{"href":"https:\/\/blogsaverroes.juntadeandalucia.es\/eiadelfa\/wp-json\/wp\/v2\/posts\/2986"}],"collection":[{"href":"https:\/\/blogsaverroes.juntadeandalucia.es\/eiadelfa\/wp-json\/wp\/v2\/posts"}],"about":[{"href":"https:\/\/blogsaverroes.juntadeandalucia.es\/eiadelfa\/wp-json\/wp\/v2\/types\/post"}],"author":[{"embeddable":true,"href":"https:\/\/blogsaverroes.juntadeandalucia.es\/eiadelfa\/wp-json\/wp\/v2\/users\/10395"}],"replies":[{"embeddable":true,"href":"https:\/\/blogsaverroes.juntadeandalucia.es\/eiadelfa\/wp-json\/wp\/v2\/comments?post=2986"}],"version-history":[{"count":5,"href":"https:\/\/blogsaverroes.juntadeandalucia.es\/eiadelfa\/wp-json\/wp\/v2\/posts\/2986\/revisions"}],"predecessor-version":[{"id":2995,"href":"https:\/\/blogsaverroes.juntadeandalucia.es\/eiadelfa\/wp-json\/wp\/v2\/posts\/2986\/revisions\/2995"}],"wp:featuredmedia":[{"embeddable":true,"href":"https:\/\/blogsaverroes.juntadeandalucia.es\/eiadelfa\/wp-json\/wp\/v2\/media\/2987"}],"wp:attachment":[{"href":"https:\/\/blogsaverroes.juntadeandalucia.es\/eiadelfa\/wp-json\/wp\/v2\/media?parent=2986"}],"wp:term":[{"taxonomy":"category","embeddable":true,"href":"https:\/\/blogsaverroes.juntadeandalucia.es\/eiadelfa\/wp-json\/wp\/v2\/categories?post=2986"},{"taxonomy":"post_tag","embeddable":true,"href":"https:\/\/blogsaverroes.juntadeandalucia.es\/eiadelfa\/wp-json\/wp\/v2\/tags?post=2986"}],"curies":[{"name":"wp","href":"https:\/\/api.w.org\/{rel}","templated":true}]}}