{"id":3416,"date":"2023-01-25T10:21:14","date_gmt":"2023-01-25T10:21:14","guid":{"rendered":"https:\/\/blogsaverroes.juntadeandalucia.es\/eiadelfa\/?p=3416"},"modified":"2023-01-25T10:21:14","modified_gmt":"2023-01-25T10:21:14","slug":"psicomotricidad-divertida","status":"publish","type":"post","link":"https:\/\/blogsaverroes.juntadeandalucia.es\/eiadelfa\/psicomotricidad-divertida\/","title":{"rendered":"PSICOMOTRICIDAD DIVERTIDA"},"content":{"rendered":"<div style=\"width: 843px;\" class=\"wp-video\"><!--[if lt IE 9]><script>document.createElement('video');<\/script><![endif]-->\n<video class=\"wp-video-shortcode\" id=\"video-3416-1\" width=\"843\" height=\"474\" preload=\"metadata\" controls=\"controls\"><source type=\"video\/mp4\" src=\"https:\/\/blogsaverroes.juntadeandalucia.es\/eiadelfa\/files\/2023\/01\/V\u00eddeo-Intro-de-video-doodle-Infantil-Amarillo-y-azul-1.mp4?_=1\" \/><a href=\"https:\/\/blogsaverroes.juntadeandalucia.es\/eiadelfa\/files\/2023\/01\/V\u00eddeo-Intro-de-video-doodle-Infantil-Amarillo-y-azul-1.mp4\">https:\/\/blogsaverroes.juntadeandalucia.es\/eiadelfa\/files\/2023\/01\/V\u00eddeo-Intro-de-video-doodle-Infantil-Amarillo-y-azul-1.mp4<\/a><\/video><\/div>\n<p>&nbsp;<\/p>\n<p>Nuestros ni\u00f1os y ni\u00f1as de 3 a\u00f1os se convierten en ara\u00f1itas teniendo que atrapar a su presan con su telara\u00f1a.<br \/>\nTambi\u00e9n deben adentrarse en el pasillo enredado, pero \u00a1cuidado! que no se te enreden los pies o te caer\u00e1s.<br \/>\nTodos lo superaron con \u00e9xito y pudieron salir ilesos de \u00e9l.<\/p>\n","protected":false},"excerpt":{"rendered":"<p>&nbsp; Nuestros ni\u00f1os y ni\u00f1as de 3 a\u00f1os se convierten en ara\u00f1itas teniendo que atrapar a su presan con su telara\u00f1a. Tambi\u00e9n deben adentrarse en&hellip;<\/p>\n","protected":false},"author":10395,"featured_media":0,"comment_status":"open","ping_status":"open","sticky":false,"template":"","format":"standard","meta":{"ngg_post_thumbnail":0,"footnotes":""},"categories":[11909],"tags":[],"aioseo_notices":[],"_links":{"self":[{"href":"https:\/\/blogsaverroes.juntadeandalucia.es\/eiadelfa\/wp-json\/wp\/v2\/posts\/3416"}],"collection":[{"href":"https:\/\/blogsaverroes.juntadeandalucia.es\/eiadelfa\/wp-json\/wp\/v2\/posts"}],"about":[{"href":"https:\/\/blogsaverroes.juntadeandalucia.es\/eiadelfa\/wp-json\/wp\/v2\/types\/post"}],"author":[{"embeddable":true,"href":"https:\/\/blogsaverroes.juntadeandalucia.es\/eiadelfa\/wp-json\/wp\/v2\/users\/10395"}],"replies":[{"embeddable":true,"href":"https:\/\/blogsaverroes.juntadeandalucia.es\/eiadelfa\/wp-json\/wp\/v2\/comments?post=3416"}],"version-history":[{"count":1,"href":"https:\/\/blogsaverroes.juntadeandalucia.es\/eiadelfa\/wp-json\/wp\/v2\/posts\/3416\/revisions"}],"predecessor-version":[{"id":3419,"href":"https:\/\/blogsaverroes.juntadeandalucia.es\/eiadelfa\/wp-json\/wp\/v2\/posts\/3416\/revisions\/3419"}],"wp:attachment":[{"href":"https:\/\/blogsaverroes.juntadeandalucia.es\/eiadelfa\/wp-json\/wp\/v2\/media?parent=3416"}],"wp:term":[{"taxonomy":"category","embeddable":true,"href":"https:\/\/blogsaverroes.juntadeandalucia.es\/eiadelfa\/wp-json\/wp\/v2\/categories?post=3416"},{"taxonomy":"post_tag","embeddable":true,"href":"https:\/\/blogsaverroes.juntadeandalucia.es\/eiadelfa\/wp-json\/wp\/v2\/tags?post=3416"}],"curies":[{"name":"wp","href":"https:\/\/api.w.org\/{rel}","templated":true}]}}