{"id":1717,"date":"2023-05-20T19:08:05","date_gmt":"2023-05-20T17:08:05","guid":{"rendered":"https:\/\/blogsaverroes.juntadeandalucia.es\/eiazahar\/?p=1717"},"modified":"2023-05-25T11:50:51","modified_gmt":"2023-05-25T09:50:51","slug":"255-aniversario-de-la-fundacion-de-prado-del-rey","status":"publish","type":"post","link":"https:\/\/blogsaverroes.juntadeandalucia.es\/eiazahar\/2023\/05\/20\/255-aniversario-de-la-fundacion-de-prado-del-rey\/","title":{"rendered":"255 Aniversario de la Fundaci\u00f3n de Prado del Rey"},"content":{"rendered":"<p>En conmemoraci\u00f3n del 255 aniversario de la fundaci\u00f3n de Prado del Rey recibimos en nuestro centro la visita de Pablo de Olavide junto a unos colonos y colonas que se presentaron ante nuestro alumnado habl\u00e1ndoles de sus or\u00edgenes y c\u00f3mo hab\u00edan venido a poblar Prado del Rey, obsequi\u00e1ndonos con un precioso cuento sobre la historia de la localidad y un cuadernillo para colorear. El alumnado de nuestro colegio ha realizado puzles colectivos en las aulas\u00a0 sobre fotograf\u00edas significativas de la localidad y con ellas hemos preparado una exposici\u00f3n.<\/p>\n<p><img loading=\"lazy\" decoding=\"async\" class=\"alignnone wp-image-1719\" src=\"https:\/\/blogsaverroes.juntadeandalucia.es\/eiazahar\/files\/2023\/05\/1-300x135.jpg\" alt=\"\" width=\"376\" height=\"169\" srcset=\"https:\/\/blogsaverroes.juntadeandalucia.es\/eiazahar\/files\/2023\/05\/1-300x135.jpg 300w, https:\/\/blogsaverroes.juntadeandalucia.es\/eiazahar\/files\/2023\/05\/1-1024x461.jpg 1024w, https:\/\/blogsaverroes.juntadeandalucia.es\/eiazahar\/files\/2023\/05\/1-768x346.jpg 768w, https:\/\/blogsaverroes.juntadeandalucia.es\/eiazahar\/files\/2023\/05\/1-1536x692.jpg 1536w, https:\/\/blogsaverroes.juntadeandalucia.es\/eiazahar\/files\/2023\/05\/1.jpg 2016w\" sizes=\"(max-width: 376px) 100vw, 376px\" \/><\/p>\n<p><img loading=\"lazy\" decoding=\"async\" class=\"alignnone size-medium wp-image-1729\" src=\"https:\/\/blogsaverroes.juntadeandalucia.es\/eiazahar\/files\/2023\/05\/cuadernillo-300x226.jpg\" alt=\"\" width=\"300\" height=\"226\" srcset=\"https:\/\/blogsaverroes.juntadeandalucia.es\/eiazahar\/files\/2023\/05\/cuadernillo-300x226.jpg 300w, https:\/\/blogsaverroes.juntadeandalucia.es\/eiazahar\/files\/2023\/05\/cuadernillo-1024x771.jpg 1024w, https:\/\/blogsaverroes.juntadeandalucia.es\/eiazahar\/files\/2023\/05\/cuadernillo-768x578.jpg 768w, https:\/\/blogsaverroes.juntadeandalucia.es\/eiazahar\/files\/2023\/05\/cuadernillo-1536x1157.jpg 1536w, https:\/\/blogsaverroes.juntadeandalucia.es\/eiazahar\/files\/2023\/05\/cuadernillo-2048x1542.jpg 2048w\" sizes=\"(max-width: 300px) 100vw, 300px\" \/>\u00a0 \u00a0 \u00a0 \u00a0 \u00a0 \u00a0 \u00a0 \u00a0<img loading=\"lazy\" decoding=\"async\" class=\"alignnone wp-image-1730\" src=\"https:\/\/blogsaverroes.juntadeandalucia.es\/eiazahar\/files\/2023\/05\/cuento-300x226.jpg\" alt=\"\" width=\"251\" height=\"189\" srcset=\"https:\/\/blogsaverroes.juntadeandalucia.es\/eiazahar\/files\/2023\/05\/cuento-300x226.jpg 300w, https:\/\/blogsaverroes.juntadeandalucia.es\/eiazahar\/files\/2023\/05\/cuento-1024x771.jpg 1024w, https:\/\/blogsaverroes.juntadeandalucia.es\/eiazahar\/files\/2023\/05\/cuento-768x578.jpg 768w, https:\/\/blogsaverroes.juntadeandalucia.es\/eiazahar\/files\/2023\/05\/cuento-1536x1157.jpg 1536w, https:\/\/blogsaverroes.juntadeandalucia.es\/eiazahar\/files\/2023\/05\/cuento-2048x1542.jpg 2048w\" sizes=\"(max-width: 251px) 100vw, 251px\" \/><\/p>\n<p>&nbsp;<\/p>\n<p><img loading=\"lazy\" decoding=\"async\" class=\"alignnone size-medium wp-image-1720\" src=\"https:\/\/blogsaverroes.juntadeandalucia.es\/eiazahar\/files\/2023\/05\/2-300x226.jpg\" alt=\"\" width=\"300\" height=\"226\" srcset=\"https:\/\/blogsaverroes.juntadeandalucia.es\/eiazahar\/files\/2023\/05\/2-300x226.jpg 300w, https:\/\/blogsaverroes.juntadeandalucia.es\/eiazahar\/files\/2023\/05\/2-1024x771.jpg 1024w, https:\/\/blogsaverroes.juntadeandalucia.es\/eiazahar\/files\/2023\/05\/2-768x578.jpg 768w, https:\/\/blogsaverroes.juntadeandalucia.es\/eiazahar\/files\/2023\/05\/2-1536x1157.jpg 1536w, https:\/\/blogsaverroes.juntadeandalucia.es\/eiazahar\/files\/2023\/05\/2-2048x1542.jpg 2048w\" sizes=\"(max-width: 300px) 100vw, 300px\" \/>\u00a0 \u00a0 \u00a0 \u00a0 \u00a0 \u00a0 <img loading=\"lazy\" decoding=\"async\" class=\"alignnone size-medium wp-image-1721\" src=\"https:\/\/blogsaverroes.juntadeandalucia.es\/eiazahar\/files\/2023\/05\/3-300x226.jpg\" alt=\"\" width=\"300\" height=\"226\" srcset=\"https:\/\/blogsaverroes.juntadeandalucia.es\/eiazahar\/files\/2023\/05\/3-300x226.jpg 300w, https:\/\/blogsaverroes.juntadeandalucia.es\/eiazahar\/files\/2023\/05\/3-1024x771.jpg 1024w, https:\/\/blogsaverroes.juntadeandalucia.es\/eiazahar\/files\/2023\/05\/3-768x578.jpg 768w, https:\/\/blogsaverroes.juntadeandalucia.es\/eiazahar\/files\/2023\/05\/3-1536x1157.jpg 1536w, https:\/\/blogsaverroes.juntadeandalucia.es\/eiazahar\/files\/2023\/05\/3-2048x1542.jpg 2048w\" sizes=\"(max-width: 300px) 100vw, 300px\" \/><\/p>\n<p><img loading=\"lazy\" decoding=\"async\" class=\"alignnone size-medium wp-image-1734\" src=\"https:\/\/blogsaverroes.juntadeandalucia.es\/eiazahar\/files\/2023\/05\/imagen-entrada-300x226.jpg\" alt=\"\" width=\"300\" height=\"226\" srcset=\"https:\/\/blogsaverroes.juntadeandalucia.es\/eiazahar\/files\/2023\/05\/imagen-entrada-300x226.jpg 300w, https:\/\/blogsaverroes.juntadeandalucia.es\/eiazahar\/files\/2023\/05\/imagen-entrada-1024x771.jpg 1024w, https:\/\/blogsaverroes.juntadeandalucia.es\/eiazahar\/files\/2023\/05\/imagen-entrada-768x578.jpg 768w, https:\/\/blogsaverroes.juntadeandalucia.es\/eiazahar\/files\/2023\/05\/imagen-entrada-1536x1157.jpg 1536w, https:\/\/blogsaverroes.juntadeandalucia.es\/eiazahar\/files\/2023\/05\/imagen-entrada-2048x1542.jpg 2048w\" sizes=\"(max-width: 300px) 100vw, 300px\" \/><\/p>\n","protected":false},"excerpt":{"rendered":"<p>En conmemoraci\u00f3n del 255 aniversario de la fundaci\u00f3n de Prado del Rey recibimos en nuestro centro la visita de Pablo de Olavide junto a unos colonos y colonas que se presentaron ante nuestro alumnado habl\u00e1ndoles de&#46;&#46;&#46;<\/p>\n","protected":false},"author":11610,"featured_media":1734,"comment_status":"open","ping_status":"open","sticky":false,"template":"","format":"standard","meta":{"ngg_post_thumbnail":0,"footnotes":""},"categories":[1],"tags":[],"aioseo_notices":[],"_links":{"self":[{"href":"https:\/\/blogsaverroes.juntadeandalucia.es\/eiazahar\/wp-json\/wp\/v2\/posts\/1717"}],"collection":[{"href":"https:\/\/blogsaverroes.juntadeandalucia.es\/eiazahar\/wp-json\/wp\/v2\/posts"}],"about":[{"href":"https:\/\/blogsaverroes.juntadeandalucia.es\/eiazahar\/wp-json\/wp\/v2\/types\/post"}],"author":[{"embeddable":true,"href":"https:\/\/blogsaverroes.juntadeandalucia.es\/eiazahar\/wp-json\/wp\/v2\/users\/11610"}],"replies":[{"embeddable":true,"href":"https:\/\/blogsaverroes.juntadeandalucia.es\/eiazahar\/wp-json\/wp\/v2\/comments?post=1717"}],"version-history":[{"count":7,"href":"https:\/\/blogsaverroes.juntadeandalucia.es\/eiazahar\/wp-json\/wp\/v2\/posts\/1717\/revisions"}],"predecessor-version":[{"id":1735,"href":"https:\/\/blogsaverroes.juntadeandalucia.es\/eiazahar\/wp-json\/wp\/v2\/posts\/1717\/revisions\/1735"}],"wp:featuredmedia":[{"embeddable":true,"href":"https:\/\/blogsaverroes.juntadeandalucia.es\/eiazahar\/wp-json\/wp\/v2\/media\/1734"}],"wp:attachment":[{"href":"https:\/\/blogsaverroes.juntadeandalucia.es\/eiazahar\/wp-json\/wp\/v2\/media?parent=1717"}],"wp:term":[{"taxonomy":"category","embeddable":true,"href":"https:\/\/blogsaverroes.juntadeandalucia.es\/eiazahar\/wp-json\/wp\/v2\/categories?post=1717"},{"taxonomy":"post_tag","embeddable":true,"href":"https:\/\/blogsaverroes.juntadeandalucia.es\/eiazahar\/wp-json\/wp\/v2\/tags?post=1717"}],"curies":[{"name":"wp","href":"https:\/\/api.w.org\/{rel}","templated":true}]}}