{"id":1895,"date":"2023-12-18T18:17:49","date_gmt":"2023-12-18T17:17:49","guid":{"rendered":"https:\/\/blogsaverroes.juntadeandalucia.es\/eiazahar\/?p=1895"},"modified":"2023-12-19T09:13:55","modified_gmt":"2023-12-19T08:13:55","slug":"1895","status":"publish","type":"post","link":"https:\/\/blogsaverroes.juntadeandalucia.es\/eiazahar\/2023\/12\/18\/1895\/","title":{"rendered":"D\u00cdA DEL FLAMENCO"},"content":{"rendered":"<p>El Flamenco, arraigado en<span class=\"ILfuVd NA6bn\" lang=\"es\"><span class=\"hgKElc\"> nuestra cultura y elemento de nuestra historia, tiene su d\u00eda de celebraci\u00f3n el 16 de noviembre. Por ello, en nuestra escuela, lo celebramos como se merece: con nuestros ni\u00f1os y nuestras ni\u00f1as bailando un popurr\u00ed de la mano de unos papis y una mami con mucho arte!!!! Nos hicieron pasar un rato muy animado y divertido, y nos lograron arrancar hasta un meneo de caderas y mu\u00f1ecas!! ole, ole y ol\u00e9<\/span><\/span><\/p>\n<p><span class=\"ILfuVd NA6bn\" lang=\"es\"><span class=\"hgKElc\">.<img loading=\"lazy\" decoding=\"async\" class=\"alignnone size-medium wp-image-1896\" src=\"https:\/\/blogsaverroes.juntadeandalucia.es\/eiazahar\/files\/2023\/12\/IMG20231116112916-300x225.jpg\" alt=\"\" width=\"300\" height=\"225\" srcset=\"https:\/\/blogsaverroes.juntadeandalucia.es\/eiazahar\/files\/2023\/12\/IMG20231116112916-300x225.jpg 300w, https:\/\/blogsaverroes.juntadeandalucia.es\/eiazahar\/files\/2023\/12\/IMG20231116112916-1024x768.jpg 1024w, https:\/\/blogsaverroes.juntadeandalucia.es\/eiazahar\/files\/2023\/12\/IMG20231116112916-768x576.jpg 768w, https:\/\/blogsaverroes.juntadeandalucia.es\/eiazahar\/files\/2023\/12\/IMG20231116112916-1536x1152.jpg 1536w, https:\/\/blogsaverroes.juntadeandalucia.es\/eiazahar\/files\/2023\/12\/IMG20231116112916-2048x1536.jpg 2048w\" sizes=\"(max-width: 300px) 100vw, 300px\" \/> <img loading=\"lazy\" decoding=\"async\" class=\"alignnone size-medium wp-image-1897\" src=\"https:\/\/blogsaverroes.juntadeandalucia.es\/eiazahar\/files\/2023\/12\/IMG20231116111703-300x225.jpg\" alt=\"\" width=\"300\" height=\"225\" srcset=\"https:\/\/blogsaverroes.juntadeandalucia.es\/eiazahar\/files\/2023\/12\/IMG20231116111703-300x225.jpg 300w, https:\/\/blogsaverroes.juntadeandalucia.es\/eiazahar\/files\/2023\/12\/IMG20231116111703-1024x768.jpg 1024w, https:\/\/blogsaverroes.juntadeandalucia.es\/eiazahar\/files\/2023\/12\/IMG20231116111703-768x576.jpg 768w, https:\/\/blogsaverroes.juntadeandalucia.es\/eiazahar\/files\/2023\/12\/IMG20231116111703-1536x1152.jpg 1536w, https:\/\/blogsaverroes.juntadeandalucia.es\/eiazahar\/files\/2023\/12\/IMG20231116111703-2048x1536.jpg 2048w\" sizes=\"(max-width: 300px) 100vw, 300px\" \/> <img loading=\"lazy\" decoding=\"async\" class=\"alignnone size-medium wp-image-1898\" src=\"https:\/\/blogsaverroes.juntadeandalucia.es\/eiazahar\/files\/2023\/12\/IMG20231116111041-300x225.jpg\" alt=\"\" width=\"300\" height=\"225\" srcset=\"https:\/\/blogsaverroes.juntadeandalucia.es\/eiazahar\/files\/2023\/12\/IMG20231116111041-300x225.jpg 300w, https:\/\/blogsaverroes.juntadeandalucia.es\/eiazahar\/files\/2023\/12\/IMG20231116111041-1024x768.jpg 1024w, https:\/\/blogsaverroes.juntadeandalucia.es\/eiazahar\/files\/2023\/12\/IMG20231116111041-768x576.jpg 768w, https:\/\/blogsaverroes.juntadeandalucia.es\/eiazahar\/files\/2023\/12\/IMG20231116111041-1536x1152.jpg 1536w, https:\/\/blogsaverroes.juntadeandalucia.es\/eiazahar\/files\/2023\/12\/IMG20231116111041-2048x1536.jpg 2048w\" sizes=\"(max-width: 300px) 100vw, 300px\" \/> <img loading=\"lazy\" decoding=\"async\" class=\"alignnone size-medium wp-image-1899\" src=\"https:\/\/blogsaverroes.juntadeandalucia.es\/eiazahar\/files\/2023\/12\/IMG20231116111511-300x225.jpg\" alt=\"\" width=\"300\" height=\"225\" srcset=\"https:\/\/blogsaverroes.juntadeandalucia.es\/eiazahar\/files\/2023\/12\/IMG20231116111511-300x225.jpg 300w, https:\/\/blogsaverroes.juntadeandalucia.es\/eiazahar\/files\/2023\/12\/IMG20231116111511-1024x768.jpg 1024w, https:\/\/blogsaverroes.juntadeandalucia.es\/eiazahar\/files\/2023\/12\/IMG20231116111511-768x576.jpg 768w, https:\/\/blogsaverroes.juntadeandalucia.es\/eiazahar\/files\/2023\/12\/IMG20231116111511-1536x1152.jpg 1536w, https:\/\/blogsaverroes.juntadeandalucia.es\/eiazahar\/files\/2023\/12\/IMG20231116111511-2048x1536.jpg 2048w\" sizes=\"(max-width: 300px) 100vw, 300px\" \/><\/span><\/span><\/p>\n","protected":false},"excerpt":{"rendered":"<p>El Flamenco, arraigado en nuestra cultura y elemento de nuestra historia, tiene su d\u00eda de celebraci\u00f3n el 16 de noviembre. Por ello, en nuestra escuela, lo celebramos como se merece: con nuestros ni\u00f1os y nuestras ni\u00f1as&#46;&#46;&#46;<\/p>\n","protected":false},"author":10608,"featured_media":1905,"comment_status":"open","ping_status":"open","sticky":false,"template":"","format":"standard","meta":{"ngg_post_thumbnail":0,"footnotes":""},"categories":[1],"tags":[],"aioseo_notices":[],"_links":{"self":[{"href":"https:\/\/blogsaverroes.juntadeandalucia.es\/eiazahar\/wp-json\/wp\/v2\/posts\/1895"}],"collection":[{"href":"https:\/\/blogsaverroes.juntadeandalucia.es\/eiazahar\/wp-json\/wp\/v2\/posts"}],"about":[{"href":"https:\/\/blogsaverroes.juntadeandalucia.es\/eiazahar\/wp-json\/wp\/v2\/types\/post"}],"author":[{"embeddable":true,"href":"https:\/\/blogsaverroes.juntadeandalucia.es\/eiazahar\/wp-json\/wp\/v2\/users\/10608"}],"replies":[{"embeddable":true,"href":"https:\/\/blogsaverroes.juntadeandalucia.es\/eiazahar\/wp-json\/wp\/v2\/comments?post=1895"}],"version-history":[{"count":4,"href":"https:\/\/blogsaverroes.juntadeandalucia.es\/eiazahar\/wp-json\/wp\/v2\/posts\/1895\/revisions"}],"predecessor-version":[{"id":1904,"href":"https:\/\/blogsaverroes.juntadeandalucia.es\/eiazahar\/wp-json\/wp\/v2\/posts\/1895\/revisions\/1904"}],"wp:featuredmedia":[{"embeddable":true,"href":"https:\/\/blogsaverroes.juntadeandalucia.es\/eiazahar\/wp-json\/wp\/v2\/media\/1905"}],"wp:attachment":[{"href":"https:\/\/blogsaverroes.juntadeandalucia.es\/eiazahar\/wp-json\/wp\/v2\/media?parent=1895"}],"wp:term":[{"taxonomy":"category","embeddable":true,"href":"https:\/\/blogsaverroes.juntadeandalucia.es\/eiazahar\/wp-json\/wp\/v2\/categories?post=1895"},{"taxonomy":"post_tag","embeddable":true,"href":"https:\/\/blogsaverroes.juntadeandalucia.es\/eiazahar\/wp-json\/wp\/v2\/tags?post=1895"}],"curies":[{"name":"wp","href":"https:\/\/api.w.org\/{rel}","templated":true}]}}