{"id":540,"date":"2021-03-07T17:03:53","date_gmt":"2021-03-07T16:03:53","guid":{"rendered":"https:\/\/blogsaverroes.juntadeandalucia.es\/eiazahar\/?p=540"},"modified":"2021-03-11T09:27:32","modified_gmt":"2021-03-11T08:27:32","slug":"descanso-activo-4a","status":"publish","type":"post","link":"https:\/\/blogsaverroes.juntadeandalucia.es\/eiazahar\/2021\/03\/07\/descanso-activo-4a\/","title":{"rendered":"Descanso Activo 4A"},"content":{"rendered":"<p>Otra de las actividades propuestas por el programa Creciendo en salud son los descansos activos. En el \u00e1mbito escolar, constituyen un per\u00edodo de actividad f\u00edsica situado entre sesiones de clase impartidas en sedentaci\u00f3n. El principal objetivo es activar cognitivamente al alumnado. La duraci\u00f3n del descanso es variable,&nbsp; aproximadamente unos 5&nbsp; minutos.<\/p>\n<p><img loading=\"lazy\" decoding=\"async\" class=\"alignnone size-medium wp-image-541\" src=\"https:\/\/blogsaverroes.juntadeandalucia.es\/eiazahar\/files\/2021\/03\/DESCANSO-ACTIVO-300x181.png\" alt=\"\" width=\"300\" height=\"181\" srcset=\"https:\/\/blogsaverroes.juntadeandalucia.es\/eiazahar\/files\/2021\/03\/DESCANSO-ACTIVO-300x181.png 300w, https:\/\/blogsaverroes.juntadeandalucia.es\/eiazahar\/files\/2021\/03\/DESCANSO-ACTIVO.png 603w\" sizes=\"(max-width: 300px) 100vw, 300px\" \/><\/p>\n","protected":false},"excerpt":{"rendered":"<p>Otra de las actividades propuestas por el programa Creciendo en salud son los descansos activos. En el \u00e1mbito escolar, constituyen un per\u00edodo de actividad f\u00edsica situado entre sesiones de clase impartidas en sedentaci\u00f3n. El principal objetivo&#46;&#46;&#46;<\/p>\n","protected":false},"author":11610,"featured_media":487,"comment_status":"open","ping_status":"open","sticky":false,"template":"","format":"standard","meta":{"ngg_post_thumbnail":0,"footnotes":""},"categories":[1,9],"tags":[],"aioseo_notices":[],"_links":{"self":[{"href":"https:\/\/blogsaverroes.juntadeandalucia.es\/eiazahar\/wp-json\/wp\/v2\/posts\/540"}],"collection":[{"href":"https:\/\/blogsaverroes.juntadeandalucia.es\/eiazahar\/wp-json\/wp\/v2\/posts"}],"about":[{"href":"https:\/\/blogsaverroes.juntadeandalucia.es\/eiazahar\/wp-json\/wp\/v2\/types\/post"}],"author":[{"embeddable":true,"href":"https:\/\/blogsaverroes.juntadeandalucia.es\/eiazahar\/wp-json\/wp\/v2\/users\/11610"}],"replies":[{"embeddable":true,"href":"https:\/\/blogsaverroes.juntadeandalucia.es\/eiazahar\/wp-json\/wp\/v2\/comments?post=540"}],"version-history":[{"count":2,"href":"https:\/\/blogsaverroes.juntadeandalucia.es\/eiazahar\/wp-json\/wp\/v2\/posts\/540\/revisions"}],"predecessor-version":[{"id":546,"href":"https:\/\/blogsaverroes.juntadeandalucia.es\/eiazahar\/wp-json\/wp\/v2\/posts\/540\/revisions\/546"}],"wp:featuredmedia":[{"embeddable":true,"href":"https:\/\/blogsaverroes.juntadeandalucia.es\/eiazahar\/wp-json\/wp\/v2\/media\/487"}],"wp:attachment":[{"href":"https:\/\/blogsaverroes.juntadeandalucia.es\/eiazahar\/wp-json\/wp\/v2\/media?parent=540"}],"wp:term":[{"taxonomy":"category","embeddable":true,"href":"https:\/\/blogsaverroes.juntadeandalucia.es\/eiazahar\/wp-json\/wp\/v2\/categories?post=540"},{"taxonomy":"post_tag","embeddable":true,"href":"https:\/\/blogsaverroes.juntadeandalucia.es\/eiazahar\/wp-json\/wp\/v2\/tags?post=540"}],"curies":[{"name":"wp","href":"https:\/\/api.w.org\/{rel}","templated":true}]}}