{"id":173,"date":"2017-11-18T17:02:00","date_gmt":"2017-11-18T17:02:00","guid":{"rendered":"https:\/\/blogsaverroes.juntadeandalucia.es\/eicruzdejuarez\/2017\/11\/18\/"},"modified":"2017-11-18T17:02:00","modified_gmt":"2017-11-18T17:02:00","slug":"173","status":"publish","type":"post","link":"https:\/\/blogsaverroes.juntadeandalucia.es\/eicruzdejuarez\/2017\/11\/18\/173\/","title":{"rendered":""},"content":{"rendered":"<h2 style=\"text-align: center\"><u>VISITA A L\u00b4ALJARA<\/u><\/h2>\n<div style=\"line-height: 15.75pt;margin-bottom: 6.0pt;margin-left: 0cm;margin-right: 0cm;margin-top: 6.0pt;text-align: justify\"><span>El Centro de Educaci\u00f3n Ambiental y Granja Escuela L\u2019Aljara est\u00e1 ubicado en plena Sierra Morena, a tan solo 8 km de C\u00f3rdoba, en una finca en plena naturaleza, en un bosque mediterr\u00e1neo rodeado de una exuberante vegetaci\u00f3n. Los alumnos\/as de 4 a\u00f1os han tenido la posibilidad, con esta visita, de poner en pr\u00e1ctica los conocimientos adquiridos en el cole a trav\u00e9s de los talleres del oto\u00f1o, granja, alimentaci\u00f3n\u2026 y un amplio abanico de actividades destinadas a motivar y a interesar al alumnado en el desarrollo de su concienciaci\u00f3n medioambiental.<\/span><\/div>\n<div style=\"line-height: 15.75pt;margin-bottom: 6.0pt;margin-left: 0cm;margin-right: 0cm;margin-top: 6.0pt;text-align: justify\"><span>Los alumnos\/as empezaron su aventura con \u201cla ruta m\u00e1gica\u201d\u2026Tendr\u00edan que descubrir en este bosque los diminutos seres m\u00e1gicos que lo habitan y c\u00f3mo protegen los \u00e1rboles, las plantas y los arroyos. Aprender\u00e1n la importancia de cuidar de la naturaleza y los bosques viviendo una aventura de cuento.<\/span><\/div>\n<div style=\"line-height: 15.75pt;text-align: justify\"><span>A continuaci\u00f3n, visitaron la granja donde entraron en contacto directo con el mundo animal, observaron la vida diaria de los animales y comprobaron de forma activa que los animales nos facilitan alimentos y bienes, y a su vez requieren tambi\u00e9n un cuidado y una dedicaci\u00f3n intensa.<\/span><\/div>\n<div style=\"text-align: justify\"><\/div>\n<div style=\"line-height: 15.75pt;text-align: justify\"><span>La caba\u00f1a del mago es el lugar donde los peques trabajaron el taller del oto\u00f1o. <\/span><\/div>\n<div style=\"text-align: justify\"><span>Las se\u00f1os, junto con las madres y padres que nos acompa\u00f1aron, hicieron tirolina, senderismo y tiro con arco. <\/span><\/div>\n<p><\/p>\n<div style=\"line-height: 15.75pt;margin-bottom: 6.0pt;margin-left: 0cm;margin-right: 0cm;margin-top: 6.0pt;text-align: justify\"><span>Sin duda, un d\u00eda estupendo de convivencia para disfrutar y aprender.<\/span><\/div>\n<div style=\"clear: both;text-align: center\"><iframe loading=\"lazy\" width=\"320\" height=\"266\" src=\"https:\/\/www.youtube.com\/embed\/Cayq5QYNgfA?feature=player_embedded\" frameborder=\"0\"><\/iframe><\/div>\n<div style=\"line-height: 15.75pt;margin-bottom: 6.0pt;margin-left: 0cm;margin-right: 0cm;margin-top: 6.0pt;text-align: justify\"><span><br \/><\/span><\/div>\n","protected":false},"excerpt":{"rendered":"<p>VISITA A L\u00b4ALJARA El Centro de Educaci\u00f3n Ambiental y Granja Escuela L\u2019Aljara est\u00e1 ubicado en plena Sierra Morena, a tan solo 8 km de C\u00f3rdoba, en una finca en plena naturaleza, en un bosque mediterr\u00e1neo rodeado de una exuberante vegetaci\u00f3n. Los alumnos\/as de 4 a\u00f1os han tenido la posibilidad, con esta visita, de poner en &hellip; <\/p>\n<p><a class=\"more-link btn\" href=\"https:\/\/blogsaverroes.juntadeandalucia.es\/eicruzdejuarez\/2017\/11\/18\/173\/\">Seguir leyendo<\/a><\/p>\n","protected":false},"author":1,"featured_media":0,"comment_status":"open","ping_status":"open","sticky":false,"template":"","format":"standard","meta":{"ngg_post_thumbnail":0,"footnotes":""},"categories":[11909],"tags":[],"aioseo_notices":[],"_links":{"self":[{"href":"https:\/\/blogsaverroes.juntadeandalucia.es\/eicruzdejuarez\/wp-json\/wp\/v2\/posts\/173"}],"collection":[{"href":"https:\/\/blogsaverroes.juntadeandalucia.es\/eicruzdejuarez\/wp-json\/wp\/v2\/posts"}],"about":[{"href":"https:\/\/blogsaverroes.juntadeandalucia.es\/eicruzdejuarez\/wp-json\/wp\/v2\/types\/post"}],"author":[{"embeddable":true,"href":"https:\/\/blogsaverroes.juntadeandalucia.es\/eicruzdejuarez\/wp-json\/wp\/v2\/users\/1"}],"replies":[{"embeddable":true,"href":"https:\/\/blogsaverroes.juntadeandalucia.es\/eicruzdejuarez\/wp-json\/wp\/v2\/comments?post=173"}],"version-history":[{"count":0,"href":"https:\/\/blogsaverroes.juntadeandalucia.es\/eicruzdejuarez\/wp-json\/wp\/v2\/posts\/173\/revisions"}],"wp:attachment":[{"href":"https:\/\/blogsaverroes.juntadeandalucia.es\/eicruzdejuarez\/wp-json\/wp\/v2\/media?parent=173"}],"wp:term":[{"taxonomy":"category","embeddable":true,"href":"https:\/\/blogsaverroes.juntadeandalucia.es\/eicruzdejuarez\/wp-json\/wp\/v2\/categories?post=173"},{"taxonomy":"post_tag","embeddable":true,"href":"https:\/\/blogsaverroes.juntadeandalucia.es\/eicruzdejuarez\/wp-json\/wp\/v2\/tags?post=173"}],"curies":[{"name":"wp","href":"https:\/\/api.w.org\/{rel}","templated":true}]}}