{"id":174,"date":"2017-11-18T15:00:00","date_gmt":"2017-11-18T15:00:00","guid":{"rendered":"https:\/\/blogsaverroes.juntadeandalucia.es\/eicruzdejuarez\/2017\/11\/18\/"},"modified":"2017-11-18T15:00:00","modified_gmt":"2017-11-18T15:00:00","slug":"174","status":"publish","type":"post","link":"https:\/\/blogsaverroes.juntadeandalucia.es\/eicruzdejuarez\/2017\/11\/18\/174\/","title":{"rendered":""},"content":{"rendered":"<h2 style=\"text-align: center\">HALLOWEEN<\/h2>\n<div style=\"background: white;line-height: 18.25pt;text-align: justify;vertical-align: baseline\"><span>El martes 31 de octubre celebramos en el cole los ni\u00f1@s de Infantil de 4 a\u00f1os A y B nuestra fiesta de HALLOWEEN.&nbsp;Durante toda la semana estuvimos trabajando en clase un Peque\u00f1o Proyecto sobre el miedo.<\/span><span><\/span><\/div>\n<div style=\"background: white;line-height: 18.25pt;text-align: justify;vertical-align: baseline\"><span>Iniciamos el Proyecto con una evaluaci\u00f3n inicial, la cual, nos ayud\u00f3 a conocer cu\u00e1les eran los principales miedos de nuestros ni\u00f1@s: la oscuridad, los fantasmas, las brujas, los monstruos\u2026 <\/span><span><\/span><\/div>\n<div style=\"background: white;line-height: 18.25pt;text-align: justify;vertical-align: baseline\"><span>En clase tambi\u00e9n trabajamos las cosas que no nos dan miedo y nos gustan y las&nbsp; llamamos \u201cCOSAS BONITAS\u201d.<\/span><span><\/span><\/div>\n<div style=\"background: white;line-height: 18.25pt;text-align: justify;vertical-align: baseline\"><span>El miedo es un sentimiento muy presente en los ni\u00f1os y ni\u00f1as de 3 a 6 a\u00f1os, por eso es importante ayudarles a que lo expresen y lo hagan salir\u2026.buscando soluciones para vencerlos. <\/span><\/div>\n<div style=\"background: white;line-height: 18.25pt;text-align: justify;vertical-align: baseline\"><span>A trav\u00e9s de cuentos, poes\u00edas, canciones, dramatizaciones, juegos, etc hemos pasado una semana de lo m\u00e1s divertida.<\/span><\/div>\n<div style=\"background: white;line-height: 18.25pt;text-align: justify;vertical-align: baseline\"><span>Gracias a las madres y padres que participaron en clase en el taller de manualidades de elaboraci\u00f3n de monstruos.<span style=\"font-size: 14pt\"><\/span><\/span><\/div>\n<div style=\"background: white;line-height: 18.25pt;text-align: justify;vertical-align: baseline\"><span><br \/><\/span><\/div>\n<div style=\"clear: both;text-align: center\"><iframe loading=\"lazy\" frameborder=\"0\" height=\"266\" src=\"https:\/\/www.youtube.com\/embed\/JusHpwU_324?feature=player_embedded\" width=\"320\"><\/iframe><\/div>\n<div style=\"clear: both;text-align: center\"><iframe loading=\"lazy\" frameborder=\"0\" height=\"266\" src=\"https:\/\/www.youtube.com\/embed\/sFvuec1Wnyg?feature=player_embedded\" width=\"320\"><\/iframe><\/div>\n<div style=\"background: white;line-height: 18.25pt;text-align: justify;vertical-align: baseline\"><span><br \/><\/span><\/div>\n","protected":false},"excerpt":{"rendered":"<p>HALLOWEEN El martes 31 de octubre celebramos en el cole los ni\u00f1@s de Infantil de 4 a\u00f1os A y B nuestra fiesta de HALLOWEEN.&nbsp;Durante toda la semana estuvimos trabajando en clase un Peque\u00f1o Proyecto sobre el miedo. Iniciamos el Proyecto con una evaluaci\u00f3n inicial, la cual, nos ayud\u00f3 a conocer cu\u00e1les eran los principales miedos &hellip; <\/p>\n<p><a class=\"more-link btn\" href=\"https:\/\/blogsaverroes.juntadeandalucia.es\/eicruzdejuarez\/2017\/11\/18\/174\/\">Seguir leyendo<\/a><\/p>\n","protected":false},"author":1,"featured_media":0,"comment_status":"open","ping_status":"open","sticky":false,"template":"","format":"standard","meta":{"ngg_post_thumbnail":0,"footnotes":""},"categories":[11909],"tags":[],"aioseo_notices":[],"_links":{"self":[{"href":"https:\/\/blogsaverroes.juntadeandalucia.es\/eicruzdejuarez\/wp-json\/wp\/v2\/posts\/174"}],"collection":[{"href":"https:\/\/blogsaverroes.juntadeandalucia.es\/eicruzdejuarez\/wp-json\/wp\/v2\/posts"}],"about":[{"href":"https:\/\/blogsaverroes.juntadeandalucia.es\/eicruzdejuarez\/wp-json\/wp\/v2\/types\/post"}],"author":[{"embeddable":true,"href":"https:\/\/blogsaverroes.juntadeandalucia.es\/eicruzdejuarez\/wp-json\/wp\/v2\/users\/1"}],"replies":[{"embeddable":true,"href":"https:\/\/blogsaverroes.juntadeandalucia.es\/eicruzdejuarez\/wp-json\/wp\/v2\/comments?post=174"}],"version-history":[{"count":0,"href":"https:\/\/blogsaverroes.juntadeandalucia.es\/eicruzdejuarez\/wp-json\/wp\/v2\/posts\/174\/revisions"}],"wp:attachment":[{"href":"https:\/\/blogsaverroes.juntadeandalucia.es\/eicruzdejuarez\/wp-json\/wp\/v2\/media?parent=174"}],"wp:term":[{"taxonomy":"category","embeddable":true,"href":"https:\/\/blogsaverroes.juntadeandalucia.es\/eicruzdejuarez\/wp-json\/wp\/v2\/categories?post=174"},{"taxonomy":"post_tag","embeddable":true,"href":"https:\/\/blogsaverroes.juntadeandalucia.es\/eicruzdejuarez\/wp-json\/wp\/v2\/tags?post=174"}],"curies":[{"name":"wp","href":"https:\/\/api.w.org\/{rel}","templated":true}]}}