{"id":177,"date":"2017-06-20T19:22:00","date_gmt":"2017-06-20T19:22:00","guid":{"rendered":"https:\/\/blogsaverroes.juntadeandalucia.es\/eicruzdejuarez\/2017\/06\/20\/"},"modified":"2017-06-20T19:22:00","modified_gmt":"2017-06-20T19:22:00","slug":"177","status":"publish","type":"post","link":"https:\/\/blogsaverroes.juntadeandalucia.es\/eicruzdejuarez\/2017\/06\/20\/177\/","title":{"rendered":""},"content":{"rendered":"<div align=\"center\" style=\"text-align: center\"><b><span style=\"font-size: 20.0pt;line-height: 115%\">DIPLOMA AL PROYECTO <\/span><\/b><\/div>\n<div align=\"center\" style=\"text-align: center\"><b><span style=\"font-size: 20.0pt;line-height: 115%\">\u201cC\u00d3RDOBA CON OJOS DE INFANCIA\u201d<\/span><\/b><\/div>\n<div><\/div>\n<div><span style=\"font-size: 12.0pt;line-height: 115%\">El pasado 12 de junio, la Escuela Infantil \u201cCruz de Ju\u00e1rez\u201d fue galardonada con dos&nbsp; diplomas, por la participaci\u00f3n en el proyecto \u201cC\u00f3rdoba con Ojos de Infancia\u201d.<\/span><\/div>\n<div><span style=\"font-size: 12.0pt;line-height: 115%\">Este proyecto se ha desarrollado en esta escuela durante dos cursos, y trata de que los ni\u00f1os conozcan mejor su ciudad y comiencen a participar como ciudadanos desde su infancia, aportando una visi\u00f3n de los monumentos tanto materiales como inmateriales con los que nuestra ciudad cuenta, desde su propio punto de vista.<\/span><\/div>\n<div><span style=\"font-size: 12.0pt;line-height: 115%\">En este acto la se\u00f1ora Alcadesa de C\u00f3rdoba, do\u00f1a&nbsp; Isabel Ambrosio, despu\u00e9s de escuchar a nuestros alumnos, y quedar encantada con su trabajo y propuestas para la mejora de la ciudad que ellos quieren, entreg\u00f3 los diplomas a las dos clases participantes del curso pasado, y recibi\u00f3 de manos de nuestros alumnos un v\u00eddeo en el que se recogen los mejores aspectos de este proyecto realizado por 5 colegios de C\u00f3rdoba.<\/span><\/div>\n<div><span style=\"font-size: 12.0pt;line-height: 115%\">En el siguiente enlace se puede ver un v\u00eddeo aparecido en los medios de comunicaci\u00f3n.<\/span><\/div>\n<p><span><a href=\"https:\/\/youtu.be\/owjWKA9alHA\">https:\/\/youtu.be\/owjWKA9alHA<\/a><\/span><\/p>\n<p><\/p>\n<div style=\"clear: both;text-align: center\"><iframe loading=\"lazy\" width=\"320\" height=\"266\" src=\"https:\/\/www.youtube.com\/embed\/HU7Q3Ja91nM?feature=player_embedded\" frameborder=\"0\"><\/iframe><\/div>\n<div style=\"text-align: center\"><\/div>\n","protected":false},"excerpt":{"rendered":"<p>DIPLOMA AL PROYECTO \u201cC\u00d3RDOBA CON OJOS DE INFANCIA\u201d El pasado 12 de junio, la Escuela Infantil \u201cCruz de Ju\u00e1rez\u201d fue galardonada con dos&nbsp; diplomas, por la participaci\u00f3n en el proyecto \u201cC\u00f3rdoba con Ojos de Infancia\u201d. Este proyecto se ha desarrollado en esta escuela durante dos cursos, y trata de que los ni\u00f1os conozcan mejor su &hellip; <\/p>\n<p><a class=\"more-link btn\" href=\"https:\/\/blogsaverroes.juntadeandalucia.es\/eicruzdejuarez\/2017\/06\/20\/177\/\">Seguir leyendo<\/a><\/p>\n","protected":false},"author":1,"featured_media":0,"comment_status":"open","ping_status":"open","sticky":false,"template":"","format":"standard","meta":{"ngg_post_thumbnail":0,"footnotes":""},"categories":[11909],"tags":[],"aioseo_notices":[],"_links":{"self":[{"href":"https:\/\/blogsaverroes.juntadeandalucia.es\/eicruzdejuarez\/wp-json\/wp\/v2\/posts\/177"}],"collection":[{"href":"https:\/\/blogsaverroes.juntadeandalucia.es\/eicruzdejuarez\/wp-json\/wp\/v2\/posts"}],"about":[{"href":"https:\/\/blogsaverroes.juntadeandalucia.es\/eicruzdejuarez\/wp-json\/wp\/v2\/types\/post"}],"author":[{"embeddable":true,"href":"https:\/\/blogsaverroes.juntadeandalucia.es\/eicruzdejuarez\/wp-json\/wp\/v2\/users\/1"}],"replies":[{"embeddable":true,"href":"https:\/\/blogsaverroes.juntadeandalucia.es\/eicruzdejuarez\/wp-json\/wp\/v2\/comments?post=177"}],"version-history":[{"count":0,"href":"https:\/\/blogsaverroes.juntadeandalucia.es\/eicruzdejuarez\/wp-json\/wp\/v2\/posts\/177\/revisions"}],"wp:attachment":[{"href":"https:\/\/blogsaverroes.juntadeandalucia.es\/eicruzdejuarez\/wp-json\/wp\/v2\/media?parent=177"}],"wp:term":[{"taxonomy":"category","embeddable":true,"href":"https:\/\/blogsaverroes.juntadeandalucia.es\/eicruzdejuarez\/wp-json\/wp\/v2\/categories?post=177"},{"taxonomy":"post_tag","embeddable":true,"href":"https:\/\/blogsaverroes.juntadeandalucia.es\/eicruzdejuarez\/wp-json\/wp\/v2\/tags?post=177"}],"curies":[{"name":"wp","href":"https:\/\/api.w.org\/{rel}","templated":true}]}}