{"id":1817,"date":"2024-03-19T17:01:22","date_gmt":"2024-03-19T17:01:22","guid":{"rendered":"https:\/\/blogsaverroes.juntadeandalucia.es\/eicruzdejuarez\/?p=1817"},"modified":"2024-03-19T17:17:10","modified_gmt":"2024-03-19T17:17:10","slug":"fresayunando","status":"publish","type":"post","link":"https:\/\/blogsaverroes.juntadeandalucia.es\/eicruzdejuarez\/2024\/03\/19\/fresayunando\/","title":{"rendered":"FRESAYUNANDO"},"content":{"rendered":"<p>Hoy hemos \u00abFresayunado\u00bb en nuestra escuela. Fresayunando es un Programa de desayuno saludable promovido por la Cooperativa Cuna de Platero, que se lleva a cabo en la provincia de Huelva y que hemos conocido a trav\u00e9s de Marta, nuestra alumna de pr\u00e1cticas. No pod\u00edamos desaprovechar la oportunidad de conocer y degustar los tan afamados frutos rojos de la provincia (fresas, frambuesas y ar\u00e1ndanos) y hacerlo de una manera muy divertida, a trav\u00e9s de un cuento que nos ha ense\u00f1ado las propiedades de los mismos.&nbsp;<\/p>\n<p>Hemos disfrutado mucho con la historia que nos ha contado y regalado la se\u00f1o Marta as\u00ed como degustando las fresas, las frambuesas y los ar\u00e1ndanos \u00a1todo estaba riqu\u00edsimo! Muy agradecid@s se\u00f1o.<\/p>\n<div style=\"width: 750px;\" class=\"wp-video\"><!--[if lt IE 9]><script>document.createElement('video');<\/script><![endif]-->\n<video class=\"wp-video-shortcode\" id=\"video-1817-1\" width=\"750\" height=\"422\" preload=\"metadata\" controls=\"controls\"><source type=\"video\/mp4\" src=\"https:\/\/blogsaverroes.juntadeandalucia.es\/eicruzdejuarez\/files\/2024\/03\/Fresayunando-2.mp4?_=1\" \/><a href=\"https:\/\/blogsaverroes.juntadeandalucia.es\/eicruzdejuarez\/files\/2024\/03\/Fresayunando-2.mp4\">https:\/\/blogsaverroes.juntadeandalucia.es\/eicruzdejuarez\/files\/2024\/03\/Fresayunando-2.mp4<\/a><\/video><\/div>\n<p>&nbsp;<\/p>\n","protected":false},"excerpt":{"rendered":"<p>Hoy hemos \u00abFresayunado\u00bb en nuestra escuela. Fresayunando es un Programa de desayuno saludable promovido por la Cooperativa Cuna de Platero, que se lleva a cabo en la provincia de Huelva y que hemos conocido a trav\u00e9s de Marta, nuestra alumna de pr\u00e1cticas. No pod\u00edamos desaprovechar la oportunidad de conocer y degustar los tan afamados frutos &hellip; <\/p>\n<p><a class=\"more-link btn\" href=\"https:\/\/blogsaverroes.juntadeandalucia.es\/eicruzdejuarez\/2024\/03\/19\/fresayunando\/\">Seguir leyendo<\/a><\/p>\n","protected":false},"author":7188,"featured_media":0,"comment_status":"open","ping_status":"open","sticky":false,"template":"","format":"standard","meta":{"ngg_post_thumbnail":0,"footnotes":""},"categories":[1735843],"tags":[],"aioseo_notices":[],"_links":{"self":[{"href":"https:\/\/blogsaverroes.juntadeandalucia.es\/eicruzdejuarez\/wp-json\/wp\/v2\/posts\/1817"}],"collection":[{"href":"https:\/\/blogsaverroes.juntadeandalucia.es\/eicruzdejuarez\/wp-json\/wp\/v2\/posts"}],"about":[{"href":"https:\/\/blogsaverroes.juntadeandalucia.es\/eicruzdejuarez\/wp-json\/wp\/v2\/types\/post"}],"author":[{"embeddable":true,"href":"https:\/\/blogsaverroes.juntadeandalucia.es\/eicruzdejuarez\/wp-json\/wp\/v2\/users\/7188"}],"replies":[{"embeddable":true,"href":"https:\/\/blogsaverroes.juntadeandalucia.es\/eicruzdejuarez\/wp-json\/wp\/v2\/comments?post=1817"}],"version-history":[{"count":3,"href":"https:\/\/blogsaverroes.juntadeandalucia.es\/eicruzdejuarez\/wp-json\/wp\/v2\/posts\/1817\/revisions"}],"predecessor-version":[{"id":1823,"href":"https:\/\/blogsaverroes.juntadeandalucia.es\/eicruzdejuarez\/wp-json\/wp\/v2\/posts\/1817\/revisions\/1823"}],"wp:attachment":[{"href":"https:\/\/blogsaverroes.juntadeandalucia.es\/eicruzdejuarez\/wp-json\/wp\/v2\/media?parent=1817"}],"wp:term":[{"taxonomy":"category","embeddable":true,"href":"https:\/\/blogsaverroes.juntadeandalucia.es\/eicruzdejuarez\/wp-json\/wp\/v2\/categories?post=1817"},{"taxonomy":"post_tag","embeddable":true,"href":"https:\/\/blogsaverroes.juntadeandalucia.es\/eicruzdejuarez\/wp-json\/wp\/v2\/tags?post=1817"}],"curies":[{"name":"wp","href":"https:\/\/api.w.org\/{rel}","templated":true}]}}