{"id":2165,"date":"2025-02-05T11:14:43","date_gmt":"2025-02-05T11:14:43","guid":{"rendered":"https:\/\/blogsaverroes.juntadeandalucia.es\/eicruzdejuarez\/?p=2165"},"modified":"2025-03-21T09:34:29","modified_gmt":"2025-03-21T09:34:29","slug":"la-casa-de-las-emociones","status":"publish","type":"post","link":"https:\/\/blogsaverroes.juntadeandalucia.es\/eicruzdejuarez\/2025\/02\/05\/la-casa-de-las-emociones\/","title":{"rendered":"LA CASA DE LAS EMOCIONES"},"content":{"rendered":"<p>Nuestr@s peques m\u00e1s peques han realizado un trabajo precioso dentro del proyecto de la casa. La actividad consisti\u00f3 en crear un collage representando su hogar. Sobre una cartulina negra colocaron cada estancia de su casa y, una vez terminado, escribieron el nombre de cada espacio (DORMITORIO, SAL\u00d3N, etc.) en may\u00fasculas, reforzando as\u00ed el reconocimiento de letras que ya comienzan a identificar.<\/p>\n<p>Los resultados fueron tan diversos como sus emociones. No siempre coincid\u00edan con la distribuci\u00f3n real de sus hogares, porque la casa de las emociones no siempre es igual a la casa f\u00edsica. Las filias pueden acercar espacios lejanos o, por el contrario, distanciarlos. A trav\u00e9s de esta actividad, buscamos capturar la verdadera esencia del hogar.<\/p>\n<p>El momento de exponer sus trabajos ante sus compa\u00f1eros y compa\u00f1eras fue maravilloso, un espacio de expresi\u00f3n y aprendizaje compartido.<\/p>\n<p>Agradecemos a las familias su implicaci\u00f3n y colaboraci\u00f3n.<\/p>\n<div style=\"width: 750px;\" class=\"wp-video\"><!--[if lt IE 9]><script>document.createElement('video');<\/script><![endif]-->\n<video class=\"wp-video-shortcode\" id=\"video-2165-1\" width=\"750\" height=\"1326\" preload=\"metadata\" controls=\"controls\"><source type=\"video\/mp4\" src=\"https:\/\/blogsaverroes.juntadeandalucia.es\/eicruzdejuarez\/files\/2025\/02\/planoscasa.mp4?_=1\" \/><a href=\"https:\/\/blogsaverroes.juntadeandalucia.es\/eicruzdejuarez\/files\/2025\/02\/planoscasa.mp4\">https:\/\/blogsaverroes.juntadeandalucia.es\/eicruzdejuarez\/files\/2025\/02\/planoscasa.mp4<\/a><\/video><\/div>\n","protected":false},"excerpt":{"rendered":"<p>Nuestr@s peques m\u00e1s peques han realizado un trabajo precioso dentro del proyecto de la casa. La actividad consisti\u00f3 en crear un collage representando su hogar. Sobre una cartulina negra colocaron cada estancia de su casa y, una vez terminado, escribieron el nombre de cada espacio (DORMITORIO, SAL\u00d3N, etc.) en may\u00fasculas, reforzando as\u00ed el reconocimiento de &hellip; <\/p>\n<p><a class=\"more-link btn\" href=\"https:\/\/blogsaverroes.juntadeandalucia.es\/eicruzdejuarez\/2025\/02\/05\/la-casa-de-las-emociones\/\">Seguir leyendo<\/a><\/p>\n","protected":false},"author":7188,"featured_media":0,"comment_status":"open","ping_status":"open","sticky":false,"template":"","format":"standard","meta":{"ngg_post_thumbnail":0,"footnotes":""},"categories":[1735843,101],"tags":[],"aioseo_notices":[],"_links":{"self":[{"href":"https:\/\/blogsaverroes.juntadeandalucia.es\/eicruzdejuarez\/wp-json\/wp\/v2\/posts\/2165"}],"collection":[{"href":"https:\/\/blogsaverroes.juntadeandalucia.es\/eicruzdejuarez\/wp-json\/wp\/v2\/posts"}],"about":[{"href":"https:\/\/blogsaverroes.juntadeandalucia.es\/eicruzdejuarez\/wp-json\/wp\/v2\/types\/post"}],"author":[{"embeddable":true,"href":"https:\/\/blogsaverroes.juntadeandalucia.es\/eicruzdejuarez\/wp-json\/wp\/v2\/users\/7188"}],"replies":[{"embeddable":true,"href":"https:\/\/blogsaverroes.juntadeandalucia.es\/eicruzdejuarez\/wp-json\/wp\/v2\/comments?post=2165"}],"version-history":[{"count":1,"href":"https:\/\/blogsaverroes.juntadeandalucia.es\/eicruzdejuarez\/wp-json\/wp\/v2\/posts\/2165\/revisions"}],"predecessor-version":[{"id":2167,"href":"https:\/\/blogsaverroes.juntadeandalucia.es\/eicruzdejuarez\/wp-json\/wp\/v2\/posts\/2165\/revisions\/2167"}],"wp:attachment":[{"href":"https:\/\/blogsaverroes.juntadeandalucia.es\/eicruzdejuarez\/wp-json\/wp\/v2\/media?parent=2165"}],"wp:term":[{"taxonomy":"category","embeddable":true,"href":"https:\/\/blogsaverroes.juntadeandalucia.es\/eicruzdejuarez\/wp-json\/wp\/v2\/categories?post=2165"},{"taxonomy":"post_tag","embeddable":true,"href":"https:\/\/blogsaverroes.juntadeandalucia.es\/eicruzdejuarez\/wp-json\/wp\/v2\/tags?post=2165"}],"curies":[{"name":"wp","href":"https:\/\/api.w.org\/{rel}","templated":true}]}}