{"id":224,"date":"2016-05-02T18:00:00","date_gmt":"2016-05-02T18:00:00","guid":{"rendered":"https:\/\/blogsaverroes.juntadeandalucia.es\/eicruzdejuarez\/2016\/05\/02\/"},"modified":"2016-05-02T18:00:00","modified_gmt":"2016-05-02T18:00:00","slug":"224","status":"publish","type":"post","link":"https:\/\/blogsaverroes.juntadeandalucia.es\/eicruzdejuarez\/2016\/05\/02\/224\/","title":{"rendered":""},"content":{"rendered":"<h2 style=\"text-align: center\"><u>EL ALFARERO<\/u><\/h2>\n<div><u><br \/><\/u><\/div>\n<div style=\"text-align: justify\">El viernes 28 de Abril estuvo en nuestra Escuela el alfarero Pedro. Nos ense\u00f1\u00f3 c\u00f3mo trabajar con el barro y de las manos de todos nuestros ni\u00f1os y ni\u00f1as salieron unas preciosas piezas de alfarer\u00eda. Las caras que podemos ver en las fotos son un mero reflejo de c\u00f3mo disfrutaron de esta actividad. Adem\u00e1s, Pedro maestro alfarero, tiene un don especial con los ni\u00f1os y ni\u00f1as que hace que est\u00e9n pendientes del trabajo sin parpadear.<\/div>\n<div style=\"text-align: justify\">Es su segunda visita al Centro y cada vez nos sorprende m\u00e1s, tanto a l@s maestr@s como a l@s alumn@s.<\/div>\n<div style=\"text-align: justify\"><\/div>\n<p>  <embed type=\"application\/x-shockwave-flash\" src=\"https:\/\/photos.gstatic.com\/media\/slideshow.swf\" width=\"600\" height=\"400\" flashvars=\"host=picasaweb.google.com&amp;hl=es&amp;feat=flashalbum&amp;RGB=0x000000&amp;feed=https%3A%2F%2Fpicasaweb.google.com%2Fdata%2Ffeed%2Fapi%2Fuser%2F110759829137241319407%2Falbumid%2F6280151799940920529%3Falt%3Drss%26kind%3Dphoto%26authkey%3DGv1sRgCPqG3pfXk87bfA%26hl%3Des\" pluginspage=\"http:\/\/www.macromedia.com\/go\/getflashplayer\"><\/embed><\/p>\n","protected":false},"excerpt":{"rendered":"<p>EL ALFARERO El viernes 28 de Abril estuvo en nuestra Escuela el alfarero Pedro. Nos ense\u00f1\u00f3 c\u00f3mo trabajar con el barro y de las manos de todos nuestros ni\u00f1os y ni\u00f1as salieron unas preciosas piezas de alfarer\u00eda. Las caras que podemos ver en las fotos son un mero reflejo de c\u00f3mo disfrutaron de esta actividad. &hellip; <\/p>\n<p><a class=\"more-link btn\" href=\"https:\/\/blogsaverroes.juntadeandalucia.es\/eicruzdejuarez\/2016\/05\/02\/224\/\">Seguir leyendo<\/a><\/p>\n","protected":false},"author":1,"featured_media":0,"comment_status":"open","ping_status":"open","sticky":false,"template":"","format":"standard","meta":{"ngg_post_thumbnail":0,"footnotes":""},"categories":[11909],"tags":[],"aioseo_notices":[],"_links":{"self":[{"href":"https:\/\/blogsaverroes.juntadeandalucia.es\/eicruzdejuarez\/wp-json\/wp\/v2\/posts\/224"}],"collection":[{"href":"https:\/\/blogsaverroes.juntadeandalucia.es\/eicruzdejuarez\/wp-json\/wp\/v2\/posts"}],"about":[{"href":"https:\/\/blogsaverroes.juntadeandalucia.es\/eicruzdejuarez\/wp-json\/wp\/v2\/types\/post"}],"author":[{"embeddable":true,"href":"https:\/\/blogsaverroes.juntadeandalucia.es\/eicruzdejuarez\/wp-json\/wp\/v2\/users\/1"}],"replies":[{"embeddable":true,"href":"https:\/\/blogsaverroes.juntadeandalucia.es\/eicruzdejuarez\/wp-json\/wp\/v2\/comments?post=224"}],"version-history":[{"count":0,"href":"https:\/\/blogsaverroes.juntadeandalucia.es\/eicruzdejuarez\/wp-json\/wp\/v2\/posts\/224\/revisions"}],"wp:attachment":[{"href":"https:\/\/blogsaverroes.juntadeandalucia.es\/eicruzdejuarez\/wp-json\/wp\/v2\/media?parent=224"}],"wp:term":[{"taxonomy":"category","embeddable":true,"href":"https:\/\/blogsaverroes.juntadeandalucia.es\/eicruzdejuarez\/wp-json\/wp\/v2\/categories?post=224"},{"taxonomy":"post_tag","embeddable":true,"href":"https:\/\/blogsaverroes.juntadeandalucia.es\/eicruzdejuarez\/wp-json\/wp\/v2\/tags?post=224"}],"curies":[{"name":"wp","href":"https:\/\/api.w.org\/{rel}","templated":true}]}}