{"id":241,"date":"2016-02-03T20:10:00","date_gmt":"2016-02-03T20:10:00","guid":{"rendered":"https:\/\/blogsaverroes.juntadeandalucia.es\/eicruzdejuarez\/2016\/02\/03\/"},"modified":"2016-02-03T20:10:00","modified_gmt":"2016-02-03T20:10:00","slug":"241","status":"publish","type":"post","link":"https:\/\/blogsaverroes.juntadeandalucia.es\/eicruzdejuarez\/2016\/02\/03\/241\/","title":{"rendered":""},"content":{"rendered":"<div align=\"center\" style=\"text-align: center\"><b><u><span>VISITA AL PARQUE INFANTIL DE TR\u00c1FICO<\/span><\/u><\/b><b><span><\/span><\/b><\/div>\n<div align=\"center\" style=\"text-align: center\"><b><u><span><br \/><\/span><\/u><\/b><\/div>\n<div style=\"margin-bottom: 0.0001pt;text-align: justify\"><span>El pasado lunes 25 de Enero los alumnos y alumnas de Infantil de 5 a\u00f1os acudieron al Parque Infantil de Tr\u00e1fico del Ayuntamiento. All\u00ed tuvieron la oportunidad de repasar y conocer todo lo que ellos saben sobre seguridad vial, adem\u00e1s de ponerlo en pr\u00e1ctica con bicicletas y triciclos.<\/span><br \/><span><br \/><\/span><\/div>\n<div style=\"margin-bottom: 0.0001pt;text-align: justify\"><span><br \/><\/span><\/div>\n<div style=\"text-align: center\"><\/div>\n<div><\/div>\n<p><embed type=\"application\/x-shockwave-flash\" src=\"https:\/\/photos.gstatic.com\/media\/slideshow.swf\" width=\"600\" height=\"400\" flashvars=\"host=picasaweb.google.com&amp;hl=es&amp;feat=flashalbum&amp;RGB=0x000000&amp;feed=https%3A%2F%2Fpicasaweb.google.com%2Fdata%2Ffeed%2Fapi%2Fuser%2F110759829137241319407%2Falbumid%2F6247158224702716705%3Falt%3Drss%26kind%3Dphoto%26authkey%3DGv1sRgCNynwLmu-Z6SSQ%26hl%3Des\" pluginspage=\"http:\/\/www.macromedia.com\/go\/getflashplayer\"><\/embed><\/p>\n","protected":false},"excerpt":{"rendered":"<p>VISITA AL PARQUE INFANTIL DE TR\u00c1FICO El pasado lunes 25 de Enero los alumnos y alumnas de Infantil de 5 a\u00f1os acudieron al Parque Infantil de Tr\u00e1fico del Ayuntamiento. All\u00ed tuvieron la oportunidad de repasar y conocer todo lo que ellos saben sobre seguridad vial, adem\u00e1s de ponerlo en pr\u00e1ctica con bicicletas y triciclos.<\/p>\n","protected":false},"author":1,"featured_media":0,"comment_status":"open","ping_status":"open","sticky":false,"template":"","format":"standard","meta":{"ngg_post_thumbnail":0,"footnotes":""},"categories":[11909],"tags":[],"aioseo_notices":[],"_links":{"self":[{"href":"https:\/\/blogsaverroes.juntadeandalucia.es\/eicruzdejuarez\/wp-json\/wp\/v2\/posts\/241"}],"collection":[{"href":"https:\/\/blogsaverroes.juntadeandalucia.es\/eicruzdejuarez\/wp-json\/wp\/v2\/posts"}],"about":[{"href":"https:\/\/blogsaverroes.juntadeandalucia.es\/eicruzdejuarez\/wp-json\/wp\/v2\/types\/post"}],"author":[{"embeddable":true,"href":"https:\/\/blogsaverroes.juntadeandalucia.es\/eicruzdejuarez\/wp-json\/wp\/v2\/users\/1"}],"replies":[{"embeddable":true,"href":"https:\/\/blogsaverroes.juntadeandalucia.es\/eicruzdejuarez\/wp-json\/wp\/v2\/comments?post=241"}],"version-history":[{"count":0,"href":"https:\/\/blogsaverroes.juntadeandalucia.es\/eicruzdejuarez\/wp-json\/wp\/v2\/posts\/241\/revisions"}],"wp:attachment":[{"href":"https:\/\/blogsaverroes.juntadeandalucia.es\/eicruzdejuarez\/wp-json\/wp\/v2\/media?parent=241"}],"wp:term":[{"taxonomy":"category","embeddable":true,"href":"https:\/\/blogsaverroes.juntadeandalucia.es\/eicruzdejuarez\/wp-json\/wp\/v2\/categories?post=241"},{"taxonomy":"post_tag","embeddable":true,"href":"https:\/\/blogsaverroes.juntadeandalucia.es\/eicruzdejuarez\/wp-json\/wp\/v2\/tags?post=241"}],"curies":[{"name":"wp","href":"https:\/\/api.w.org\/{rel}","templated":true}]}}