{"id":245,"date":"2015-12-17T19:16:00","date_gmt":"2015-12-17T19:16:00","guid":{"rendered":"https:\/\/blogsaverroes.juntadeandalucia.es\/eicruzdejuarez\/2015\/12\/17\/"},"modified":"2023-01-13T11:52:12","modified_gmt":"2023-01-13T11:52:12","slug":"245","status":"publish","type":"post","link":"https:\/\/blogsaverroes.juntadeandalucia.es\/eicruzdejuarez\/2015\/12\/17\/245\/","title":{"rendered":""},"content":{"rendered":"<h2 style=\"text-align: center\"><u>FIESTA NAVIDAD INF. 3 A\u00d1OS<\/u><\/h2>\n<div style=\"text-align: justify\">Hoy jueves 17 de diciembre hemos finalizado el ciclo de fiestas navide\u00f1as con las fiestas de los m\u00e1s peque\u00f1os. A pesar de ser los chiquitines del cole las actuaciones han sido entretenidas y muy divertidas. All\u00ed han estado todos\/as como verdaderos artistas representando para sus familias villancicos navide\u00f1os.<\/div>\n<div style=\"text-align: justify\">Felicidades a los\/las artistas y a sus maestras.<\/div>\n<div>&nbsp;<\/div>\n<p><embed src=\"https:\/\/photos.gstatic.com\/media\/slideshow.swf\" type=\"application\/x-shockwave-flash\" width=\"600\" height=\"400\"> <embed src=\"https:\/\/photos.gstatic.com\/media\/slideshow.swf\" type=\"application\/x-shockwave-flash\" width=\"600\" height=\"400\"><\/p>\n","protected":false},"excerpt":{"rendered":"<p>FIESTA NAVIDAD INF. 3 A\u00d1OS Hoy jueves 17 de diciembre hemos finalizado el ciclo de fiestas navide\u00f1as con las fiestas de los m\u00e1s peque\u00f1os. A pesar de ser los chiquitines del cole las actuaciones han sido entretenidas y muy divertidas. All\u00ed han estado todos\/as como verdaderos artistas representando para sus familias villancicos navide\u00f1os. Felicidades a &hellip; <\/p>\n<p><a class=\"more-link btn\" href=\"https:\/\/blogsaverroes.juntadeandalucia.es\/eicruzdejuarez\/2015\/12\/17\/245\/\">Seguir leyendo<\/a><\/p>\n","protected":false},"author":1,"featured_media":0,"comment_status":"open","ping_status":"open","sticky":false,"template":"","format":"standard","meta":{"ngg_post_thumbnail":0,"footnotes":""},"categories":[1735841],"tags":[],"aioseo_notices":[],"_links":{"self":[{"href":"https:\/\/blogsaverroes.juntadeandalucia.es\/eicruzdejuarez\/wp-json\/wp\/v2\/posts\/245"}],"collection":[{"href":"https:\/\/blogsaverroes.juntadeandalucia.es\/eicruzdejuarez\/wp-json\/wp\/v2\/posts"}],"about":[{"href":"https:\/\/blogsaverroes.juntadeandalucia.es\/eicruzdejuarez\/wp-json\/wp\/v2\/types\/post"}],"author":[{"embeddable":true,"href":"https:\/\/blogsaverroes.juntadeandalucia.es\/eicruzdejuarez\/wp-json\/wp\/v2\/users\/1"}],"replies":[{"embeddable":true,"href":"https:\/\/blogsaverroes.juntadeandalucia.es\/eicruzdejuarez\/wp-json\/wp\/v2\/comments?post=245"}],"version-history":[{"count":1,"href":"https:\/\/blogsaverroes.juntadeandalucia.es\/eicruzdejuarez\/wp-json\/wp\/v2\/posts\/245\/revisions"}],"predecessor-version":[{"id":1368,"href":"https:\/\/blogsaverroes.juntadeandalucia.es\/eicruzdejuarez\/wp-json\/wp\/v2\/posts\/245\/revisions\/1368"}],"wp:attachment":[{"href":"https:\/\/blogsaverroes.juntadeandalucia.es\/eicruzdejuarez\/wp-json\/wp\/v2\/media?parent=245"}],"wp:term":[{"taxonomy":"category","embeddable":true,"href":"https:\/\/blogsaverroes.juntadeandalucia.es\/eicruzdejuarez\/wp-json\/wp\/v2\/categories?post=245"},{"taxonomy":"post_tag","embeddable":true,"href":"https:\/\/blogsaverroes.juntadeandalucia.es\/eicruzdejuarez\/wp-json\/wp\/v2\/tags?post=245"}],"curies":[{"name":"wp","href":"https:\/\/api.w.org\/{rel}","templated":true}]}}