{"id":2456,"date":"2026-02-19T14:30:33","date_gmt":"2026-02-19T14:30:33","guid":{"rendered":"https:\/\/blogsaverroes.juntadeandalucia.es\/eicruzdejuarez\/?p=2456"},"modified":"2026-02-19T14:30:38","modified_gmt":"2026-02-19T14:30:38","slug":"ambiente-vida-practica","status":"publish","type":"post","link":"https:\/\/blogsaverroes.juntadeandalucia.es\/eicruzdejuarez\/2026\/02\/19\/ambiente-vida-practica\/","title":{"rendered":"AMBIENTE VIDA PR\u00c1CTICA"},"content":{"rendered":"<p>Os presentamos nuestro Ambiente de Vida Pr\u00e1ctica.<\/p>\n<p>Este es uno de nuestros espacios m\u00e1s especiales, donde el alumnado desarrolla habilidades cotidianas, la motricidad fina y la coordinaci\u00f3n \u00f3culo-manual, tan importantes para la vida diaria y para futuros aprendizajes como la lectoescritura.<\/p>\n<p>En \u00e9l contamos con propuestas fijas y otras que van cambiando. Entre las propuestas que se plantean en este ambiente son: fregar los platos, poner la mesa, lavar y tender la ropa, hacer la cama, ba\u00f1ar y vestir a un beb\u00e9, limpiar cristales doblar servilletas, emparejar y doblar calcetines, trabajar con bastidores de cerraduras, hacer zumos, cortar fruta, limpiar zapatos, doblar y colgar ropa, llamar por tel\u00e9fono, cortar, coser, trasvasar, barrer, abrir y cerrar botes y botellas, o trabajar con cremalleras, botones y corchetes&#8230;<\/p>\n<p>Nuestro ambiente de aprendizaje tambi\u00e9n cuenta con una zona tipo sal\u00f3n destinada a la calma, con botellas sensoriales, pop-it y cuentos, pensada para favorecer el bienestar y la autorregulaci\u00f3n.<\/p>\n<p>Un espacio donde aprender haciendo\u2026 y disfrutando\u2728\ufe0f<\/p>\n<div class=\"embed-container\"><iframe loading=\"lazy\" title=\"Ambiente Vida Pr\u00e1ctica\" width=\"563\" height=\"1000\" src=\"https:\/\/www.youtube.com\/embed\/0M6xxrhbN74?feature=oembed\" frameborder=\"0\" allow=\"accelerometer; autoplay; clipboard-write; encrypted-media; gyroscope; picture-in-picture; web-share\" referrerpolicy=\"strict-origin-when-cross-origin\" allowfullscreen><\/iframe><\/div>\n","protected":false},"excerpt":{"rendered":"<p>Os presentamos nuestro Ambiente de Vida Pr\u00e1ctica. Este es uno de nuestros espacios m\u00e1s especiales, donde el alumnado desarrolla habilidades cotidianas, la motricidad fina y la coordinaci\u00f3n \u00f3culo-manual, tan importantes para la vida diaria y para futuros aprendizajes como la lectoescritura. En \u00e9l contamos con propuestas fijas y otras que van cambiando. Entre las propuestas &hellip; <\/p>\n<p><a class=\"more-link btn\" href=\"https:\/\/blogsaverroes.juntadeandalucia.es\/eicruzdejuarez\/2026\/02\/19\/ambiente-vida-practica\/\">Seguir leyendo<\/a><\/p>\n","protected":false},"author":7188,"featured_media":0,"comment_status":"open","ping_status":"open","sticky":false,"template":"","format":"standard","meta":{"ngg_post_thumbnail":0,"footnotes":""},"categories":[1735843],"tags":[],"aioseo_notices":[],"_links":{"self":[{"href":"https:\/\/blogsaverroes.juntadeandalucia.es\/eicruzdejuarez\/wp-json\/wp\/v2\/posts\/2456"}],"collection":[{"href":"https:\/\/blogsaverroes.juntadeandalucia.es\/eicruzdejuarez\/wp-json\/wp\/v2\/posts"}],"about":[{"href":"https:\/\/blogsaverroes.juntadeandalucia.es\/eicruzdejuarez\/wp-json\/wp\/v2\/types\/post"}],"author":[{"embeddable":true,"href":"https:\/\/blogsaverroes.juntadeandalucia.es\/eicruzdejuarez\/wp-json\/wp\/v2\/users\/7188"}],"replies":[{"embeddable":true,"href":"https:\/\/blogsaverroes.juntadeandalucia.es\/eicruzdejuarez\/wp-json\/wp\/v2\/comments?post=2456"}],"version-history":[{"count":1,"href":"https:\/\/blogsaverroes.juntadeandalucia.es\/eicruzdejuarez\/wp-json\/wp\/v2\/posts\/2456\/revisions"}],"predecessor-version":[{"id":2457,"href":"https:\/\/blogsaverroes.juntadeandalucia.es\/eicruzdejuarez\/wp-json\/wp\/v2\/posts\/2456\/revisions\/2457"}],"wp:attachment":[{"href":"https:\/\/blogsaverroes.juntadeandalucia.es\/eicruzdejuarez\/wp-json\/wp\/v2\/media?parent=2456"}],"wp:term":[{"taxonomy":"category","embeddable":true,"href":"https:\/\/blogsaverroes.juntadeandalucia.es\/eicruzdejuarez\/wp-json\/wp\/v2\/categories?post=2456"},{"taxonomy":"post_tag","embeddable":true,"href":"https:\/\/blogsaverroes.juntadeandalucia.es\/eicruzdejuarez\/wp-json\/wp\/v2\/tags?post=2456"}],"curies":[{"name":"wp","href":"https:\/\/api.w.org\/{rel}","templated":true}]}}