{"id":283,"date":"2015-04-20T19:17:00","date_gmt":"2015-04-20T19:17:00","guid":{"rendered":"https:\/\/blogsaverroes.juntadeandalucia.es\/eicruzdejuarez\/2015\/04\/20\/"},"modified":"2015-04-20T19:17:00","modified_gmt":"2015-04-20T19:17:00","slug":"283","status":"publish","type":"post","link":"https:\/\/blogsaverroes.juntadeandalucia.es\/eicruzdejuarez\/2015\/04\/20\/283\/","title":{"rendered":""},"content":{"rendered":"<h2 style=\"text-align: center\"><b><u>PROYECTO \u00abLOS CASTILLOS\u00bb DE INFANTIL 5 A\u00d1OS<\/u><\/b><\/h2>\n<div style=\"text-align: left\">Durante el segundo trimestre los alumnos y alumnas de cinco a\u00f1os estuvieron trabajando el Proyecto de Los Castillos. Durante su desarrollo decoraron los pasillos y las clases como si fuera un castillo de la Edad Media. Adem\u00e1s, aprendieron un mont\u00f3n de cosas sobre esa \u00e9poca. Disfrutaron de aventuras, bailes y como final la excursi\u00f3n al Castillo de Almod\u00f3var. Esperamos que esta peque\u00f1a recopilaci\u00f3n de fotos os haga haceros una idea de los mucho y bien que trabajaron.<\/div>\n<div style=\"text-align: left\"><\/div>\n<div style=\"text-align: left\"><\/div>\n<p> <embed type=\"application\/x-shockwave-flash\" src=\"https:\/\/photos.gstatic.com\/media\/slideshow.swf\" width=\"600\" height=\"400\" flashvars=\"host=picasaweb.google.com&amp;hl=es&amp;feat=flashalbum&amp;RGB=0x000000&amp;feed=https%3A%2F%2Fpicasaweb.google.com%2Fdata%2Ffeed%2Fapi%2Fuser%2F110759829137241319407%2Falbumid%2F6139894574918509665%3Falt%3Drss%26kind%3Dphoto%26authkey%3DGv1sRgCIPjxMfx_NiQLQ%26hl%3Des\" pluginspage=\"http:\/\/www.macromedia.com\/go\/getflashplayer\"><\/embed><\/p>\n","protected":false},"excerpt":{"rendered":"<p>PROYECTO \u00abLOS CASTILLOS\u00bb DE INFANTIL 5 A\u00d1OS Durante el segundo trimestre los alumnos y alumnas de cinco a\u00f1os estuvieron trabajando el Proyecto de Los Castillos. Durante su desarrollo decoraron los pasillos y las clases como si fuera un castillo de la Edad Media. Adem\u00e1s, aprendieron un mont\u00f3n de cosas sobre esa \u00e9poca. Disfrutaron de aventuras, &hellip; <\/p>\n<p><a class=\"more-link btn\" href=\"https:\/\/blogsaverroes.juntadeandalucia.es\/eicruzdejuarez\/2015\/04\/20\/283\/\">Seguir leyendo<\/a><\/p>\n","protected":false},"author":1,"featured_media":0,"comment_status":"open","ping_status":"open","sticky":false,"template":"","format":"standard","meta":{"ngg_post_thumbnail":0,"footnotes":""},"categories":[101,1735820],"tags":[],"aioseo_notices":[],"_links":{"self":[{"href":"https:\/\/blogsaverroes.juntadeandalucia.es\/eicruzdejuarez\/wp-json\/wp\/v2\/posts\/283"}],"collection":[{"href":"https:\/\/blogsaverroes.juntadeandalucia.es\/eicruzdejuarez\/wp-json\/wp\/v2\/posts"}],"about":[{"href":"https:\/\/blogsaverroes.juntadeandalucia.es\/eicruzdejuarez\/wp-json\/wp\/v2\/types\/post"}],"author":[{"embeddable":true,"href":"https:\/\/blogsaverroes.juntadeandalucia.es\/eicruzdejuarez\/wp-json\/wp\/v2\/users\/1"}],"replies":[{"embeddable":true,"href":"https:\/\/blogsaverroes.juntadeandalucia.es\/eicruzdejuarez\/wp-json\/wp\/v2\/comments?post=283"}],"version-history":[{"count":0,"href":"https:\/\/blogsaverroes.juntadeandalucia.es\/eicruzdejuarez\/wp-json\/wp\/v2\/posts\/283\/revisions"}],"wp:attachment":[{"href":"https:\/\/blogsaverroes.juntadeandalucia.es\/eicruzdejuarez\/wp-json\/wp\/v2\/media?parent=283"}],"wp:term":[{"taxonomy":"category","embeddable":true,"href":"https:\/\/blogsaverroes.juntadeandalucia.es\/eicruzdejuarez\/wp-json\/wp\/v2\/categories?post=283"},{"taxonomy":"post_tag","embeddable":true,"href":"https:\/\/blogsaverroes.juntadeandalucia.es\/eicruzdejuarez\/wp-json\/wp\/v2\/tags?post=283"}],"curies":[{"name":"wp","href":"https:\/\/api.w.org\/{rel}","templated":true}]}}