{"id":284,"date":"2015-03-28T17:44:00","date_gmt":"2015-03-28T17:44:00","guid":{"rendered":"https:\/\/blogsaverroes.juntadeandalucia.es\/eicruzdejuarez\/2015\/03\/28\/"},"modified":"2015-03-28T17:44:00","modified_gmt":"2015-03-28T17:44:00","slug":"284","status":"publish","type":"post","link":"https:\/\/blogsaverroes.juntadeandalucia.es\/eicruzdejuarez\/2015\/03\/28\/284\/","title":{"rendered":""},"content":{"rendered":"<h2 style=\"text-align: center\"><span style=\"font-weight: normal\"><u>SEMANA SANTA 2015<\/u><\/span><\/h2>\n<div style=\"text-align: left\"><\/div>\n<div style=\"text-align: justify\">El viernes 27 de Marzo celebramos el tradicional desfile de Semana Santa de nuestra escuela con gran participaci\u00f3n de p\u00fablico. Contando con el buen tiempo el desfile se desarroll\u00f3 espl\u00e9ndidamente, con una gran implicaci\u00f3n de alumnos\/as y de sus tutoras. Agradecemos la colaboraci\u00f3n de padres y madres que contribuyeron a que resultase tan bien el desfile. Esperamos que disfrutarais de la actividad y como aperitivo os ponemos aqu\u00ed una muestra.<\/div>\n<div style=\"text-align: left\"><\/div>\n<div style=\"text-align: left\"><\/div>\n<p> <embed type=\"application\/x-shockwave-flash\" src=\"https:\/\/photos.gstatic.com\/media\/slideshow.swf\" width=\"600\" height=\"400\" flashvars=\"host=picasaweb.google.com&amp;hl=es&amp;feat=flashalbum&amp;RGB=0x000000&amp;feed=https%3A%2F%2Fpicasaweb.google.com%2Fdata%2Ffeed%2Fapi%2Fuser%2F110759829137241319407%2Falbumid%2F6131343062459954593%3Falt%3Drss%26kind%3Dphoto%26authkey%3DGv1sRgCPDS-Zb-vpb-PA%26hl%3Des\" pluginspage=\"http:\/\/www.macromedia.com\/go\/getflashplayer\"><\/embed><\/p>\n","protected":false},"excerpt":{"rendered":"<p>SEMANA SANTA 2015 El viernes 27 de Marzo celebramos el tradicional desfile de Semana Santa de nuestra escuela con gran participaci\u00f3n de p\u00fablico. Contando con el buen tiempo el desfile se desarroll\u00f3 espl\u00e9ndidamente, con una gran implicaci\u00f3n de alumnos\/as y de sus tutoras. Agradecemos la colaboraci\u00f3n de padres y madres que contribuyeron a que resultase &hellip; <\/p>\n<p><a class=\"more-link btn\" href=\"https:\/\/blogsaverroes.juntadeandalucia.es\/eicruzdejuarez\/2015\/03\/28\/284\/\">Seguir leyendo<\/a><\/p>\n","protected":false},"author":1,"featured_media":0,"comment_status":"open","ping_status":"open","sticky":false,"template":"","format":"standard","meta":{"ngg_post_thumbnail":0,"footnotes":""},"categories":[11909],"tags":[],"aioseo_notices":[],"_links":{"self":[{"href":"https:\/\/blogsaverroes.juntadeandalucia.es\/eicruzdejuarez\/wp-json\/wp\/v2\/posts\/284"}],"collection":[{"href":"https:\/\/blogsaverroes.juntadeandalucia.es\/eicruzdejuarez\/wp-json\/wp\/v2\/posts"}],"about":[{"href":"https:\/\/blogsaverroes.juntadeandalucia.es\/eicruzdejuarez\/wp-json\/wp\/v2\/types\/post"}],"author":[{"embeddable":true,"href":"https:\/\/blogsaverroes.juntadeandalucia.es\/eicruzdejuarez\/wp-json\/wp\/v2\/users\/1"}],"replies":[{"embeddable":true,"href":"https:\/\/blogsaverroes.juntadeandalucia.es\/eicruzdejuarez\/wp-json\/wp\/v2\/comments?post=284"}],"version-history":[{"count":0,"href":"https:\/\/blogsaverroes.juntadeandalucia.es\/eicruzdejuarez\/wp-json\/wp\/v2\/posts\/284\/revisions"}],"wp:attachment":[{"href":"https:\/\/blogsaverroes.juntadeandalucia.es\/eicruzdejuarez\/wp-json\/wp\/v2\/media?parent=284"}],"wp:term":[{"taxonomy":"category","embeddable":true,"href":"https:\/\/blogsaverroes.juntadeandalucia.es\/eicruzdejuarez\/wp-json\/wp\/v2\/categories?post=284"},{"taxonomy":"post_tag","embeddable":true,"href":"https:\/\/blogsaverroes.juntadeandalucia.es\/eicruzdejuarez\/wp-json\/wp\/v2\/tags?post=284"}],"curies":[{"name":"wp","href":"https:\/\/api.w.org\/{rel}","templated":true}]}}