{"id":289,"date":"2015-03-05T19:30:00","date_gmt":"2015-03-05T19:30:00","guid":{"rendered":"https:\/\/blogsaverroes.juntadeandalucia.es\/eicruzdejuarez\/2015\/03\/05\/"},"modified":"2015-03-05T19:30:00","modified_gmt":"2015-03-05T19:30:00","slug":"289","status":"publish","type":"post","link":"https:\/\/blogsaverroes.juntadeandalucia.es\/eicruzdejuarez\/2015\/03\/05\/289\/","title":{"rendered":""},"content":{"rendered":"<h2 style=\"text-align: center\"><u>PROYECTO MI CUERPO INFANTIL 4 B<\/u><\/h2>\n<div style=\"text-align: justify\">\n<div style=\"text-align: justify\">Durante los meses de enero y febrero, los ni\u00f1os y ni\u00f1as de 4 a\u00f1os B, han realizado un viaje alucinante por <b>el cuerpo humano<\/b>,&nbsp; partiendo de las sensaciones percibidas a trav\u00e9s del movimiento, del &nbsp;juego, &nbsp;del an\u00e1lisis &nbsp;y contraste de lo percibido por los sentidos. &nbsp;Hemos vivido&nbsp; y explorado&nbsp; el cuerpo &nbsp;con todas las inteligencias puestas en acci\u00f3n &nbsp;y se han &nbsp;abordado una gran cantidad de interrogantes que&nbsp; han dado coherencia al desarrollo de este gran proyecto del conocimiento&nbsp; y la identidad de uno-a&nbsp; mismo-a. &nbsp;La experiencia vivida no puede ser contada porque dejar\u00edamos atr\u00e1s un mont\u00f3n de situaciones que enriquecen el proceso de ense\u00f1anza-aprendizaje que se ha&nbsp; desarrollado, pero al menos nos pueden servir&nbsp; como resumen del trabajo &nbsp;en el que han participado toda la comunidad educativa y especialmente las familias. \u00a1Gracias, porque ellos y ellas merecen una Educaci\u00f3n de Calidad!<\/div>\n<\/div>\n<div style=\"text-align: justify\"><\/div>\n<div style=\"text-align: justify\"><\/div>\n<p><embed flashvars=\"host=picasaweb.google.com&amp;hl=es&amp;feat=flashalbum&amp;RGB=0x000000&amp;feed=https%3A%2F%2Fpicasaweb.google.com%2Fdata%2Ffeed%2Fapi%2Fuser%2F110759829137241319407%2Falbumid%2F6122833787407354289%3Falt%3Drss%26kind%3Dphoto%26authkey%3DGv1sRgCIik_6PgkJj65AE%26hl%3Des\" height=\"400\" pluginspage=\"http:\/\/www.macromedia.com\/go\/getflashplayer\" src=\"https:\/\/photos.gstatic.com\/media\/slideshow.swf\" type=\"application\/x-shockwave-flash\" width=\"600\"><\/embed><\/p>\n","protected":false},"excerpt":{"rendered":"<p>PROYECTO MI CUERPO INFANTIL 4 B Durante los meses de enero y febrero, los ni\u00f1os y ni\u00f1as de 4 a\u00f1os B, han realizado un viaje alucinante por el cuerpo humano,&nbsp; partiendo de las sensaciones percibidas a trav\u00e9s del movimiento, del &nbsp;juego, &nbsp;del an\u00e1lisis &nbsp;y contraste de lo percibido por los sentidos. &nbsp;Hemos vivido&nbsp; y explorado&nbsp; &hellip; <\/p>\n<p><a class=\"more-link btn\" href=\"https:\/\/blogsaverroes.juntadeandalucia.es\/eicruzdejuarez\/2015\/03\/05\/289\/\">Seguir leyendo<\/a><\/p>\n","protected":false},"author":1,"featured_media":0,"comment_status":"open","ping_status":"open","sticky":false,"template":"","format":"standard","meta":{"ngg_post_thumbnail":0,"footnotes":""},"categories":[101,1735820],"tags":[],"aioseo_notices":[],"_links":{"self":[{"href":"https:\/\/blogsaverroes.juntadeandalucia.es\/eicruzdejuarez\/wp-json\/wp\/v2\/posts\/289"}],"collection":[{"href":"https:\/\/blogsaverroes.juntadeandalucia.es\/eicruzdejuarez\/wp-json\/wp\/v2\/posts"}],"about":[{"href":"https:\/\/blogsaverroes.juntadeandalucia.es\/eicruzdejuarez\/wp-json\/wp\/v2\/types\/post"}],"author":[{"embeddable":true,"href":"https:\/\/blogsaverroes.juntadeandalucia.es\/eicruzdejuarez\/wp-json\/wp\/v2\/users\/1"}],"replies":[{"embeddable":true,"href":"https:\/\/blogsaverroes.juntadeandalucia.es\/eicruzdejuarez\/wp-json\/wp\/v2\/comments?post=289"}],"version-history":[{"count":0,"href":"https:\/\/blogsaverroes.juntadeandalucia.es\/eicruzdejuarez\/wp-json\/wp\/v2\/posts\/289\/revisions"}],"wp:attachment":[{"href":"https:\/\/blogsaverroes.juntadeandalucia.es\/eicruzdejuarez\/wp-json\/wp\/v2\/media?parent=289"}],"wp:term":[{"taxonomy":"category","embeddable":true,"href":"https:\/\/blogsaverroes.juntadeandalucia.es\/eicruzdejuarez\/wp-json\/wp\/v2\/categories?post=289"},{"taxonomy":"post_tag","embeddable":true,"href":"https:\/\/blogsaverroes.juntadeandalucia.es\/eicruzdejuarez\/wp-json\/wp\/v2\/tags?post=289"}],"curies":[{"name":"wp","href":"https:\/\/api.w.org\/{rel}","templated":true}]}}