{"id":313,"date":"2014-12-16T20:32:00","date_gmt":"2014-12-16T20:32:00","guid":{"rendered":"https:\/\/blogsaverroes.juntadeandalucia.es\/eicruzdejuarez\/2014\/12\/16\/"},"modified":"2014-12-16T20:32:00","modified_gmt":"2014-12-16T20:32:00","slug":"313","status":"publish","type":"post","link":"https:\/\/blogsaverroes.juntadeandalucia.es\/eicruzdejuarez\/2014\/12\/16\/313\/","title":{"rendered":""},"content":{"rendered":"<h2 style=\"text-align: center\"><b><u>VISITA A LOS BELENES DEL BARRIO<\/u><\/b><\/h2>\n<div style=\"text-align: left\"><\/div>\n<div style=\"text-align: justify\">Aprovechando que la Asociaci\u00f3n de Belenistas de C\u00f3rdoba tiene su sede en nuestro barrio y a la Asociaci\u00f3n de Vecinos este a\u00f1o hemos visitado ambos belenes durante dos d\u00edas. Nos han acompa\u00f1ado padres y madres y la visita ha sido muy positiva, tanto por la calidad de los belenes expuestos como por el paseo por el barrio. Desde este blog os animamos a que durante estas Navidades llev\u00e9is a vuestros hijos e hijas a ver cualquiera de los que se exponen en nuestra ciudad (Diputaci\u00f3n, Ayuntamiento, San Juan de Dios&#8230;).<\/div>\n<div style=\"text-align: left\"><\/div>\n<div style=\"text-align: left\"><\/div>\n<p> <embed type=\"application\/x-shockwave-flash\" src=\"https:\/\/photos.gstatic.com\/media\/slideshow.swf\" width=\"600\" height=\"400\" flashvars=\"host=picasaweb.google.com&amp;hl=es&amp;feat=flashalbum&amp;RGB=0x000000&amp;feed=https%3A%2F%2Fpicasaweb.google.com%2Fdata%2Ffeed%2Fapi%2Fuser%2F110759829137241319407%2Falbumid%2F6093532948366999889%3Falt%3Drss%26kind%3Dphoto%26authkey%3DGv1sRgCOKSt-qY6eby4AE%26hl%3Des\" pluginspage=\"http:\/\/www.macromedia.com\/go\/getflashplayer\"><\/embed><\/p>\n","protected":false},"excerpt":{"rendered":"<p>VISITA A LOS BELENES DEL BARRIO Aprovechando que la Asociaci\u00f3n de Belenistas de C\u00f3rdoba tiene su sede en nuestro barrio y a la Asociaci\u00f3n de Vecinos este a\u00f1o hemos visitado ambos belenes durante dos d\u00edas. Nos han acompa\u00f1ado padres y madres y la visita ha sido muy positiva, tanto por la calidad de los belenes &hellip; <\/p>\n<p><a class=\"more-link btn\" href=\"https:\/\/blogsaverroes.juntadeandalucia.es\/eicruzdejuarez\/2014\/12\/16\/313\/\">Seguir leyendo<\/a><\/p>\n","protected":false},"author":1,"featured_media":0,"comment_status":"open","ping_status":"open","sticky":false,"template":"","format":"standard","meta":{"ngg_post_thumbnail":0,"footnotes":""},"categories":[11909],"tags":[],"aioseo_notices":[],"_links":{"self":[{"href":"https:\/\/blogsaverroes.juntadeandalucia.es\/eicruzdejuarez\/wp-json\/wp\/v2\/posts\/313"}],"collection":[{"href":"https:\/\/blogsaverroes.juntadeandalucia.es\/eicruzdejuarez\/wp-json\/wp\/v2\/posts"}],"about":[{"href":"https:\/\/blogsaverroes.juntadeandalucia.es\/eicruzdejuarez\/wp-json\/wp\/v2\/types\/post"}],"author":[{"embeddable":true,"href":"https:\/\/blogsaverroes.juntadeandalucia.es\/eicruzdejuarez\/wp-json\/wp\/v2\/users\/1"}],"replies":[{"embeddable":true,"href":"https:\/\/blogsaverroes.juntadeandalucia.es\/eicruzdejuarez\/wp-json\/wp\/v2\/comments?post=313"}],"version-history":[{"count":0,"href":"https:\/\/blogsaverroes.juntadeandalucia.es\/eicruzdejuarez\/wp-json\/wp\/v2\/posts\/313\/revisions"}],"wp:attachment":[{"href":"https:\/\/blogsaverroes.juntadeandalucia.es\/eicruzdejuarez\/wp-json\/wp\/v2\/media?parent=313"}],"wp:term":[{"taxonomy":"category","embeddable":true,"href":"https:\/\/blogsaverroes.juntadeandalucia.es\/eicruzdejuarez\/wp-json\/wp\/v2\/categories?post=313"},{"taxonomy":"post_tag","embeddable":true,"href":"https:\/\/blogsaverroes.juntadeandalucia.es\/eicruzdejuarez\/wp-json\/wp\/v2\/tags?post=313"}],"curies":[{"name":"wp","href":"https:\/\/api.w.org\/{rel}","templated":true}]}}