{"id":316,"date":"2014-12-10T20:23:00","date_gmt":"2014-12-10T20:23:00","guid":{"rendered":"https:\/\/blogsaverroes.juntadeandalucia.es\/eicruzdejuarez\/2014\/12\/10\/"},"modified":"2014-12-10T20:23:00","modified_gmt":"2014-12-10T20:23:00","slug":"316","status":"publish","type":"post","link":"https:\/\/blogsaverroes.juntadeandalucia.es\/eicruzdejuarez\/2014\/12\/10\/316\/","title":{"rendered":""},"content":{"rendered":"<div style=\"text-align: center\"><b><i><u>D\u00cdA DE LOS ABUELOS\/AS<\/u><\/i><\/b><\/div>\n<div style=\"text-align: center\"><\/div>\n<div style=\"text-align: justify\">Un a\u00f1os m\u00e1s, y ya van dos, organizado por los alumnos y alumnas de 4\u00ba Curso de Grado de Magisterio de la E.U. \u00abSagrado Coraz\u00f3n\u00bb en colaboraci\u00f3n con la E.I. Cruz de Ju\u00e1rez hemos llevado a cabo una Jornada de juegos y actividades con los abuelos y abuelas de nuestros alumnos y alumnas.<\/div>\n<div style=\"text-align: justify\">La jornada ha sido un \u00e9xito ya que numerosos abuelos y abuelas se han acercado al colegio para compartir con sus nietos y nietas un d\u00eda de diversi\u00f3n.<\/div>\n<div style=\"text-align: justify\">Viendo las fotograf\u00edas y observando el desarrollo de la actividad no sabemos qui\u00e9n ha disfrutado m\u00e1s, pues las caras de alegr\u00eda de abuelos\/as y nietos\/as lo dec\u00edan todo.<\/div>\n<div style=\"text-align: justify\">Agradecemos desde aqu\u00ed el trabajo realizado a los alumnos y alumnas y, sobre todo a M\u00aa \u00c1ngeles Moreno, su profesora que consigue animar a sus alumnos en la realizaci\u00f3n de actividades como \u00e9sta.<\/div>\n<div style=\"text-align: justify\">Tambi\u00e9n gracias a los abuelos y abuelas; os esperamos el pr\u00f3ximo a\u00f1o.<\/div>\n<div style=\"text-align: justify\"><\/div>\n<div style=\"text-align: left\"><\/div>\n<p> <embed type=\"application\/x-shockwave-flash\" src=\"https:\/\/photos.gstatic.com\/media\/slideshow.swf\" width=\"600\" height=\"400\" flashvars=\"host=picasaweb.google.com&amp;hl=es&amp;feat=flashalbum&amp;RGB=0x000000&amp;feed=https%3A%2F%2Fpicasaweb.google.com%2Fdata%2Ffeed%2Fapi%2Fuser%2F110759829137241319407%2Falbumid%2F6091305624435588961%3Falt%3Drss%26kind%3Dphoto%26authkey%3DGv1sRgCJ-5nPqytsLbyAE%26hl%3Des\" pluginspage=\"http:\/\/www.macromedia.com\/go\/getflashplayer\"><\/embed><\/p>\n","protected":false},"excerpt":{"rendered":"<p>D\u00cdA DE LOS ABUELOS\/AS Un a\u00f1os m\u00e1s, y ya van dos, organizado por los alumnos y alumnas de 4\u00ba Curso de Grado de Magisterio de la E.U. \u00abSagrado Coraz\u00f3n\u00bb en colaboraci\u00f3n con la E.I. Cruz de Ju\u00e1rez hemos llevado a cabo una Jornada de juegos y actividades con los abuelos y abuelas de nuestros alumnos &hellip; <\/p>\n<p><a class=\"more-link btn\" href=\"https:\/\/blogsaverroes.juntadeandalucia.es\/eicruzdejuarez\/2014\/12\/10\/316\/\">Seguir leyendo<\/a><\/p>\n","protected":false},"author":1,"featured_media":0,"comment_status":"open","ping_status":"open","sticky":false,"template":"","format":"standard","meta":{"ngg_post_thumbnail":0,"footnotes":""},"categories":[11909],"tags":[],"aioseo_notices":[],"_links":{"self":[{"href":"https:\/\/blogsaverroes.juntadeandalucia.es\/eicruzdejuarez\/wp-json\/wp\/v2\/posts\/316"}],"collection":[{"href":"https:\/\/blogsaverroes.juntadeandalucia.es\/eicruzdejuarez\/wp-json\/wp\/v2\/posts"}],"about":[{"href":"https:\/\/blogsaverroes.juntadeandalucia.es\/eicruzdejuarez\/wp-json\/wp\/v2\/types\/post"}],"author":[{"embeddable":true,"href":"https:\/\/blogsaverroes.juntadeandalucia.es\/eicruzdejuarez\/wp-json\/wp\/v2\/users\/1"}],"replies":[{"embeddable":true,"href":"https:\/\/blogsaverroes.juntadeandalucia.es\/eicruzdejuarez\/wp-json\/wp\/v2\/comments?post=316"}],"version-history":[{"count":0,"href":"https:\/\/blogsaverroes.juntadeandalucia.es\/eicruzdejuarez\/wp-json\/wp\/v2\/posts\/316\/revisions"}],"wp:attachment":[{"href":"https:\/\/blogsaverroes.juntadeandalucia.es\/eicruzdejuarez\/wp-json\/wp\/v2\/media?parent=316"}],"wp:term":[{"taxonomy":"category","embeddable":true,"href":"https:\/\/blogsaverroes.juntadeandalucia.es\/eicruzdejuarez\/wp-json\/wp\/v2\/categories?post=316"},{"taxonomy":"post_tag","embeddable":true,"href":"https:\/\/blogsaverroes.juntadeandalucia.es\/eicruzdejuarez\/wp-json\/wp\/v2\/tags?post=316"}],"curies":[{"name":"wp","href":"https:\/\/api.w.org\/{rel}","templated":true}]}}