{"id":317,"date":"2014-12-07T14:04:00","date_gmt":"2014-12-07T14:04:00","guid":{"rendered":"https:\/\/blogsaverroes.juntadeandalucia.es\/eicruzdejuarez\/2014\/12\/07\/"},"modified":"2014-12-07T14:04:00","modified_gmt":"2014-12-07T14:04:00","slug":"317","status":"publish","type":"post","link":"https:\/\/blogsaverroes.juntadeandalucia.es\/eicruzdejuarez\/2014\/12\/07\/317\/","title":{"rendered":""},"content":{"rendered":"<div style=\"text-align: center\"><b><i><u>D\u00cdA DE LA CONSTITUCI\u00d3N<\/u><\/i><\/b><\/div>\n<div style=\"text-align: center\"><\/div>\n<div style=\"text-align: left\">\n<div style=\"text-align: justify\">El pasado viernes 5 de Diciembre celebramos en la E.I. Cruz de Ju\u00e1rez el 36 aniversario de nuestra Constituci\u00f3n. Durante esa jornada en las tutor\u00edas se habl\u00f3 de la Carta Magna y se realizaron trabajos alusivos al tema.<\/div>\n<\/div>\n<div style=\"text-align: left\">\n<div style=\"text-align: justify\">A la una de la tarde concluimos la celebraci\u00f3n con la audici\u00f3n de himno y la tarta de cumplea\u00f1os de la Constituci\u00f3n.<\/div>\n<\/div>\n<div style=\"text-align: left\">\n<div style=\"text-align: justify\">Contamos, como en cursos anteriores, con la presencia de los\/las delegados\/as de los padres\/madres de las tutor\u00edas, as\u00ed como de la Presidenta del AMPA de nuestro Centro.<\/div>\n<\/div>\n<div style=\"text-align: left\">\n<div style=\"text-align: justify\">Aqu\u00ed teneis algunas fotos del acto.<\/div>\n<\/div>\n<p> <embed type=\"application\/x-shockwave-flash\" src=\"https:\/\/photos.gstatic.com\/media\/slideshow.swf\" width=\"600\" height=\"400\" flashvars=\"host=picasaweb.google.com&amp;hl=es&amp;feat=flashalbum&amp;RGB=0x000000&amp;feed=https%3A%2F%2Fpicasaweb.google.com%2Fdata%2Ffeed%2Fapi%2Fuser%2F110759829137241319407%2Falbumid%2F6090094370891673633%3Falt%3Drss%26kind%3Dphoto%26authkey%3DGv1sRgCJu_pde9x9qx2gE%26hl%3Des\" pluginspage=\"http:\/\/www.macromedia.com\/go\/getflashplayer\"><\/embed><\/p>\n","protected":false},"excerpt":{"rendered":"<p>D\u00cdA DE LA CONSTITUCI\u00d3N El pasado viernes 5 de Diciembre celebramos en la E.I. Cruz de Ju\u00e1rez el 36 aniversario de nuestra Constituci\u00f3n. Durante esa jornada en las tutor\u00edas se habl\u00f3 de la Carta Magna y se realizaron trabajos alusivos al tema. A la una de la tarde concluimos la celebraci\u00f3n con la audici\u00f3n de &hellip; <\/p>\n<p><a class=\"more-link btn\" href=\"https:\/\/blogsaverroes.juntadeandalucia.es\/eicruzdejuarez\/2014\/12\/07\/317\/\">Seguir leyendo<\/a><\/p>\n","protected":false},"author":1,"featured_media":0,"comment_status":"open","ping_status":"open","sticky":false,"template":"","format":"standard","meta":{"ngg_post_thumbnail":0,"footnotes":""},"categories":[11909],"tags":[],"aioseo_notices":[],"_links":{"self":[{"href":"https:\/\/blogsaverroes.juntadeandalucia.es\/eicruzdejuarez\/wp-json\/wp\/v2\/posts\/317"}],"collection":[{"href":"https:\/\/blogsaverroes.juntadeandalucia.es\/eicruzdejuarez\/wp-json\/wp\/v2\/posts"}],"about":[{"href":"https:\/\/blogsaverroes.juntadeandalucia.es\/eicruzdejuarez\/wp-json\/wp\/v2\/types\/post"}],"author":[{"embeddable":true,"href":"https:\/\/blogsaverroes.juntadeandalucia.es\/eicruzdejuarez\/wp-json\/wp\/v2\/users\/1"}],"replies":[{"embeddable":true,"href":"https:\/\/blogsaverroes.juntadeandalucia.es\/eicruzdejuarez\/wp-json\/wp\/v2\/comments?post=317"}],"version-history":[{"count":0,"href":"https:\/\/blogsaverroes.juntadeandalucia.es\/eicruzdejuarez\/wp-json\/wp\/v2\/posts\/317\/revisions"}],"wp:attachment":[{"href":"https:\/\/blogsaverroes.juntadeandalucia.es\/eicruzdejuarez\/wp-json\/wp\/v2\/media?parent=317"}],"wp:term":[{"taxonomy":"category","embeddable":true,"href":"https:\/\/blogsaverroes.juntadeandalucia.es\/eicruzdejuarez\/wp-json\/wp\/v2\/categories?post=317"},{"taxonomy":"post_tag","embeddable":true,"href":"https:\/\/blogsaverroes.juntadeandalucia.es\/eicruzdejuarez\/wp-json\/wp\/v2\/tags?post=317"}],"curies":[{"name":"wp","href":"https:\/\/api.w.org\/{rel}","templated":true}]}}