{"id":364,"date":"2013-12-15T19:58:00","date_gmt":"2013-12-15T19:58:00","guid":{"rendered":"https:\/\/blogsaverroes.juntadeandalucia.es\/eicruzdejuarez\/2013\/12\/15\/"},"modified":"2013-12-15T19:58:00","modified_gmt":"2013-12-15T19:58:00","slug":"364","status":"publish","type":"post","link":"https:\/\/blogsaverroes.juntadeandalucia.es\/eicruzdejuarez\/2013\/12\/15\/364\/","title":{"rendered":""},"content":{"rendered":"<div style=\"text-align: center\"><b><u><i>NUESTRO BEL\u00c9N<\/i><\/u><\/b><\/div>\n<div style=\"text-align: center\"><\/div>\n<div style=\"text-align: justify\">Por fin parece que va llegando la Navidad. Durante la semana pasada y la anterior un grupo de padres\/madres han ido montando el escenario de nuestro tradicional Bel\u00e9n. Tambi\u00e9n gracias a las madres colaboradoras se han decorado los espacios comunes con motivos navide\u00f1os, adem\u00e1s de la entrada del Colegio con luminosos y con un sencillo \u00e1rbol de Navidad.<\/div>\n<div style=\"text-align: justify\">Desde aqu\u00ed queremos agradecer a esas madres, hermanas, etc.. que nos han ayudado a que el Colegio est\u00e9 ambientado para estas fechas.<\/div>\n<div style=\"text-align: justify\">Todos los ni\u00f1os y ni\u00f1as del Centro, ayudados por sus padres y madres han realizado las figuritas del Bel\u00e9n donde ellos son los protagonistas al ponerle cara a cada personaje. Estrellas, pastores&#8230;.. estas personalizados con las caras de los ni\u00f1os y ni\u00f1as. Os invitamos a verlo cuando asist\u00e1is durante esta semana a las fiestas de las tutor\u00edas; mientras tanto aqu\u00ed pod\u00e9is ver un adelanto.<\/div>\n<div style=\"text-align: justify\"><\/div>\n<div style=\"text-align: justify\"><\/div>\n<p> <embed type=\"application\/x-shockwave-flash\" src=\"https:\/\/static.googleusercontent.com\/external_content\/picasaweb.googleusercontent.com\/slideshow.swf\" width=\"600\" height=\"400\" flashvars=\"host=picasaweb.google.com&amp;hl=es&amp;feat=flashalbum&amp;RGB=0x000000&amp;feed=https%3A%2F%2Fpicasaweb.google.com%2Fdata%2Ffeed%2Fapi%2Fuser%2F110759829137241319407%2Falbumid%2F5957709643808752689%3Falt%3Drss%26kind%3Dphoto%26authkey%3DGv1sRgCMyA9q_vzPf8vgE%26hl%3Des\" pluginspage=\"http:\/\/www.macromedia.com\/go\/getflashplayer\"><\/embed><\/p>\n","protected":false},"excerpt":{"rendered":"<p>NUESTRO BEL\u00c9N Por fin parece que va llegando la Navidad. Durante la semana pasada y la anterior un grupo de padres\/madres han ido montando el escenario de nuestro tradicional Bel\u00e9n. Tambi\u00e9n gracias a las madres colaboradoras se han decorado los espacios comunes con motivos navide\u00f1os, adem\u00e1s de la entrada del Colegio con luminosos y con &hellip; <\/p>\n<p><a class=\"more-link btn\" href=\"https:\/\/blogsaverroes.juntadeandalucia.es\/eicruzdejuarez\/2013\/12\/15\/364\/\">Seguir leyendo<\/a><\/p>\n","protected":false},"author":1,"featured_media":0,"comment_status":"open","ping_status":"open","sticky":false,"template":"","format":"standard","meta":{"ngg_post_thumbnail":0,"footnotes":""},"categories":[11909],"tags":[],"aioseo_notices":[],"_links":{"self":[{"href":"https:\/\/blogsaverroes.juntadeandalucia.es\/eicruzdejuarez\/wp-json\/wp\/v2\/posts\/364"}],"collection":[{"href":"https:\/\/blogsaverroes.juntadeandalucia.es\/eicruzdejuarez\/wp-json\/wp\/v2\/posts"}],"about":[{"href":"https:\/\/blogsaverroes.juntadeandalucia.es\/eicruzdejuarez\/wp-json\/wp\/v2\/types\/post"}],"author":[{"embeddable":true,"href":"https:\/\/blogsaverroes.juntadeandalucia.es\/eicruzdejuarez\/wp-json\/wp\/v2\/users\/1"}],"replies":[{"embeddable":true,"href":"https:\/\/blogsaverroes.juntadeandalucia.es\/eicruzdejuarez\/wp-json\/wp\/v2\/comments?post=364"}],"version-history":[{"count":0,"href":"https:\/\/blogsaverroes.juntadeandalucia.es\/eicruzdejuarez\/wp-json\/wp\/v2\/posts\/364\/revisions"}],"wp:attachment":[{"href":"https:\/\/blogsaverroes.juntadeandalucia.es\/eicruzdejuarez\/wp-json\/wp\/v2\/media?parent=364"}],"wp:term":[{"taxonomy":"category","embeddable":true,"href":"https:\/\/blogsaverroes.juntadeandalucia.es\/eicruzdejuarez\/wp-json\/wp\/v2\/categories?post=364"},{"taxonomy":"post_tag","embeddable":true,"href":"https:\/\/blogsaverroes.juntadeandalucia.es\/eicruzdejuarez\/wp-json\/wp\/v2\/tags?post=364"}],"curies":[{"name":"wp","href":"https:\/\/api.w.org\/{rel}","templated":true}]}}