{"id":381,"date":"2013-05-22T19:42:00","date_gmt":"2013-05-22T19:42:00","guid":{"rendered":"https:\/\/blogsaverroes.juntadeandalucia.es\/eicruzdejuarez\/2013\/05\/22\/"},"modified":"2013-05-22T19:42:00","modified_gmt":"2013-05-22T19:42:00","slug":"381","status":"publish","type":"post","link":"https:\/\/blogsaverroes.juntadeandalucia.es\/eicruzdejuarez\/2013\/05\/22\/381\/","title":{"rendered":""},"content":{"rendered":"<div style=\"text-align: center\"><b><u><span style=\"font-size: large\">COMUNICADO<\/span><\/u><\/b><\/div>\n<div style=\"text-align: left\"><b><u><br \/><\/u><\/b><\/div>\n<div style=\"text-align: left\">A todos los miembros de la Comunidad Educativa de la E.E.I. CRUZ DE JU\u00c1REZ:<\/div>\n<div style=\"text-align: justify\">Como todos&nbsp;sab\u00e9is&nbsp;desde principios del mes de marzo las goteras en el Centro han sido la preocupaci\u00f3n de todos\/as. Tanto desde el Centro como desde la AMPA hemos estado poniendo en conocimiento de la Delegaci\u00f3n de Educaci\u00f3n esta situaci\u00f3n &nbsp;con todos los medios a nuestros alcance.<\/div>\n<div style=\"text-align: justify\">Todas las gestiones realizadas por fin han dado su fruto y el pasado jueves recibimos comunicaci\u00f3n telef\u00f3nica del Gerente de ISE Andaluc\u00eda en la que se nos comunicaba la aprobaci\u00f3n de las obras.<\/div>\n<div style=\"text-align: justify\">El pasado lunes, d\u00eda 20 de Mayo, se person\u00f3 en el Centro un arquitecto de ISE el cual certific\u00f3 la seguridad de las clases. A continuaci\u00f3n, a las 13 horas, el Gerente de ISE Andaluc\u00eda se reuni\u00f3 con representantes de los padres y el director; en dicha reuni\u00f3n &nbsp;detall\u00f3 las obras a realizar as\u00ed como los plazos aproximados.<\/div>\n<div style=\"text-align: justify\">Las obras comenzar\u00e1n, casi con seguridad, antes de que termine el curso &nbsp;y en las zonas donde no se moleste la actividad docente.<\/div>\n<div style=\"text-align: justify\">Dichas obras consistir\u00e1n en:<\/div>\n<div style=\"text-align: justify\">1.- Impermeabilizaci\u00f3n de las cubiertas<\/div>\n<div style=\"text-align: justify\">2.- Saneamiento y pintura de todas las zonas afectadas<\/div>\n<div style=\"text-align: justify\">3.- Sellado de los ventanales de la galer\u00eda.<\/div>\n<div style=\"text-align: justify\">Por \u00faltimo, otro tema que nos preocupa es el de las manchas de moho que tienen las dos clases m\u00e1s afectadas. A este respecto desde la direcci\u00f3n estamos haciendo todas las gestiones oportunas ante el Ayuntamiento para que proceda a la limpieza de moho de dichas clases.&nbsp;<\/div>\n<div style=\"text-align: justify\">Por \u00faltimo, si&nbsp;necesit\u00e1is&nbsp;cualquier aclaraci\u00f3n la puerta del despacho est\u00e1 abierta para todos.<\/div>\n<div style=\"text-align: center\">Un Saludo<\/div>\n<div style=\"text-align: center\">El Director<\/div>\n","protected":false},"excerpt":{"rendered":"<p>COMUNICADO A todos los miembros de la Comunidad Educativa de la E.E.I. CRUZ DE JU\u00c1REZ: Como todos&nbsp;sab\u00e9is&nbsp;desde principios del mes de marzo las goteras en el Centro han sido la preocupaci\u00f3n de todos\/as. Tanto desde el Centro como desde la AMPA hemos estado poniendo en conocimiento de la Delegaci\u00f3n de Educaci\u00f3n esta situaci\u00f3n &nbsp;con todos &hellip; <\/p>\n<p><a class=\"more-link btn\" href=\"https:\/\/blogsaverroes.juntadeandalucia.es\/eicruzdejuarez\/2013\/05\/22\/381\/\">Seguir leyendo<\/a><\/p>\n","protected":false},"author":1,"featured_media":0,"comment_status":"open","ping_status":"open","sticky":false,"template":"","format":"standard","meta":{"ngg_post_thumbnail":0,"footnotes":""},"categories":[11909],"tags":[],"aioseo_notices":[],"_links":{"self":[{"href":"https:\/\/blogsaverroes.juntadeandalucia.es\/eicruzdejuarez\/wp-json\/wp\/v2\/posts\/381"}],"collection":[{"href":"https:\/\/blogsaverroes.juntadeandalucia.es\/eicruzdejuarez\/wp-json\/wp\/v2\/posts"}],"about":[{"href":"https:\/\/blogsaverroes.juntadeandalucia.es\/eicruzdejuarez\/wp-json\/wp\/v2\/types\/post"}],"author":[{"embeddable":true,"href":"https:\/\/blogsaverroes.juntadeandalucia.es\/eicruzdejuarez\/wp-json\/wp\/v2\/users\/1"}],"replies":[{"embeddable":true,"href":"https:\/\/blogsaverroes.juntadeandalucia.es\/eicruzdejuarez\/wp-json\/wp\/v2\/comments?post=381"}],"version-history":[{"count":0,"href":"https:\/\/blogsaverroes.juntadeandalucia.es\/eicruzdejuarez\/wp-json\/wp\/v2\/posts\/381\/revisions"}],"wp:attachment":[{"href":"https:\/\/blogsaverroes.juntadeandalucia.es\/eicruzdejuarez\/wp-json\/wp\/v2\/media?parent=381"}],"wp:term":[{"taxonomy":"category","embeddable":true,"href":"https:\/\/blogsaverroes.juntadeandalucia.es\/eicruzdejuarez\/wp-json\/wp\/v2\/categories?post=381"},{"taxonomy":"post_tag","embeddable":true,"href":"https:\/\/blogsaverroes.juntadeandalucia.es\/eicruzdejuarez\/wp-json\/wp\/v2\/tags?post=381"}],"curies":[{"name":"wp","href":"https:\/\/api.w.org\/{rel}","templated":true}]}}