{"id":390,"date":"2013-03-23T12:28:00","date_gmt":"2013-03-23T12:28:00","guid":{"rendered":"https:\/\/blogsaverroes.juntadeandalucia.es\/eicruzdejuarez\/2013\/03\/23\/"},"modified":"2013-03-23T12:28:00","modified_gmt":"2013-03-23T12:28:00","slug":"390","status":"publish","type":"post","link":"https:\/\/blogsaverroes.juntadeandalucia.es\/eicruzdejuarez\/2013\/03\/23\/390\/","title":{"rendered":""},"content":{"rendered":"<div style=\"text-align: center\"><b><i><u>COFRAD\u00cdA DE LA BORRIQUITA DE ANTARES<\/u><\/i><\/b><\/div>\n<div style=\"text-align: left\"><b><i><u><br \/><\/u><\/i><\/b><\/div>\n<div style=\"text-align: left\"><b><i><u><br \/><\/u><\/i><\/b><\/div>\n<div style=\"text-align: left\">A pesar de la lluvia la \u00abvaliente\u00bb Cofrad\u00eda de la Borriquita cumpli\u00f3 su tradicional \u00abestaci\u00f3n de penitencia\u00bb en la E.E.I. CRUZ DE&nbsp;JU\u00c1REZ.<\/div>\n<div style=\"text-align: left\">Entrando en carrera oficial comenz\u00f3 a llover fuertemente; sin embargo, sin perder la compostura lograron acceder al interior de la E. Cruz de Ju\u00e1rez. Dentro se cumpli\u00f3 la tradici\u00f3n de intercambio de flores y firma de los Libros de Acta de las Hermandades y viendo que el tiempo no mejoraba, se&nbsp;decidi\u00f3&nbsp;suspender&nbsp;all\u00ed la Procesi\u00f3n.<\/div>\n<div style=\"text-align: left\">Desde este blog damos la enhorabuena a esta Cofrad\u00eda, que a\u00f1o a a\u00f1o se supera y esperamos contar con ella el pr\u00f3ximo a\u00f1o.<\/div>\n<div style=\"text-align: left\"><\/div>\n<p><embed type=\"application\/x-shockwave-flash\" src=\"https:\/\/picasaweb.google.com\/s\/c\/bin\/slideshow.swf\" width=\"600\" height=\"400\" flashvars=\"host=picasaweb.google.com&amp;hl=es&amp;feat=flashalbum&amp;RGB=0x000000&amp;feed=https%3A%2F%2Fpicasaweb.google.com%2Fdata%2Ffeed%2Fapi%2Fuser%2F110759829137241319407%2Falbumid%2F5858512410087114049%3Falt%3Drss%26kind%3Dphoto%26authkey%3DGv1sRgCL7L8a2Tu6HVBQ%26hl%3Des\" pluginspage=\"http:\/\/www.macromedia.com\/go\/getflashplayer\"><\/embed><\/p>\n","protected":false},"excerpt":{"rendered":"<p>COFRAD\u00cdA DE LA BORRIQUITA DE ANTARES A pesar de la lluvia la \u00abvaliente\u00bb Cofrad\u00eda de la Borriquita cumpli\u00f3 su tradicional \u00abestaci\u00f3n de penitencia\u00bb en la E.E.I. CRUZ DE&nbsp;JU\u00c1REZ. Entrando en carrera oficial comenz\u00f3 a llover fuertemente; sin embargo, sin perder la compostura lograron acceder al interior de la E. Cruz de Ju\u00e1rez. Dentro se cumpli\u00f3 &hellip; <\/p>\n<p><a class=\"more-link btn\" href=\"https:\/\/blogsaverroes.juntadeandalucia.es\/eicruzdejuarez\/2013\/03\/23\/390\/\">Seguir leyendo<\/a><\/p>\n","protected":false},"author":1,"featured_media":0,"comment_status":"open","ping_status":"open","sticky":false,"template":"","format":"standard","meta":{"ngg_post_thumbnail":0,"footnotes":""},"categories":[11909],"tags":[],"aioseo_notices":[],"_links":{"self":[{"href":"https:\/\/blogsaverroes.juntadeandalucia.es\/eicruzdejuarez\/wp-json\/wp\/v2\/posts\/390"}],"collection":[{"href":"https:\/\/blogsaverroes.juntadeandalucia.es\/eicruzdejuarez\/wp-json\/wp\/v2\/posts"}],"about":[{"href":"https:\/\/blogsaverroes.juntadeandalucia.es\/eicruzdejuarez\/wp-json\/wp\/v2\/types\/post"}],"author":[{"embeddable":true,"href":"https:\/\/blogsaverroes.juntadeandalucia.es\/eicruzdejuarez\/wp-json\/wp\/v2\/users\/1"}],"replies":[{"embeddable":true,"href":"https:\/\/blogsaverroes.juntadeandalucia.es\/eicruzdejuarez\/wp-json\/wp\/v2\/comments?post=390"}],"version-history":[{"count":0,"href":"https:\/\/blogsaverroes.juntadeandalucia.es\/eicruzdejuarez\/wp-json\/wp\/v2\/posts\/390\/revisions"}],"wp:attachment":[{"href":"https:\/\/blogsaverroes.juntadeandalucia.es\/eicruzdejuarez\/wp-json\/wp\/v2\/media?parent=390"}],"wp:term":[{"taxonomy":"category","embeddable":true,"href":"https:\/\/blogsaverroes.juntadeandalucia.es\/eicruzdejuarez\/wp-json\/wp\/v2\/categories?post=390"},{"taxonomy":"post_tag","embeddable":true,"href":"https:\/\/blogsaverroes.juntadeandalucia.es\/eicruzdejuarez\/wp-json\/wp\/v2\/tags?post=390"}],"curies":[{"name":"wp","href":"https:\/\/api.w.org\/{rel}","templated":true}]}}