{"id":391,"date":"2013-03-22T21:23:00","date_gmt":"2013-03-22T21:23:00","guid":{"rendered":"https:\/\/blogsaverroes.juntadeandalucia.es\/eicruzdejuarez\/2013\/03\/22\/"},"modified":"2013-03-22T21:23:00","modified_gmt":"2013-03-22T21:23:00","slug":"391","status":"publish","type":"post","link":"https:\/\/blogsaverroes.juntadeandalucia.es\/eicruzdejuarez\/2013\/03\/22\/391\/","title":{"rendered":""},"content":{"rendered":"<div style=\"text-align: center\"><b><i><u>SUSPENDIDA LA PROCESI\u00d3N<\/u><\/i><\/b><\/div>\n<div style=\"text-align: left\"><\/div>\n<div style=\"text-align: left\"><\/div>\n<div style=\"text-align: justify\">Por primera vez en much\u00edsimos a\u00f1os nos hemos visto obligados por la lluvia a suspender nuestra Procesi\u00f3n de Semana Santa.<\/div>\n<div style=\"text-align: justify\">Con todo preparado la lluvia hizo acto de presencia y, aunque esperamos un tiempo prudencial, viendo que no cesaba se opt\u00f3 por suspenderla.<\/div>\n<div style=\"text-align: justify\">Gracias a todos\/as por vuestra colaboraci\u00f3n en la organizaci\u00f3n &nbsp;y, sobre todo, a los ni\u00f1os y ni\u00f1as de nuestra escuela por la ilusi\u00f3n con que la han preparado y a las \u00abse\u00f1os\u00bb por todo cuanto han hecho a diario para que esta actividad resultase perfecta.<br \/>Por supuesto, mill\u00f3n de gracias a la se\u00f1o Mar\u00eda Jes\u00fas, por superarse, a\u00f1o tras a\u00f1o, en la organizaci\u00f3n general de la actividad.<\/div>\n<div style=\"text-align: justify\">Y, por ultimo, &nbsp;gracias a todos\/as los padres, madres, abuelos, abuelas, alumnos y alumnas de otros colegios, vecinos del barrio&#8230;&#8230; Vuestra presencia esta ma\u00f1ana nos da fuerzas para prepararla con m\u00e1s ilusi\u00f3n, si cabe, el pr\u00f3ximo a\u00f1o.<\/div>\n<div style=\"text-align: justify\"><\/div>\n<div style=\"text-align: center\">El Director<\/div>\n<div style=\"text-align: center\"><\/div>\n<div style=\"clear: both;text-align: center\"><a href=\"http:\/\/2.bp.blogspot.com\/-Vp_OtpLdNVk\/UUzLy71V05I\/AAAAAAAAEhY\/_gdW7dwnFNA\/s1600\/IMGP6754.JPG\" style=\"margin-left: 1em;margin-right: 1em\"><img loading=\"lazy\" decoding=\"async\" border=\"0\" height=\"640\" src=\"http:\/\/2.bp.blogspot.com\/-Vp_OtpLdNVk\/UUzLy71V05I\/AAAAAAAAEhY\/_gdW7dwnFNA\/s640\/IMGP6754.JPG\" width=\"480\" \/><\/a><\/div>\n<div style=\"text-align: center\"><\/div>\n","protected":false},"excerpt":{"rendered":"<p>SUSPENDIDA LA PROCESI\u00d3N Por primera vez en much\u00edsimos a\u00f1os nos hemos visto obligados por la lluvia a suspender nuestra Procesi\u00f3n de Semana Santa. Con todo preparado la lluvia hizo acto de presencia y, aunque esperamos un tiempo prudencial, viendo que no cesaba se opt\u00f3 por suspenderla. Gracias a todos\/as por vuestra colaboraci\u00f3n en la organizaci\u00f3n &hellip; <\/p>\n<p><a class=\"more-link btn\" href=\"https:\/\/blogsaverroes.juntadeandalucia.es\/eicruzdejuarez\/2013\/03\/22\/391\/\">Seguir leyendo<\/a><\/p>\n","protected":false},"author":1,"featured_media":0,"comment_status":"open","ping_status":"open","sticky":false,"template":"","format":"standard","meta":{"ngg_post_thumbnail":0,"footnotes":""},"categories":[11909],"tags":[],"aioseo_notices":[],"_links":{"self":[{"href":"https:\/\/blogsaverroes.juntadeandalucia.es\/eicruzdejuarez\/wp-json\/wp\/v2\/posts\/391"}],"collection":[{"href":"https:\/\/blogsaverroes.juntadeandalucia.es\/eicruzdejuarez\/wp-json\/wp\/v2\/posts"}],"about":[{"href":"https:\/\/blogsaverroes.juntadeandalucia.es\/eicruzdejuarez\/wp-json\/wp\/v2\/types\/post"}],"author":[{"embeddable":true,"href":"https:\/\/blogsaverroes.juntadeandalucia.es\/eicruzdejuarez\/wp-json\/wp\/v2\/users\/1"}],"replies":[{"embeddable":true,"href":"https:\/\/blogsaverroes.juntadeandalucia.es\/eicruzdejuarez\/wp-json\/wp\/v2\/comments?post=391"}],"version-history":[{"count":0,"href":"https:\/\/blogsaverroes.juntadeandalucia.es\/eicruzdejuarez\/wp-json\/wp\/v2\/posts\/391\/revisions"}],"wp:attachment":[{"href":"https:\/\/blogsaverroes.juntadeandalucia.es\/eicruzdejuarez\/wp-json\/wp\/v2\/media?parent=391"}],"wp:term":[{"taxonomy":"category","embeddable":true,"href":"https:\/\/blogsaverroes.juntadeandalucia.es\/eicruzdejuarez\/wp-json\/wp\/v2\/categories?post=391"},{"taxonomy":"post_tag","embeddable":true,"href":"https:\/\/blogsaverroes.juntadeandalucia.es\/eicruzdejuarez\/wp-json\/wp\/v2\/tags?post=391"}],"curies":[{"name":"wp","href":"https:\/\/api.w.org\/{rel}","templated":true}]}}