{"id":397,"date":"2013-03-10T01:24:00","date_gmt":"2013-03-10T01:24:00","guid":{"rendered":"https:\/\/blogsaverroes.juntadeandalucia.es\/eicruzdejuarez\/2013\/03\/10\/"},"modified":"2013-03-10T01:24:00","modified_gmt":"2013-03-10T01:24:00","slug":"397","status":"publish","type":"post","link":"https:\/\/blogsaverroes.juntadeandalucia.es\/eicruzdejuarez\/2013\/03\/10\/397\/","title":{"rendered":""},"content":{"rendered":"<div style=\"text-align: center\"><b><i><u>VISITA A LOS CENTROS ADSCRITOS<\/u><\/i><\/b><\/div>\n<div style=\"text-align: left\"><b><i><u><br \/><\/u><\/i><\/b><\/div>\n<div style=\"text-align: justify\">Durante el mes de Febrero los padres y madres de los alumnos\/as de cinco a\u00f1os visitaron los Colegios a los que nuestra Escuela est\u00e1 adscrita (CEIP NUESTRA SE\u00d1ORA DE LINARES, CEIP HERNAN RUIZ Y CPPR PABLO GARC\u00cdA BAENA). Durante la visita los directores y directoras de dichos Centros nos explicaron las&nbsp;caracter\u00edsticas&nbsp;de los mismos, as\u00ed como los servicios que ofertan y sus proyectos.<\/div>\n<div style=\"text-align: justify\">Estas visitas, que se llevan realizando desde hace varios cursos sirven a los padres y madres para elegir uno de los centros donde sus hijos e hijas&nbsp;contin\u00faen&nbsp;sus estudios de primaria.<\/div>\n<div style=\"text-align: justify\">Desde estas l\u00edneas queremos agradecer a los&nbsp;directores y directora de estos Centros, as\u00ed como a sus equipos directivos las atenciones recibidas.<\/div>\n<div style=\"text-align: justify\"><\/div>\n<div style=\"text-align: justify\"><\/div>\n<p> <embed type=\"application\/x-shockwave-flash\" src=\"https:\/\/picasaweb.google.com\/s\/c\/bin\/slideshow.swf\" width=\"600\" height=\"400\" flashvars=\"host=picasaweb.google.com&amp;hl=es&amp;feat=flashalbum&amp;RGB=0x000000&amp;feed=https%3A%2F%2Fpicasaweb.google.com%2Fdata%2Ffeed%2Fapi%2Fuser%2F110759829137241319407%2Falbumid%2F5853517648356309473%3Falt%3Drss%26kind%3Dphoto%26authkey%3DGv1sRgCIPUocvRu4bQEw%26hl%3Des\" pluginspage=\"http:\/\/www.macromedia.com\/go\/getflashplayer\"><\/embed><\/p>\n","protected":false},"excerpt":{"rendered":"<p>VISITA A LOS CENTROS ADSCRITOS Durante el mes de Febrero los padres y madres de los alumnos\/as de cinco a\u00f1os visitaron los Colegios a los que nuestra Escuela est\u00e1 adscrita (CEIP NUESTRA SE\u00d1ORA DE LINARES, CEIP HERNAN RUIZ Y CPPR PABLO GARC\u00cdA BAENA). Durante la visita los directores y directoras de dichos Centros nos explicaron &hellip; <\/p>\n<p><a class=\"more-link btn\" href=\"https:\/\/blogsaverroes.juntadeandalucia.es\/eicruzdejuarez\/2013\/03\/10\/397\/\">Seguir leyendo<\/a><\/p>\n","protected":false},"author":1,"featured_media":0,"comment_status":"open","ping_status":"open","sticky":false,"template":"","format":"standard","meta":{"ngg_post_thumbnail":0,"footnotes":""},"categories":[11909],"tags":[],"aioseo_notices":[],"_links":{"self":[{"href":"https:\/\/blogsaverroes.juntadeandalucia.es\/eicruzdejuarez\/wp-json\/wp\/v2\/posts\/397"}],"collection":[{"href":"https:\/\/blogsaverroes.juntadeandalucia.es\/eicruzdejuarez\/wp-json\/wp\/v2\/posts"}],"about":[{"href":"https:\/\/blogsaverroes.juntadeandalucia.es\/eicruzdejuarez\/wp-json\/wp\/v2\/types\/post"}],"author":[{"embeddable":true,"href":"https:\/\/blogsaverroes.juntadeandalucia.es\/eicruzdejuarez\/wp-json\/wp\/v2\/users\/1"}],"replies":[{"embeddable":true,"href":"https:\/\/blogsaverroes.juntadeandalucia.es\/eicruzdejuarez\/wp-json\/wp\/v2\/comments?post=397"}],"version-history":[{"count":0,"href":"https:\/\/blogsaverroes.juntadeandalucia.es\/eicruzdejuarez\/wp-json\/wp\/v2\/posts\/397\/revisions"}],"wp:attachment":[{"href":"https:\/\/blogsaverroes.juntadeandalucia.es\/eicruzdejuarez\/wp-json\/wp\/v2\/media?parent=397"}],"wp:term":[{"taxonomy":"category","embeddable":true,"href":"https:\/\/blogsaverroes.juntadeandalucia.es\/eicruzdejuarez\/wp-json\/wp\/v2\/categories?post=397"},{"taxonomy":"post_tag","embeddable":true,"href":"https:\/\/blogsaverroes.juntadeandalucia.es\/eicruzdejuarez\/wp-json\/wp\/v2\/tags?post=397"}],"curies":[{"name":"wp","href":"https:\/\/api.w.org\/{rel}","templated":true}]}}