{"id":404,"date":"2012-12-07T10:40:00","date_gmt":"2012-12-07T10:40:00","guid":{"rendered":"https:\/\/blogsaverroes.juntadeandalucia.es\/eicruzdejuarez\/2012\/12\/07\/"},"modified":"2012-12-07T10:40:00","modified_gmt":"2012-12-07T10:40:00","slug":"404","status":"publish","type":"post","link":"https:\/\/blogsaverroes.juntadeandalucia.es\/eicruzdejuarez\/2012\/12\/07\/404\/","title":{"rendered":""},"content":{"rendered":"<div style=\"text-align: center\"><b><u>D\u00cdA DE LA CONSTITUCI\u00d3N 2012<\/u><\/b><\/div>\n<div style=\"text-align: left\"><b><u><br \/><\/u><\/b><\/div>\n<div style=\"text-align: left\">\n<div style=\"text-align: justify\">El mi\u00e9rcoles 5 de Diciembre celebramos en el cole el treinta y cuatro cumplea\u00f1os de la Constituci\u00f3n Espa\u00f1ola. Tod@s llevamos la cara pintada con los colores de la bandera espa\u00f1ola. En las clases hicimos un mont\u00f3n de actividades sobre la Constituci\u00f3n y en el patio el profe nos cont\u00f3 el cuento de \u00abLa constituci\u00f3n de los animales\u00bb. Despu\u00e9s escuchamos los himnos y subimos las banderas. Para terminar le cantamos el cumplea\u00f1os feliz a la Constituci\u00f3n.<\/div>\n<\/div>\n<div style=\"text-align: left\">\n<div style=\"text-align: justify\"><\/div>\n<\/div>\n<div style=\"text-align: left\"><\/div>\n<p><embed flashvars=\"host=picasaweb.google.com&amp;hl=es&amp;feat=flashalbum&amp;RGB=0x000000&amp;feed=https%3A%2F%2Fpicasaweb.google.com%2Fdata%2Ffeed%2Fapi%2Fuser%2F110759829137241319407%2Falbumid%2F5819151087138418465%3Falt%3Drss%26kind%3Dphoto%26authkey%3DGv1sRgCOjg0JSWqf3sbg%26hl%3Des\" height=\"400\" pluginspage=\"http:\/\/www.macromedia.com\/go\/getflashplayer\" src=\"https:\/\/picasaweb.google.com\/s\/c\/bin\/slideshow.swf\" type=\"application\/x-shockwave-flash\" width=\"600\"><\/embed><\/p>\n","protected":false},"excerpt":{"rendered":"<p>D\u00cdA DE LA CONSTITUCI\u00d3N 2012 El mi\u00e9rcoles 5 de Diciembre celebramos en el cole el treinta y cuatro cumplea\u00f1os de la Constituci\u00f3n Espa\u00f1ola. Tod@s llevamos la cara pintada con los colores de la bandera espa\u00f1ola. En las clases hicimos un mont\u00f3n de actividades sobre la Constituci\u00f3n y en el patio el profe nos cont\u00f3 el &hellip; <\/p>\n<p><a class=\"more-link btn\" href=\"https:\/\/blogsaverroes.juntadeandalucia.es\/eicruzdejuarez\/2012\/12\/07\/404\/\">Seguir leyendo<\/a><\/p>\n","protected":false},"author":1,"featured_media":0,"comment_status":"open","ping_status":"open","sticky":false,"template":"","format":"standard","meta":{"ngg_post_thumbnail":0,"footnotes":""},"categories":[11909],"tags":[],"aioseo_notices":[],"_links":{"self":[{"href":"https:\/\/blogsaverroes.juntadeandalucia.es\/eicruzdejuarez\/wp-json\/wp\/v2\/posts\/404"}],"collection":[{"href":"https:\/\/blogsaverroes.juntadeandalucia.es\/eicruzdejuarez\/wp-json\/wp\/v2\/posts"}],"about":[{"href":"https:\/\/blogsaverroes.juntadeandalucia.es\/eicruzdejuarez\/wp-json\/wp\/v2\/types\/post"}],"author":[{"embeddable":true,"href":"https:\/\/blogsaverroes.juntadeandalucia.es\/eicruzdejuarez\/wp-json\/wp\/v2\/users\/1"}],"replies":[{"embeddable":true,"href":"https:\/\/blogsaverroes.juntadeandalucia.es\/eicruzdejuarez\/wp-json\/wp\/v2\/comments?post=404"}],"version-history":[{"count":0,"href":"https:\/\/blogsaverroes.juntadeandalucia.es\/eicruzdejuarez\/wp-json\/wp\/v2\/posts\/404\/revisions"}],"wp:attachment":[{"href":"https:\/\/blogsaverroes.juntadeandalucia.es\/eicruzdejuarez\/wp-json\/wp\/v2\/media?parent=404"}],"wp:term":[{"taxonomy":"category","embeddable":true,"href":"https:\/\/blogsaverroes.juntadeandalucia.es\/eicruzdejuarez\/wp-json\/wp\/v2\/categories?post=404"},{"taxonomy":"post_tag","embeddable":true,"href":"https:\/\/blogsaverroes.juntadeandalucia.es\/eicruzdejuarez\/wp-json\/wp\/v2\/tags?post=404"}],"curies":[{"name":"wp","href":"https:\/\/api.w.org\/{rel}","templated":true}]}}