{"id":406,"date":"2012-10-20T19:39:00","date_gmt":"2012-10-20T19:39:00","guid":{"rendered":"https:\/\/blogsaverroes.juntadeandalucia.es\/eicruzdejuarez\/2012\/10\/20\/"},"modified":"2012-10-20T19:39:00","modified_gmt":"2012-10-20T19:39:00","slug":"406","status":"publish","type":"post","link":"https:\/\/blogsaverroes.juntadeandalucia.es\/eicruzdejuarez\/2012\/10\/20\/406\/","title":{"rendered":""},"content":{"rendered":"<div style=\"text-align: center\"><u><b>NUESTRO HUERTO<\/b><\/u><\/div>\n<div style=\"text-align: left\"><u><b><br \/><\/b><\/u><\/div>\n<div style=\"text-align: justify\">Nuestro peque\u00f1o Huerto Escolar ha empezado a funcionar este a\u00f1o gracias a la colaboraci\u00f3n del abuelo Jos\u00e9 (el abuelo de Aquiles) que se ha encargado de adecentarlo y &nbsp;plantar con los\/las ni\u00f1os\/as cebollas, lechugas, habas&#8230; El pasado lunes d\u00eda 19 tuvimos una ma\u00f1ana agr\u00edcola en la que todos los alumnos plantaron algo. Desde entonces todos los d\u00edas van a ver si ha crecido lo que han plantado.<\/div>\n<div style=\"text-align: justify\">Desde estas l\u00edneas nuestro agradecimiento al abuelo Pepe.<\/div>\n<div style=\"text-align: left\"><\/div>\n<p><embed type=\"application\/x-shockwave-flash\" src=\"https:\/\/picasaweb.google.com\/s\/c\/bin\/slideshow.swf\" width=\"600\" height=\"400\" flashvars=\"host=picasaweb.google.com&amp;hl=es&amp;feat=flashalbum&amp;RGB=0x000000&amp;feed=https%3A%2F%2Fpicasaweb.google.com%2Fdata%2Ffeed%2Fapi%2Fuser%2F110759829137241319407%2Falbumid%2F5801477561041578817%3Falt%3Drss%26kind%3Dphoto%26authkey%3DGv1sRgCP6V88SnrKLOpwE%26hl%3Des\" pluginspage=\"http:\/\/www.macromedia.com\/go\/getflashplayer\"><\/embed><\/p>\n","protected":false},"excerpt":{"rendered":"<p>NUESTRO HUERTO Nuestro peque\u00f1o Huerto Escolar ha empezado a funcionar este a\u00f1o gracias a la colaboraci\u00f3n del abuelo Jos\u00e9 (el abuelo de Aquiles) que se ha encargado de adecentarlo y &nbsp;plantar con los\/las ni\u00f1os\/as cebollas, lechugas, habas&#8230; El pasado lunes d\u00eda 19 tuvimos una ma\u00f1ana agr\u00edcola en la que todos los alumnos plantaron algo. Desde &hellip; <\/p>\n<p><a class=\"more-link btn\" href=\"https:\/\/blogsaverroes.juntadeandalucia.es\/eicruzdejuarez\/2012\/10\/20\/406\/\">Seguir leyendo<\/a><\/p>\n","protected":false},"author":1,"featured_media":0,"comment_status":"open","ping_status":"open","sticky":false,"template":"","format":"standard","meta":{"ngg_post_thumbnail":0,"footnotes":""},"categories":[11909],"tags":[],"aioseo_notices":[],"_links":{"self":[{"href":"https:\/\/blogsaverroes.juntadeandalucia.es\/eicruzdejuarez\/wp-json\/wp\/v2\/posts\/406"}],"collection":[{"href":"https:\/\/blogsaverroes.juntadeandalucia.es\/eicruzdejuarez\/wp-json\/wp\/v2\/posts"}],"about":[{"href":"https:\/\/blogsaverroes.juntadeandalucia.es\/eicruzdejuarez\/wp-json\/wp\/v2\/types\/post"}],"author":[{"embeddable":true,"href":"https:\/\/blogsaverroes.juntadeandalucia.es\/eicruzdejuarez\/wp-json\/wp\/v2\/users\/1"}],"replies":[{"embeddable":true,"href":"https:\/\/blogsaverroes.juntadeandalucia.es\/eicruzdejuarez\/wp-json\/wp\/v2\/comments?post=406"}],"version-history":[{"count":0,"href":"https:\/\/blogsaverroes.juntadeandalucia.es\/eicruzdejuarez\/wp-json\/wp\/v2\/posts\/406\/revisions"}],"wp:attachment":[{"href":"https:\/\/blogsaverroes.juntadeandalucia.es\/eicruzdejuarez\/wp-json\/wp\/v2\/media?parent=406"}],"wp:term":[{"taxonomy":"category","embeddable":true,"href":"https:\/\/blogsaverroes.juntadeandalucia.es\/eicruzdejuarez\/wp-json\/wp\/v2\/categories?post=406"},{"taxonomy":"post_tag","embeddable":true,"href":"https:\/\/blogsaverroes.juntadeandalucia.es\/eicruzdejuarez\/wp-json\/wp\/v2\/tags?post=406"}],"curies":[{"name":"wp","href":"https:\/\/api.w.org\/{rel}","templated":true}]}}