{"id":408,"date":"2012-06-20T21:48:00","date_gmt":"2012-06-20T21:48:00","guid":{"rendered":"https:\/\/blogsaverroes.juntadeandalucia.es\/eicruzdejuarez\/2012\/06\/20\/"},"modified":"2012-06-20T21:48:00","modified_gmt":"2012-06-20T21:48:00","slug":"408","status":"publish","type":"post","link":"https:\/\/blogsaverroes.juntadeandalucia.es\/eicruzdejuarez\/2012\/06\/20\/408\/","title":{"rendered":""},"content":{"rendered":"<div style=\"text-align: center\"><b><u>SEMANA SANTA 2012<\/u><\/b><\/div>\n<div style=\"text-align: left\"><b><u><br \/><\/u><\/b><\/div>\n<div style=\"text-align: left\">Este a\u00f1o debido a problemas ajenos a nuestra voluntad no hemos editado el DVD del desfile procesional. Como sabemos que son muchos los padres y madres que les gusta tener estas fotograf\u00edas, hemos colagado en el blog dos&nbsp;\u00e1lbumes&nbsp;&nbsp;de este evento. Esperamos el&nbsp;pr\u00f3ximo&nbsp;a\u00f1o volver a editar el DVD.<\/div>\n<div style=\"text-align: left\"><\/div>\n<div style=\"text-align: left\"><\/div>\n<p><embed type=\"application\/x-shockwave-flash\" src=\"https:\/\/picasaweb.google.com\/s\/c\/bin\/slideshow.swf\" width=\"600\" height=\"400\" flashvars=\"host=picasaweb.google.com&amp;hl=es&amp;feat=flashalbum&amp;RGB=0x000000&amp;feed=https%3A%2F%2Fpicasaweb.google.com%2Fdata%2Ffeed%2Fapi%2Fuser%2Fcolegiocj1%2Falbumid%2F5756237204758677073%3Falt%3Drss%26kind%3Dphoto%26authkey%3DGv1sRgCOPSssjh1p6MxwE%26hl%3Des\" pluginspage=\"http:\/\/www.macromedia.com\/go\/getflashplayer\"><\/embed><\/p>\n","protected":false},"excerpt":{"rendered":"<p>SEMANA SANTA 2012 Este a\u00f1o debido a problemas ajenos a nuestra voluntad no hemos editado el DVD del desfile procesional. Como sabemos que son muchos los padres y madres que les gusta tener estas fotograf\u00edas, hemos colagado en el blog dos&nbsp;\u00e1lbumes&nbsp;&nbsp;de este evento. Esperamos el&nbsp;pr\u00f3ximo&nbsp;a\u00f1o volver a editar el DVD.<\/p>\n","protected":false},"author":1,"featured_media":0,"comment_status":"open","ping_status":"open","sticky":false,"template":"","format":"standard","meta":{"ngg_post_thumbnail":0,"footnotes":""},"categories":[11909],"tags":[],"aioseo_notices":[],"_links":{"self":[{"href":"https:\/\/blogsaverroes.juntadeandalucia.es\/eicruzdejuarez\/wp-json\/wp\/v2\/posts\/408"}],"collection":[{"href":"https:\/\/blogsaverroes.juntadeandalucia.es\/eicruzdejuarez\/wp-json\/wp\/v2\/posts"}],"about":[{"href":"https:\/\/blogsaverroes.juntadeandalucia.es\/eicruzdejuarez\/wp-json\/wp\/v2\/types\/post"}],"author":[{"embeddable":true,"href":"https:\/\/blogsaverroes.juntadeandalucia.es\/eicruzdejuarez\/wp-json\/wp\/v2\/users\/1"}],"replies":[{"embeddable":true,"href":"https:\/\/blogsaverroes.juntadeandalucia.es\/eicruzdejuarez\/wp-json\/wp\/v2\/comments?post=408"}],"version-history":[{"count":0,"href":"https:\/\/blogsaverroes.juntadeandalucia.es\/eicruzdejuarez\/wp-json\/wp\/v2\/posts\/408\/revisions"}],"wp:attachment":[{"href":"https:\/\/blogsaverroes.juntadeandalucia.es\/eicruzdejuarez\/wp-json\/wp\/v2\/media?parent=408"}],"wp:term":[{"taxonomy":"category","embeddable":true,"href":"https:\/\/blogsaverroes.juntadeandalucia.es\/eicruzdejuarez\/wp-json\/wp\/v2\/categories?post=408"},{"taxonomy":"post_tag","embeddable":true,"href":"https:\/\/blogsaverroes.juntadeandalucia.es\/eicruzdejuarez\/wp-json\/wp\/v2\/tags?post=408"}],"curies":[{"name":"wp","href":"https:\/\/api.w.org\/{rel}","templated":true}]}}