{"id":411,"date":"2012-05-08T18:57:00","date_gmt":"2012-05-08T18:57:00","guid":{"rendered":"https:\/\/blogsaverroes.juntadeandalucia.es\/eicruzdejuarez\/2012\/05\/08\/"},"modified":"2012-05-08T18:57:00","modified_gmt":"2012-05-08T18:57:00","slug":"411","status":"publish","type":"post","link":"https:\/\/blogsaverroes.juntadeandalucia.es\/eicruzdejuarez\/2012\/05\/08\/411\/","title":{"rendered":""},"content":{"rendered":"<div style=\"text-align: center\"><b><u>Mayo Cordob\u00e9s en la E.E.I. Cruz de Ju\u00e1rez<\/u><\/b><\/div>\n<div style=\"text-align: justify\"><b><u><br \/><\/u><\/b><\/div>\n<div style=\"text-align: justify\">Por fin ha llegado el mes de Mayo y en nuestra Escuela se refleja todo el ambiente de C\u00f3rdoba en Mayo; nuestra Cruz, nuestro patio, nuestro pedacito de Feria se encuentra en el patio interior del Centro. Se puede visitar seg\u00fan el horario que se encuentra en la entrada principal.<\/div>\n<div style=\"text-align: justify\">Han colaborado en su realizaci\u00f3n toda la comunidad educativa, as\u00ed como alumnas de la E.U.M. Sagrado Coraz\u00f3n, esperando que todos&nbsp;disfrut\u00e9is&nbsp;con \u00e9l.<\/div>\n<div style=\"text-align: justify\">Por \u00faltimo recordar que el horario para la Batalla de Flores es el viernes a partir de las 12\u00b445. \u00a1Os esperamos!<\/div>\n<div style=\"text-align: justify\">&nbsp; &nbsp; &nbsp; &nbsp; &nbsp; &nbsp; &nbsp; &nbsp; &nbsp; &nbsp; &nbsp; &nbsp; &nbsp; &nbsp; &nbsp; &nbsp; &nbsp; &nbsp; &nbsp; &nbsp; &nbsp; &nbsp; &nbsp; &nbsp; &nbsp; &nbsp; &nbsp; &nbsp; &nbsp; &nbsp; Feliz Mes de Mayo para tod@s<\/div>\n<div style=\"text-align: justify\"><\/div>\n<div style=\"text-align: justify\"><\/div>\n<p><embed type=\"application\/x-shockwave-flash\" src=\"https:\/\/picasaweb.google.com\/s\/c\/bin\/slideshow.swf\" width=\"600\" height=\"400\" flashvars=\"host=picasaweb.google.com&amp;hl=es&amp;feat=flashalbum&amp;RGB=0x000000&amp;feed=https%3A%2F%2Fpicasaweb.google.com%2Fdata%2Ffeed%2Fapi%2Fuser%2Fcolegiocj1%2Falbumid%2F5740238048248043137%3Falt%3Drss%26kind%3Dphoto%26authkey%3DGv1sRgCNm44ZiwnvKM9AE%26hl%3Des\" pluginspage=\"http:\/\/www.macromedia.com\/go\/getflashplayer\"><\/embed><\/p>\n","protected":false},"excerpt":{"rendered":"<p>Mayo Cordob\u00e9s en la E.E.I. Cruz de Ju\u00e1rez Por fin ha llegado el mes de Mayo y en nuestra Escuela se refleja todo el ambiente de C\u00f3rdoba en Mayo; nuestra Cruz, nuestro patio, nuestro pedacito de Feria se encuentra en el patio interior del Centro. Se puede visitar seg\u00fan el horario que se encuentra en &hellip; <\/p>\n<p><a class=\"more-link btn\" href=\"https:\/\/blogsaverroes.juntadeandalucia.es\/eicruzdejuarez\/2012\/05\/08\/411\/\">Seguir leyendo<\/a><\/p>\n","protected":false},"author":1,"featured_media":0,"comment_status":"open","ping_status":"open","sticky":false,"template":"","format":"standard","meta":{"ngg_post_thumbnail":0,"footnotes":""},"categories":[11909],"tags":[],"aioseo_notices":[],"_links":{"self":[{"href":"https:\/\/blogsaverroes.juntadeandalucia.es\/eicruzdejuarez\/wp-json\/wp\/v2\/posts\/411"}],"collection":[{"href":"https:\/\/blogsaverroes.juntadeandalucia.es\/eicruzdejuarez\/wp-json\/wp\/v2\/posts"}],"about":[{"href":"https:\/\/blogsaverroes.juntadeandalucia.es\/eicruzdejuarez\/wp-json\/wp\/v2\/types\/post"}],"author":[{"embeddable":true,"href":"https:\/\/blogsaverroes.juntadeandalucia.es\/eicruzdejuarez\/wp-json\/wp\/v2\/users\/1"}],"replies":[{"embeddable":true,"href":"https:\/\/blogsaverroes.juntadeandalucia.es\/eicruzdejuarez\/wp-json\/wp\/v2\/comments?post=411"}],"version-history":[{"count":0,"href":"https:\/\/blogsaverroes.juntadeandalucia.es\/eicruzdejuarez\/wp-json\/wp\/v2\/posts\/411\/revisions"}],"wp:attachment":[{"href":"https:\/\/blogsaverroes.juntadeandalucia.es\/eicruzdejuarez\/wp-json\/wp\/v2\/media?parent=411"}],"wp:term":[{"taxonomy":"category","embeddable":true,"href":"https:\/\/blogsaverroes.juntadeandalucia.es\/eicruzdejuarez\/wp-json\/wp\/v2\/categories?post=411"},{"taxonomy":"post_tag","embeddable":true,"href":"https:\/\/blogsaverroes.juntadeandalucia.es\/eicruzdejuarez\/wp-json\/wp\/v2\/tags?post=411"}],"curies":[{"name":"wp","href":"https:\/\/api.w.org\/{rel}","templated":true}]}}