{"id":412,"date":"2012-04-29T18:59:00","date_gmt":"2012-04-29T18:59:00","guid":{"rendered":"https:\/\/blogsaverroes.juntadeandalucia.es\/eicruzdejuarez\/2012\/04\/29\/"},"modified":"2012-04-29T18:59:00","modified_gmt":"2012-04-29T18:59:00","slug":"412","status":"publish","type":"post","link":"https:\/\/blogsaverroes.juntadeandalucia.es\/eicruzdejuarez\/2012\/04\/29\/412\/","title":{"rendered":""},"content":{"rendered":"<div style=\"text-align: center\">Semana Cultural 2012<\/div>\n<div style=\"text-align: justify\">Coincidiendo con el D\u00eda del Libro, 23 de Abril, y recordando la figura del poeta Federico Garc\u00eda Lorca hemos celebrado una semana cultural cuyo eje ha sido el citado poeta.<\/div>\n<div style=\"text-align: justify\">Hemos recibido la visita de pap\u00e1s y&nbsp;mamas&nbsp;para contarnos cuentos (hasta en ingl\u00e9s), tambi\u00e9n nos han ayudado a reparar libros.<\/div>\n<div style=\"text-align: justify\">Unas hadas nos contaron un historia muy bonita sobre lo importantes y entretenidos que son los libros.<\/div>\n<div style=\"text-align: justify\">Tambi\u00e9n llevamos libros al cole para intercambiarlos con&nbsp;nuestros\/as &nbsp;compa\u00f1eros\/as.<\/div>\n<div style=\"text-align: justify\">Un abuelo nos cont\u00f3&nbsp;la historia&nbsp;de Federico Garc\u00eda Lorca, hicimos unos murales de su casa, su familia y, lo mejor de todo, aprendimos&nbsp;poes\u00edas&nbsp;que luego le recitamos a nuestros\/as compa\u00f1eros\/as.<\/div>\n<div style=\"text-align: justify\"><\/div>\n<p> <embed type=\"application\/x-shockwave-flash\" src=\"https:\/\/picasaweb.google.com\/s\/c\/bin\/slideshow.swf\" width=\"600\" height=\"400\" flashvars=\"host=picasaweb.google.com&amp;hl=es&amp;feat=flashalbum&amp;RGB=0x000000&amp;feed=https%3A%2F%2Fpicasaweb.google.com%2Fdata%2Ffeed%2Fapi%2Fuser%2Fcolegiocj1%2Falbumid%2F5736898409456518769%3Falt%3Drss%26kind%3Dphoto%26authkey%3DGv1sRgCN3ey4PqgL_wPQ%26hl%3Des\" pluginspage=\"http:\/\/www.macromedia.com\/go\/getflashplayer\"><\/embed><\/p>\n","protected":false},"excerpt":{"rendered":"<p>Semana Cultural 2012 Coincidiendo con el D\u00eda del Libro, 23 de Abril, y recordando la figura del poeta Federico Garc\u00eda Lorca hemos celebrado una semana cultural cuyo eje ha sido el citado poeta. Hemos recibido la visita de pap\u00e1s y&nbsp;mamas&nbsp;para contarnos cuentos (hasta en ingl\u00e9s), tambi\u00e9n nos han ayudado a reparar libros. Unas hadas nos &hellip; <\/p>\n<p><a class=\"more-link btn\" href=\"https:\/\/blogsaverroes.juntadeandalucia.es\/eicruzdejuarez\/2012\/04\/29\/412\/\">Seguir leyendo<\/a><\/p>\n","protected":false},"author":1,"featured_media":0,"comment_status":"open","ping_status":"open","sticky":false,"template":"","format":"standard","meta":{"ngg_post_thumbnail":0,"footnotes":""},"categories":[11909],"tags":[],"aioseo_notices":[],"_links":{"self":[{"href":"https:\/\/blogsaverroes.juntadeandalucia.es\/eicruzdejuarez\/wp-json\/wp\/v2\/posts\/412"}],"collection":[{"href":"https:\/\/blogsaverroes.juntadeandalucia.es\/eicruzdejuarez\/wp-json\/wp\/v2\/posts"}],"about":[{"href":"https:\/\/blogsaverroes.juntadeandalucia.es\/eicruzdejuarez\/wp-json\/wp\/v2\/types\/post"}],"author":[{"embeddable":true,"href":"https:\/\/blogsaverroes.juntadeandalucia.es\/eicruzdejuarez\/wp-json\/wp\/v2\/users\/1"}],"replies":[{"embeddable":true,"href":"https:\/\/blogsaverroes.juntadeandalucia.es\/eicruzdejuarez\/wp-json\/wp\/v2\/comments?post=412"}],"version-history":[{"count":0,"href":"https:\/\/blogsaverroes.juntadeandalucia.es\/eicruzdejuarez\/wp-json\/wp\/v2\/posts\/412\/revisions"}],"wp:attachment":[{"href":"https:\/\/blogsaverroes.juntadeandalucia.es\/eicruzdejuarez\/wp-json\/wp\/v2\/media?parent=412"}],"wp:term":[{"taxonomy":"category","embeddable":true,"href":"https:\/\/blogsaverroes.juntadeandalucia.es\/eicruzdejuarez\/wp-json\/wp\/v2\/categories?post=412"},{"taxonomy":"post_tag","embeddable":true,"href":"https:\/\/blogsaverroes.juntadeandalucia.es\/eicruzdejuarez\/wp-json\/wp\/v2\/tags?post=412"}],"curies":[{"name":"wp","href":"https:\/\/api.w.org\/{rel}","templated":true}]}}